{"id":56273,"date":"2022-09-21T08:55:45","date_gmt":"2022-09-21T14:55:45","guid":{"rendered":"https:\/\/redsemlac.com\/semmexico\/?p=56273"},"modified":"2023-07-21T19:16:26","modified_gmt":"2023-07-22T00:16:26","slug":"iniciativa-para-fomentar-el-lenguaje-incluyente-no-sexista-en-guerrero-diputada-espinoza-garcia","status":"publish","type":"post","link":"https:\/\/redsemlac.com\/semmexico\/iniciativa-para-fomentar-el-lenguaje-incluyente-no-sexista-en-guerrero-diputada-espinoza-garcia\/","title":{"rendered":"Iniciativa para fomentar el lenguaje incluyente no sexista en Guerrero, diputada Espinoza Garc\u00eda"},"content":{"rendered":"\n<ul class=\"wp-block-list\"><li><strong>El lenguaje incluyente y no sexista es un medio para promover relaciones de respeto e igualdad entre los g\u00e9neros, visibilizar a las mujeres, prevenir la violencia y discriminaci\u00f3n contra cualquier persona.<\/strong><\/li><\/ul>\n\n\n\n<p class=\"wp-block-paragraph\"><strong>Josefina Aguilar Pastor<\/strong><\/p>\n\n\n\n<p class=\"wp-block-paragraph\">SemM\u00e9xico, Chilpancingo, Guerrero, 21 de septiembre del 2022.- Present\u00f3 la diputada local Ang\u00e9lica Espinoza Garc\u00eda, una propuesta de iniciativa para reformar la Constituci\u00f3n Pol\u00edtica del Estado de Guerrero, para incluir y fomentar el lenguaje incluyente no sexista y se integren denominaciones como: gobernadora, regidora, sindica, presidenta municipal, entre otras.<\/p>\n\n\n\n<p class=\"wp-block-paragraph\">En la sesi\u00f3n de este martes, la legisladora local, expuso que una de las formas m\u00e1s sutiles de transmitir esta discriminaci\u00f3n es a trav\u00e9s de la lengua, ya que \u00e9sta no es m\u00e1s que el reflejo de los valores, del pensamiento, de la sociedad que la crea y utiliza.&nbsp;<\/p>\n\n\n\n<p class=\"wp-block-paragraph\">\u201cNada de lo que decimos en cada momento de nuestra vida es neutro: todas las palabras tienen una lectura de g\u00e9nero. Existe un uso sexista de la lengua en la expresi\u00f3n oral y escrita -en las conversaciones informales y en los documentos oficiales- que transmite y refuerza relaciones asim\u00e9tricas, inequitativas y jer\u00e1rquicas que se dan entre los sexos en cada sociedad y que es utilizado en todos los \u00e1mbitos de la misma\u201d, se\u00f1al\u00f3 la legisladora.<\/p>\n\n\n\n<p class=\"wp-block-paragraph\">Dijo que a pesar de los avances legislativos y jur\u00eddicos en el reconocimiento de los derechos de las mujeres, en M\u00e9xico a\u00fan se tienen serios rezagos para lograr la garant\u00eda y el pleno ejercicio de dichas garant\u00edas, y una causa de ese rezago ha sido en muchos sectores y \u00e1mbitos de la vida cotidiana, el lenguaje sexista, excluyente y discriminador que se sigue utilizando, sin identificar que es el lenguaje la herramienta en la que se asienta la violencia.&nbsp;<\/p>\n\n\n\n<p class=\"wp-block-paragraph\">Desde hace algunos a\u00f1os se han ido modificando y elaborando leyes, reglamentos y normas en general, para incluir, como condici\u00f3n obligatoria en la construcci\u00f3n de la igualdad sustantiva, el uso incluyente y no sexista del lenguaje, considerado como el uso discriminatorio del lenguaje que se hace por raz\u00f3n de sexo, se\u00f1al\u00f3 que el lenguaje no es sexista en s\u00ed mismo, pero s\u00ed su utilizaci\u00f3n, si se utiliza correctamente, puede contribuir a la igualdad y a la visibilizaci\u00f3n de la mujer.<\/p>\n\n\n\n<p class=\"wp-block-paragraph\">\u201cEl lenguaje incluyente y no sexista es un medio para promover relaciones de respeto e igualdad entre los g\u00e9neros, visibilizar a las mujeres, y prevenir la violencia y discriminaci\u00f3n contra cualquier persona. Utilizar lenguaje incluyente y no sexista no va eliminar inmediatamente la desigualdad entre mujeres y hombres, pero M\u00e9xico y en particular el Estado de Guerrero tendr\u00eda un avance considerable en el lenguaje inclusivo en cuanto al g\u00e9nero, para efectos de que se atienda la manera de expresarse oralmente y por escrito sin discriminar a un sexo, g\u00e9nero o identidad de g\u00e9nero en particular y sin perpetuar estereotipos de g\u00e9nero\u201d, puntualiz\u00f3 Espinoza Garc\u00eda.<\/p>\n\n\n\n<p class=\"wp-block-paragraph\">Destac\u00f3 la necesidad de aclarar los falsos argumentos y afirmaciones sobre la confusi\u00f3n&nbsp; entre g\u00e9nero gramatical y sexo de las personas, a fin de no seguir ocultando y subordinando a las mujeres, ya que insisti\u00f3, el uso de un lenguaje sexista, reproductor de la asignaci\u00f3n de valores y capacidades o roles diferentes a hombres y mujeres en funci\u00f3n de su sexo, desvaloriza las actividades de las mujeres respecto a la de los hombres en relaci\u00f3n con lo que est\u00e1 bien o mal; expresado ello en cualquier palabra.<\/p>\n\n\n\n<p class=\"wp-block-paragraph\">Resalt\u00f3 la importancia de la inclusi\u00f3n de g\u00e9nero y no menospreciar a las mujeres. Record\u00f3 que Guerrero es conducido por una Gobernadora, quien debe de ser tomada en cuenta y no ser excluida la palabra Gobernadora, as\u00ed como legisladora, presidenta, sindica, regidora, entre otras. La iniciativa fue turnada a la Comisi\u00f3n de Estudios Constitucionales y Jur\u00eddicos.<\/p>\n\n\n\n<p class=\"wp-block-paragraph\">SEM\/MG<\/p>\n","protected":false},"excerpt":{"rendered":"<p>El lenguaje incluyente y no sexista es un medio para promover relaciones de respeto e igualdad entre los g\u00e9neros, visibilizar a las mujeres, prevenir la violencia y discriminaci\u00f3n contra cualquier persona.<\/p>\n","protected":false},"author":3,"featured_media":56274,"comment_status":"open","ping_status":"open","sticky":false,"template":"","format":"standard","meta":{"_monsterinsights_skip_tracking":false,"footnotes":""},"categories":[693,50],"tags":[144],"class_list":["post-56273","post","type-post","status-publish","format-standard","has-post-thumbnail","category-693","category-congreso","tag-guerrero"],"_links":{"self":[{"href":"https:\/\/redsemlac.com\/semmexico\/wp-json\/wp\/v2\/posts\/56273","targetHints":{"allow":["GET"]}}],"collection":[{"href":"https:\/\/redsemlac.com\/semmexico\/wp-json\/wp\/v2\/posts"}],"about":[{"href":"https:\/\/redsemlac.com\/semmexico\/wp-json\/wp\/v2\/types\/post"}],"author":[{"embeddable":true,"href":"https:\/\/redsemlac.com\/semmexico\/wp-json\/wp\/v2\/users\/3"}],"replies":[{"embeddable":true,"href":"https:\/\/redsemlac.com\/semmexico\/wp-json\/wp\/v2\/comments?post=56273"}],"version-history":[{"count":0,"href":"https:\/\/redsemlac.com\/semmexico\/wp-json\/wp\/v2\/posts\/56273\/revisions"}],"wp:featuredmedia":[{"embeddable":true,"href":"https:\/\/redsemlac.com\/semmexico\/wp-json\/wp\/v2\/media\/56274"}],"wp:attachment":[{"href":"https:\/\/redsemlac.com\/semmexico\/wp-json\/wp\/v2\/media?parent=56273"}],"wp:term":[{"taxonomy":"category","embeddable":true,"href":"https:\/\/redsemlac.com\/semmexico\/wp-json\/wp\/v2\/categories?post=56273"},{"taxonomy":"post_tag","embeddable":true,"href":"https:\/\/redsemlac.com\/semmexico\/wp-json\/wp\/v2\/tags?post=56273"}],"curies":[{"name":"wp","href":"https:\/\/api.w.org\/{rel}","templated":true}]}}