{"id":5618,"date":"2017-08-30T17:37:46","date_gmt":"2017-08-30T17:37:46","guid":{"rendered":"https:\/\/redsemlac.com\/semmexico\/?p=5618"},"modified":"2023-07-21T14:24:36","modified_gmt":"2023-07-21T19:24:36","slug":"lograr-la-verdad-la-justicia-y-la-reparacion-del-dano-demandan-miles-de-familias-de-desaparecidos","status":"publish","type":"post","link":"https:\/\/redsemlac.com\/semmexico\/lograr-la-verdad-la-justicia-y-la-reparacion-del-dano-demandan-miles-de-familias-de-desaparecidos\/","title":{"rendered":"\u201cLograr la verdad, la justicia y la reparaci\u00f3n del da\u00f1o\u201d demandan miles de familias de desaparecidos"},"content":{"rendered":"\n<p class=\"wp-block-paragraph\"><a href=\"https:\/\/www.semmexico.com\/gallery-post.php?id=2787#\">Redacci\u00f3n<\/a><\/p>\n\n\n\n<p class=\"wp-block-paragraph\">SemM\u00e9xico, Cd. de M\u00e9xico, 30 agosto 2017. Organismos de derechos humanos y 49 colectivos de familiares de personas desaparecidas en M\u00e9xico integrantes del \u201cMovimiento por Nuestros Desaparecidos en M\u00e9xico\u201d, exigieron a diputadas y diputados federales la aprobaci\u00f3n de la Ley General en Materia de Desaparici\u00f3n Forzada de Personas y la Desaparici\u00f3n de Personas Cometida por Particulares, del Sistema Nacional de B\u00fasqueda de Personas.<br><br>En el D\u00eda Internacional de las V\u00edctimas de Desapariciones Forzadas, que se conmemora el 30 de agosto de cada a\u00f1o, las familias, organizaciones e instancias solicitaron a la legislatura a dictaminar la minuta aprobada en abril pasado por el Senado de la Rep\u00fablica y dotarla de recursos suficientes para su implementaci\u00f3n.<br><br>As\u00ed, por primera vez se realiz\u00f3 un evento en el Palacio Legislativo de San L\u00e1zaro con diversas organizaciones sociales mexicanas e internacionales, relacionadas con la desaparici\u00f3n de personas, para conmemorar y honrar este D\u00eda Internacional.<br><br>Las organizaciones participantes pidieron a la legislatura que al iniciar el periodo ordinario de sesiones, el 1 de septiembre, apruebe la ley en la materia, con presupuesto para instrumentar dicha norma, por ejemplo, la creaci\u00f3n de la Comisi\u00f3n Nacional de B\u00fasqueda de Personas Desaparecidas, que se propone en la minuta.<br><br>Ismael Eslava P\u00e9rez, primer visitador de la Comisi\u00f3n Nacional de los Derechos Humanos (CNDH), se\u00f1al\u00f3 la necesidad de concluir ese proceso legislativo, para avanzar en la lucha contra la desaparici\u00f3n de personas, a fin de \u201clograr la verdad, la justicia y la reparaci\u00f3n del da\u00f1o\u201d, como lo demandan miles de familias de desaparecidos.<br><br>El funcionario urgi\u00f3 al Estado mexicano a que reconozca la competencia del Comit\u00e9 de la Organizaci\u00f3n de las Naciones Unidas (ONU) contra la Desaparici\u00f3n Forzada para recibir denuncias individuales.<br><br>SEM\/am\/lr<\/p>\n","protected":false},"excerpt":{"rendered":"<p>Redacci\u00f3n SemM\u00e9xico, Cd. de M\u00e9xico, 30 agosto 2017. Organismos de derechos humanos y 49 colectivos de familiares de personas desaparecidas en M\u00e9xico integrantes del \u201cMovimiento por Nuestros Desaparecidos en M\u00e9xico\u201d, exigieron a diputadas y diputados federales la aprobaci\u00f3n de la Ley General en Materia de Desaparici\u00f3n Forzada de Personas y la Desaparici\u00f3n de Personas Cometida [&hellip;]<\/p>\n","protected":false},"author":3,"featured_media":5619,"comment_status":"open","ping_status":"open","sticky":false,"template":"","format":"standard","meta":{"_monsterinsights_skip_tracking":false,"footnotes":""},"categories":[687,50],"tags":[],"class_list":["post-5618","post","type-post","status-publish","format-standard","has-post-thumbnail","category-687","category-congreso"],"_links":{"self":[{"href":"https:\/\/redsemlac.com\/semmexico\/wp-json\/wp\/v2\/posts\/5618","targetHints":{"allow":["GET"]}}],"collection":[{"href":"https:\/\/redsemlac.com\/semmexico\/wp-json\/wp\/v2\/posts"}],"about":[{"href":"https:\/\/redsemlac.com\/semmexico\/wp-json\/wp\/v2\/types\/post"}],"author":[{"embeddable":true,"href":"https:\/\/redsemlac.com\/semmexico\/wp-json\/wp\/v2\/users\/3"}],"replies":[{"embeddable":true,"href":"https:\/\/redsemlac.com\/semmexico\/wp-json\/wp\/v2\/comments?post=5618"}],"version-history":[{"count":0,"href":"https:\/\/redsemlac.com\/semmexico\/wp-json\/wp\/v2\/posts\/5618\/revisions"}],"wp:featuredmedia":[{"embeddable":true,"href":"https:\/\/redsemlac.com\/semmexico\/wp-json\/wp\/v2\/media\/5619"}],"wp:attachment":[{"href":"https:\/\/redsemlac.com\/semmexico\/wp-json\/wp\/v2\/media?parent=5618"}],"wp:term":[{"taxonomy":"category","embeddable":true,"href":"https:\/\/redsemlac.com\/semmexico\/wp-json\/wp\/v2\/categories?post=5618"},{"taxonomy":"post_tag","embeddable":true,"href":"https:\/\/redsemlac.com\/semmexico\/wp-json\/wp\/v2\/tags?post=5618"}],"curies":[{"name":"wp","href":"https:\/\/api.w.org\/{rel}","templated":true}]}}