{"id":56123,"date":"2022-09-18T11:40:45","date_gmt":"2022-09-18T17:40:45","guid":{"rendered":"https:\/\/redsemlac.com\/semmexico\/?p=56123"},"modified":"2023-07-21T19:14:12","modified_gmt":"2023-07-22T00:14:12","slug":"las-mujeres-la-gran-barrera-a-la-reeleccion-de-bolsonaro-en-brasil","status":"publish","type":"post","link":"https:\/\/redsemlac.com\/semmexico\/las-mujeres-la-gran-barrera-a-la-reeleccion-de-bolsonaro-en-brasil\/","title":{"rendered":"Las mujeres, la gran barrera a la reelecci\u00f3n de Bolsonaro en Brasil"},"content":{"rendered":"\n<p class=\"has-text-align-center has-small-font-size wp-block-paragraph\">Foto: Alberto C\u00e9sar Ara\u00fajo \/ Amaz\u00f4nia Real-Fotos P\u00fablicas<\/p>\n\n\n\n<p class=\"wp-block-paragraph\">Las mujeres han asumido el protagonismo en la defensa de la democracia y el rechazo al gobierno del ultraderechista Jair Bolsonaro<\/p>\n\n\n\n<p class=\"wp-block-paragraph\">Identifican claramente el machismo y agresiones a las mujeres, especialmente contra las periodistas, que se han destacado en la denuncia de las ilegalidades del bolsonarismo<\/p>\n\n\n\n<p class=\"wp-block-paragraph\"><strong>An\u00e1lisis<\/strong><\/p>\n\n\n\n<p class=\"wp-block-paragraph\">SemM\u00e9xico\/IPS, R\u00edo de Janeiro, Brasil, 18 de septiembre, 2022. \u2013 Las multitudinarias marchas de las mujeres brasile\u00f1as bajo la consigna #\u00c9lno no evitaron la elecci\u00f3n del presidente Jair Bolsonaro en 2018, pero ahora el electorado femenino parece decidido a impedir la reelecci\u00f3n del mandatario de extrema derecha.<\/p>\n\n\n\n<p class=\"wp-block-paragraph\">El antagonismo entre las mujeres y Bolsonaro aparece claramente en las encuestas sobre los comicios, cuya primera vuelta tendr\u00e1 lugar el 2 de octubre.<\/p>\n\n\n\n<p class=\"wp-block-paragraph\">El presidente obtuvo solo 29 % de las intenciones de votos entre las mujeres entrevistadas por el&nbsp;Instituto Datafolha&nbsp;del 13 al 15 de septiembre en todo el pa\u00eds, contra 46 por ciento del expresidente Luiz In\u00e1cio Lula da Silva (2003-2011), el candidato favorito y postulado por el izquierdista Partido de los Trabajadores&nbsp;(PT).<\/p>\n\n\n\n<p class=\"wp-block-paragraph\">Pero si las elecciones presidenciales de octubre fuesen solo entre los hombres, Bolsonaro tendr\u00eda la ventaja, por 44 por ciento frente a 37 por ciento. Como hay una mayor\u00eda femenina de 52 por ciento en el electorado de 156 millones de brasile\u00f1os, Lula cuenta con 45 por ciento del total de intenci\u00f3n de voto contra 33 por ciento de Bolsonaro.<\/p>\n\n\n\n<p class=\"wp-block-paragraph\">Ese desbalance siempre acompa\u00f1\u00f3 la carrera pol\u00edtica del actual presidente, considerado machista e incluso mis\u00f3gino por sus declaraciones y actuaciones.<\/p>\n\n\n\n<p class=\"wp-block-paragraph\">Su triunfo en 2018 se debi\u00f3 a una mayor\u00eda de 55 por ciento a 35 por ciento sobre el adversario Fernando Haddad, del PT, entre los hombres. Entre las mujeres hubo un virtual empate, seg\u00fan la encuesta del mismo Instituto Datafolha, hecha en las v\u00edsperas de la segunda vuelta electoral del 28 de octubre.<\/p>\n\n\n\n<p class=\"wp-block-paragraph\"><strong>Periodistas mujeres, blanco preferido<\/strong><\/p>\n\n\n\n<p class=\"wp-block-paragraph\">Un cap\u00edtulo especial de la permanente confrontaci\u00f3n de Bolsonaro con las mujeres sucede en el campo del periodismo. Periodistas han sufrido frecuentes agresiones verbales del presidente y sus seguidores.<\/p>\n\n\n\n<p class=\"wp-block-paragraph\">Vera Magalh\u00e3es, columnista del diario O Globo, editado en R\u00edo de Janeiro, y presentadora de un programa de entrevistas en la emisora&nbsp;TV Cultura, de S\u00e3o Paulo, es la \u00faltima v\u00edctima.<\/p>\n\n\n\n<p class=\"wp-block-paragraph\">Bolsonaro la tild\u00f3 de \u201cverg\u00fcenza para el periodismo brasile\u00f1o\u201d por haber hecho una pregunta sobre los da\u00f1os provocados por la \u201cdesinformaci\u00f3n sobre las vacunas difundida incluso por el presidente de la Rep\u00fablica\u201d, en un debate el televisivo el 28 de agosto entre los principales candidatos presidenciales, en S\u00e3o Paulo.<\/p>\n\n\n\n<p class=\"wp-block-paragraph\">Son \u201cacusaciones mentirosas\u201d, protest\u00f3 Bolsonaro, aunque intent\u00f3 de hecho boicotear la vacunaci\u00f3n contra la covid-19 a fines de 2020 y comienzos de 2021, neg\u00e1ndose a inmunizarse y propalando sospechas sobre la calidad de algunas vacunas y sus no probados efectos colaterales peligrosos.<\/p>\n\n\n\n<p class=\"wp-block-paragraph\">Un diputado bolsonarista, Douglas Garc\u00eda, repiti\u00f3 la agresi\u00f3n contra la periodista 16 d\u00edas despu\u00e9s, en otro debate electoral, en ese caso entre candidatos a la gobernaci\u00f3n del estado de S\u00e3o Paulo. Adem\u00e1s de \u201cverg\u00fcenza del periodismo\u201d, la acus\u00f3 de ganar un sueldo mensual de unos 96 000 d\u00f3lares en la TV Cultura, una imputaci\u00f3n desmentida desde antes y p\u00fablicamente.<\/p>\n\n\n\n<figure class=\"wp-block-image size-full\"><a href=\"https:\/\/redsemlac.com\/semmexico\/wp-content\/uploads\/2022\/09\/mujeres-brasil-02.jpg\"><img loading=\"lazy\" decoding=\"async\" width=\"720\" height=\"443\" src=\"https:\/\/redsemlac.com\/semmexico\/wp-content\/uploads\/2022\/09\/mujeres-brasil-02.jpg\" alt=\"\" class=\"wp-image-56124\"\/><\/a><\/figure>\n\n\n\n<p class=\"wp-block-paragraph\">Muchos actos electorales del expresidente Luiz In\u00e1cio Lula da Silva como candidato a la presidencia, se transmutan en manifestaciones por la democracia, como esta en S\u00e3o Paulo el 30 de agosto. Oponerse a la reelecci\u00f3n del presidente Jair Bolsonaro se convirti\u00f3 en acci\u00f3n por el estado de derecho democr\u00e1tico, que comandan las mujeres. Foto: Roberto Parizotti \/ Fotos P\u00fablicas<\/p>\n\n\n\n<p class=\"wp-block-paragraph\"><strong>Periodismo bajo fuego<\/strong><\/p>\n\n\n\n<p class=\"wp-block-paragraph\">Pero el objetivo no son solo ellas, los periodistas en general son un blanco frecuente de los ataques bolsonaristas.<\/p>\n\n\n\n<p class=\"wp-block-paragraph\">La&nbsp;Asociaci\u00f3n Brasile\u00f1a de Periodismo Investigativo&nbsp;(Abraji) identific\u00f3 801 cr\u00edticas y acusaciones contra el periodismo publicadas en las redes sociales, entre enero de 2021 y mayo de 2022, por Bolsonaro y sus tres hijos que est\u00e1n en la pol\u00edtica, un senador, un diputado y un concejal de R\u00edo de Janeiro.<\/p>\n\n\n\n<p class=\"wp-block-paragraph\">La Federaci\u00f3n Nacional de los Periodistas (Fenaj) tambi\u00e9n hizo su Informe sobre Violencia contra Periodistas y la Libertad de Prensa, en que se\u00f1ala 430 casos en 2021 y 428 en 2020, unos niveles r\u00e9cord desde que la organizaci\u00f3n sindical inici\u00f3 el monitoreo en los a\u00f1os 90.<\/p>\n\n\n\n<p class=\"wp-block-paragraph\">Censura, intento de desacreditar noticias y agresiones verbales son los principales actos de violencia. El presidente Bolsonaro es el agresor m\u00e1s frecuente, una actitud alarmante porque incita adeptos del l\u00edder a imitarlo.<\/p>\n\n\n\n<p class=\"wp-block-paragraph\"><strong>Las mujeres son las v\u00edctimas de los casos de mayor repercusi\u00f3n.<\/strong><\/p>\n\n\n\n<p class=\"wp-block-paragraph\">Patricia Campos Mello, reportera especial del diario Folha de S\u00e3o Paulo, sufri\u00f3 ataques persistentes desde las elecciones de 2018, por revelar la difusi\u00f3n masiva de noticias falsas y el uso del Whatsapp y otras redes por la campa\u00f1a electoral de Bolsonaro en una violaci\u00f3n de las reglas electorales.<\/p>\n\n\n\n<p class=\"wp-block-paragraph\">El bolsonarismo despleg\u00f3 una campa\u00f1a de difamaci\u00f3n e intimidaci\u00f3n contra la periodista, que relat\u00f3 su odisea y los mecanismos de desinformaci\u00f3n en el libro \u201cLa m\u00e1quina del odio\u201d.<\/p>\n\n\n\n<p class=\"wp-block-paragraph\">Bolsonaro lleg\u00f3 incluso a insinuar p\u00fablicamente que ella se prostituy\u00f3 para obtener informaciones. Por eso fue condenado por la justicia a indemnizarla por la ofensa y \u201cda\u00f1os morales\u201d, por una suma equivalente a 6700 d\u00f3lares.<\/p>\n\n\n\n<p class=\"wp-block-paragraph\">Miriam Leit\u00e3o, conocida columnista de econom\u00eda en O Globo, es otra v\u00edctima de ataques de la familia Bolsonaro. El presidente la acus\u00f3 de mentir en su testimonio sobre la prisi\u00f3n y torturas que sufri\u00f3 durante la dictadura militar, un hecho comprobado y tambi\u00e9n relatado en un libro.<\/p>\n\n\n\n<p class=\"wp-block-paragraph\">\u201cIdiota\u201d, \u201cignorante\u201d, \u201canalfabeta\u201d, \u201cporquer\u00eda de prensa\u201d y \u201cc\u00e1llate\u201d son algunos insultos que dirigi\u00f3 Bolsonaro a algunas periodistas que le hicieron preguntas inc\u00f3modas.<\/p>\n\n\n\n<figure class=\"wp-block-image size-full\"><a href=\"https:\/\/redsemlac.com\/semmexico\/wp-content\/uploads\/2022\/09\/mujeres-brasil-03.jpg\"><img loading=\"lazy\" decoding=\"async\" width=\"720\" height=\"480\" src=\"https:\/\/redsemlac.com\/semmexico\/wp-content\/uploads\/2022\/09\/mujeres-brasil-03.jpg\" alt=\"\" class=\"wp-image-56125\"\/><\/a><\/figure>\n\n\n\n<p class=\"wp-block-paragraph\">Las urnas electr\u00f3nicas est\u00e1n en el centro de la batalla por la democracia en Brasil. El presidente Jair Bolsonaro cuestiona la seguridad de ese sistema. Como respuesta, la justicia electoral realiza una campa\u00f1a informativa y ha invitado a instituciones nacionales e internacionales para certificar su calidad y fiabilidad. Foto: Alejandro Zambrana \/ TSE-Fotos P\u00fablicas<\/p>\n\n\n\n<p class=\"wp-block-paragraph\"><strong>Sospechas de corrupci\u00f3n<\/strong><\/p>\n\n\n\n<p class=\"wp-block-paragraph\">A Amanda Klein, periodista de la TV Jovem Pan, una emisora conocida por defender el gobierno, el presidente la llam\u00f3 \u201cliviana\u201d e intent\u00f3 desacreditarla mencionando aspectos de su vida personal, como tener \u201cun marido que vota por m\u00ed\u201d.<\/p>\n\n\n\n<p class=\"wp-block-paragraph\">Klein le hab\u00eda preguntado como la familia Bolsonaro hab\u00eda obtenido recursos para comprar 107 inmuebles desde los a\u00f1os 90, 51 de los cuales fueron pagados totalmente o parcialmente en dinero vivo.<\/p>\n\n\n\n<p class=\"wp-block-paragraph\">Se basaba en la revelaci\u00f3n de otra mujer periodista, Juliana Dal Piva, junto con su colega Thiago Herdy, en el portal de noticias UOL, el 30 de agosto. Desde entonces el presidente trata de eludir las explicaciones requeridas por pol\u00edticos opositores y periodistas.<\/p>\n\n\n\n<p class=\"wp-block-paragraph\">Corrupci\u00f3n y lavado de dinero ilegal son la sospecha inevitable, porque la informaci\u00f3n culmina a\u00f1os de noticias e investigaciones judiciales sobre negocios de fuerte apariencia&nbsp;irregular y un patrimonio dif\u00edcilmente justificable en un grupo familiar sin fuentes excepcionales de ingresos.<\/p>\n\n\n\n<p class=\"wp-block-paragraph\">La contrataci\u00f3n simulada de funcionarios en las oficinas de diputado o concejal, para adue\u00f1arse de sus supuestos sueldos, operaci\u00f3n conocida como \u201crachadinha\u201d (divisi\u00f3n, porque el falso funcionario solo se queda con una peque\u00f1a parte del sueldo), podr\u00eda ser la forma de acumulaci\u00f3n de la fortuna convertida en propiedades inmobiliarias de la familia.<\/p>\n\n\n\n<p class=\"wp-block-paragraph\">Investigaciones sobre ese y otros supuestos delitos fueron anuladas en la Justicia por irregularidades en la acci\u00f3n policial. Pero los hechos, testimonios de personas involucradas y abultadas sumas en moneda circulando en manos del grupo son irrefutables.<\/p>\n\n\n\n<p class=\"wp-block-paragraph\">La corrupci\u00f3n comprobada ser\u00eda un duro golpe en el intento de reelecci\u00f3n de Bolsonaro, que debe su ascenso pol\u00edtico a las denuncias de corrupci\u00f3n contra Lula, la izquierda y los pol\u00edticos en general.<\/p>\n\n\n\n<p class=\"wp-block-paragraph\">Por eso el periodismo y especialmente las mujeres que se destacan en esa profesi\u00f3n son encarados como enemigos por el bolsonarismo. Pero la forma como las trata el presidente y sus seguidores son tiros por la culata en t\u00e9rminos electorales.<\/p>\n\n\n\n<p class=\"wp-block-paragraph\">El gran rechazo femenino a la reelecci\u00f3n de Bolsonaro se intensifica a cada ataque machista o mis\u00f3gino. Sin aumentar sus votos en esa parte mayoritaria de la poblaci\u00f3n ser\u00e1 imposible un triunfo electoral cada d\u00eda m\u00e1s lejano.<\/p>\n\n\n\n<p class=\"wp-block-paragraph\">Adem\u00e1s, algunas medidas adoptadas por el gobierno, como facilitar la adquisici\u00f3n de armas por la poblaci\u00f3n, refuerzan la oposici\u00f3n femenina.<\/p>\n\n\n\n<p class=\"wp-block-paragraph\">La campa\u00f1a de la reelecci\u00f3n recurri\u00f3 a la primera dama, Michelle Bolsonaro, y su prestigio como creyente de la Iglesia evang\u00e9lica, en actos cotidianos junto al electorado en un intento por recuperar votos femeninos. Pero la estrategia no dio resultados hasta ahora, seg\u00fan las \u00faltimas encuestas.<\/p>\n","protected":false},"excerpt":{"rendered":"<p>Las mujeres han asumido el protagonismo en la defensa de la democracia y el rechazo al gobierno del ultraderechista Jair Bolsonaro<\/p>\n","protected":false},"author":3,"featured_media":56126,"comment_status":"open","ping_status":"open","sticky":false,"template":"","format":"standard","meta":{"_monsterinsights_skip_tracking":false,"footnotes":""},"categories":[693,53,64],"tags":[],"class_list":["post-56123","post","type-post","status-publish","format-standard","has-post-thumbnail","category-693","category-internacional","category-para-saber"],"_links":{"self":[{"href":"https:\/\/redsemlac.com\/semmexico\/wp-json\/wp\/v2\/posts\/56123","targetHints":{"allow":["GET"]}}],"collection":[{"href":"https:\/\/redsemlac.com\/semmexico\/wp-json\/wp\/v2\/posts"}],"about":[{"href":"https:\/\/redsemlac.com\/semmexico\/wp-json\/wp\/v2\/types\/post"}],"author":[{"embeddable":true,"href":"https:\/\/redsemlac.com\/semmexico\/wp-json\/wp\/v2\/users\/3"}],"replies":[{"embeddable":true,"href":"https:\/\/redsemlac.com\/semmexico\/wp-json\/wp\/v2\/comments?post=56123"}],"version-history":[{"count":0,"href":"https:\/\/redsemlac.com\/semmexico\/wp-json\/wp\/v2\/posts\/56123\/revisions"}],"wp:featuredmedia":[{"embeddable":true,"href":"https:\/\/redsemlac.com\/semmexico\/wp-json\/wp\/v2\/media\/56126"}],"wp:attachment":[{"href":"https:\/\/redsemlac.com\/semmexico\/wp-json\/wp\/v2\/media?parent=56123"}],"wp:term":[{"taxonomy":"category","embeddable":true,"href":"https:\/\/redsemlac.com\/semmexico\/wp-json\/wp\/v2\/categories?post=56123"},{"taxonomy":"post_tag","embeddable":true,"href":"https:\/\/redsemlac.com\/semmexico\/wp-json\/wp\/v2\/tags?post=56123"}],"curies":[{"name":"wp","href":"https:\/\/api.w.org\/{rel}","templated":true}]}}