{"id":55967,"date":"2022-09-13T06:44:53","date_gmt":"2022-09-13T12:44:53","guid":{"rendered":"https:\/\/redsemlac.com\/semmexico\/?p=55967"},"modified":"2023-07-21T19:14:17","modified_gmt":"2023-07-22T00:14:17","slug":"en-la-lxv-legislatura-se-han-presentado-72-iniciativas-con-perspectiva-de-genero-senala-ibd","status":"publish","type":"post","link":"https:\/\/redsemlac.com\/semmexico\/en-la-lxv-legislatura-se-han-presentado-72-iniciativas-con-perspectiva-de-genero-senala-ibd\/","title":{"rendered":"En la LXV Legislatura se han presentado 72 iniciativas con perspectiva de g\u00e9nero, se\u00f1ala IBD"},"content":{"rendered":"\n<ul class=\"wp-block-list\"><li><strong>Las iniciativas buscan combatir la desigualdad entre hombres y mujeres en salud, trabajo, econom\u00eda y educaci\u00f3n<\/strong><\/li><\/ul>\n\n\n\n<p class=\"wp-block-paragraph\"><strong>Micaela M\u00e1rquez<\/strong><\/p>\n\n\n\n<p class=\"wp-block-paragraph\">SemM\u00e9xico, Ciudad de M\u00e9xico, 13 de septiembre 2022.- En lo que va de la 65 Legislatura se han presentado 72 iniciativas en las C\u00e1maras del Congreso de la Uni\u00f3n en materia de juicios con perspectiva de g\u00e9nero, 9 de las cuales plantean reformas a la Constituci\u00f3n se\u00f1ala el estudio \u201cLa mujer ante la justicia. Juzgar con perspectiva de g\u00e9nero\u201d, elaborado por Mar\u00eda Cristina S\u00e1nchez Ram\u00edrez para el Instituto Belisario Dom\u00ednguez (IBD).<\/p>\n\n\n\n<p class=\"wp-block-paragraph\">En este marco, el estudio se\u00f1ala que las iniciativas buscan combatir la desigualdad que persiste entre hombres y mujeres, principalmente, tanto en materia de salud, laboral, financiera, educativo y para mejorar las condiciones de mujeres en reclusi\u00f3n.<\/p>\n\n\n\n<p class=\"wp-block-paragraph\">Tambi\u00e9n se busca redefinir el espacio p\u00fablico para que las mujeres, adolescentes y ni\u00f1as puedan transitar libremente sin miedo a la violencia y contar con medidas de contenci\u00f3n, prevenci\u00f3n y atenci\u00f3n a trav\u00e9s de las casas de asilo y de apoyo para las v\u00edctimas que incluye a los menores de edad.<\/p>\n\n\n\n<p class=\"wp-block-paragraph\">Del an\u00e1lisis de las iniciativas revela que el trabajo legislativo a trav\u00e9s de reformas, adiciones, y derogaciones se convierte en herramienta para combatir la discriminaci\u00f3n y limitaciones al desarrollo integral de las mujeres, y de los grupos y minor\u00edas en situaci\u00f3n de vulnerabilidad.<\/p>\n\n\n\n<p class=\"wp-block-paragraph\">Y el documento resume que juzgar implica para los \u00f3rganos jurisdiccionales dictar resoluciones apegadas a las normas legales, al an\u00e1lisis y valoraci\u00f3n de las pruebas, pero tambi\u00e9n alejarse de los estereotipos de g\u00e9nero y la discriminaci\u00f3n hacia las mujeres.<\/p>\n\n\n\n<p class=\"wp-block-paragraph\">As\u00ed como, reconocer la desigualdad que existe en las leyes, investigar, resolver y, en su caso, ordenar la reparaci\u00f3n del da\u00f1o todo con una perspectiva de g\u00e9nero.<\/p>\n\n\n\n<h2 class=\"wp-block-heading\"><strong>El trabajo de los congresos federal y estatales<\/strong><\/h2>\n\n\n\n<p class=\"wp-block-paragraph\">El siguiente paso, se\u00f1ala el estudio, le corresponde a los congresos federal y estatales para que cuando expidan leyes y normas se realicen desde la perspectiva de g\u00e9nero, y as\u00ed, sea posible implementar pol\u00edticas p\u00fablicas que logren disminuir la judicializaci\u00f3n de los derechos humanos y la igualdad est\u00e9 al alcance de todas las personas.<\/p>\n\n\n\n<p class=\"wp-block-paragraph\">Entre las conclusiones, destaca que, en el desarrollo del concepto de g\u00e9nero, para diferenciarlo de la concepci\u00f3n y estereotipos otorgados por la diferencia biol\u00f3gica entre hombres y mujeres, y refiere que lo anterior, ha sido resultado de las luchas feministas que buscan la igualdad en todos los derechos y las mismas oportunidades sin discriminaci\u00f3n para todas las personas.<\/p>\n\n\n\n<p class=\"wp-block-paragraph\">Por ello, precisa, la importancia de la cr\u00edtica feminista en su derecho para cuestionar las normas y leyes emitidas desde la visi\u00f3n patriarcal que han impedido el desarrollo libre e integral de todas las personas distintas a los estereotipos y creencias sobre los sexos, principalmente de las mujeres, adolescentes y ni\u00f1as quit\u00e1ndoles oportunidades educativas, econ\u00f3micas, laborales y de seguridad social.<\/p>\n\n\n\n<p class=\"wp-block-paragraph\">El documento del IBD detalla que los juicios con perspectiva de g\u00e9nero tienen sustento en la Convenci\u00f3n sobre la Eliminaci\u00f3n de todas las formas de Discriminaci\u00f3n contra la Mujer (CEDM) y la Convenci\u00f3n Interamericana para Prevenir, Sancionar y Erradicar la Violencia contra la Mujer (Bel\u00e9m do Par\u00e1). &nbsp;<\/p>\n\n\n\n<p class=\"wp-block-paragraph\">Adicionalmente, refiere que la Suprema Corte de Justicia de la Naci\u00f3n (SCJN) ha dictado fallos que reconocen el derecho de acceso a la justicia en condiciones de igualdad y, en 2013, elabor\u00f3 el \u201cProtocolo para Juzgar con Perspectiva de G\u00e9nero\u201d para atender las medidas de reparaci\u00f3n ordenadas por la Corte Interamericana de Derechos Humanos (CIDH), ante la gravedad y la sistematicidad de la violencia contra las mujeres en nuestro pa\u00eds.&nbsp;<\/p>\n\n\n\n<h2 class=\"wp-block-heading\"><strong>Iniciativas con perspectiva de G\u00e9nero<\/strong><\/h2>\n\n\n\n<p class=\"wp-block-paragraph\">De las 54 iniciativas presentadas en la C\u00e1mara de Diputados, 9 tiene como objetivo reformar la Constituci\u00f3n Pol\u00edtica.<\/p>\n\n\n\n<p class=\"wp-block-paragraph\">Tres de ellas proponen reformar los art\u00edculos 3, 20 y 116 constitucionales para incluir la educaci\u00f3n financiera en los planes de estudio con perspectiva de g\u00e9nero; garantizar en los procesos penales -que involucren ni\u00f1as, adolescentes o mujeres- la observaci\u00f3n de la aplicaci\u00f3n de perspectiva de g\u00e9nero; la eliminaci\u00f3n de estereotipos, prejuicios y sexismos que afecten el ejercicio o propicien la revictimizaci\u00f3n, desigualdad, injusticia o jerarquizaci\u00f3n y establecer que las constituciones de los Estados deber\u00e1n garantizar que las funciones de procuraci\u00f3n de justicia se realicen con base en el principio de perspectiva de g\u00e9nero.&nbsp;<\/p>\n\n\n\n<p class=\"wp-block-paragraph\">Otra de las iniciativas que reforma los art\u00edculos 73, 74 y 116 de la CPEUM con el objeto asignar facultades al H. Congreso de la Uni\u00f3n, as\u00ed como a las legislaturas de los Estados en materia de feminicidio, perspectiva de g\u00e9nero e igualdad y no discriminaci\u00f3n.<\/p>\n\n\n\n<p class=\"wp-block-paragraph\">Otra se refiere a promover, respetar, proteger y garantizar los derechos humanos de conformidad con el principio de progresividad y debiendo actuar con perspectiva de g\u00e9nero.<\/p>\n\n\n\n<p class=\"wp-block-paragraph\">Otras dos se refieren a modificar planes y programas de educaci\u00f3n con perspectiva de g\u00e9nero, y una propone modificar el art\u00edculo 1\u00ba de la Constituci\u00f3n Pol\u00edtica de los Estados Unidos Mexicanos se garantice el ejercicio de la igualdad sustantiva y la perspectiva de g\u00e9nero en todas las pol\u00edticas p\u00fablicas.<\/p>\n\n\n\n<h2 class=\"wp-block-heading\"><strong>Modificaciones a leyes<\/strong><\/h2>\n\n\n\n<p class=\"wp-block-paragraph\"><strong>Nueve<\/strong> iniciativas para modificar la <strong>Ley General de Acceso a las Mujeres a una Vida Libre de Violencia <\/strong>que van desde la atenci\u00f3n y protecci\u00f3n a v\u00edctimas, registro nacional de violentadores y agresores, crear casas de atenci\u00f3n a mujeres v\u00edctimas, violencia institucional, y protocolos de actuaci\u00f3n inmediata a las Alertas de Violencia de G\u00e9nero.<\/p>\n\n\n\n<p class=\"wp-block-paragraph\">Otras <strong>cinco<\/strong> iniciativas modifican la <strong>Ley General de Salud<\/strong> que van desde homologar la legislaci\u00f3n para el acceso a servicios m\u00e9dicos a mujeres que deciden la Interrupci\u00f3n Legal del Embarazo; prevenci\u00f3n y atenci\u00f3n a trastornos mentales; reconocer la perspectiva de g\u00e9nero en la objeci\u00f3n de conciencia hasta prevenir y atender el c\u00e1ncer de mama y el c\u00e1ncer cervicouterino en los servicios de salud, as\u00ed como dar atenci\u00f3n integral cuenten o no con seguridad social.<\/p>\n\n\n\n<p class=\"wp-block-paragraph\">En <strong>materia penal y de seguridad p\u00fablica<\/strong> se presentaron <strong>siete<\/strong> iniciativas, que van desde impulsar la perspectiva y la paridad de g\u00e9nero dentro de las instituciones de seguridad p\u00fablica a garantizar el acceso de productos de gesti\u00f3n menstrual para mujeres privadas de la libertad.<\/p>\n\n\n\n<p class=\"wp-block-paragraph\">As\u00ed como diversas disposiciones de la Ley Nacional de Ejecuci\u00f3n Penal en materia de derechos sexuales y reproductivos de mujeres dentro de los centros penitenciarios como la maternidad y la lactancia en condiciones dignas y salubres; pruebas gratuitas de VIH\/ SIDA; ex\u00e1menes para la detecci\u00f3n de c\u00e1ncer; acceso a m\u00e9todos anticonceptivos; espacios de cuidado de los menores; y acceso en igualdad de condiciones a instalaciones, dignas y seguras con separaci\u00f3n acorde a su situaci\u00f3n jur\u00eddica.<\/p>\n\n\n\n<p class=\"wp-block-paragraph\">Una iniciativa para modificar la Ley del Servicio Exterior Mexicano que tiene por objeto determinar que los jefes de oficinas consulares desarrollar\u00e1n un protocolo de asesor\u00eda jur\u00eddica y atenci\u00f3n integral a personas mexicanas que hayan sufrido violencia sexual en el extranjero.<\/p>\n\n\n\n<p class=\"wp-block-paragraph\">En <strong>materia econ\u00f3mica y laboral<\/strong>, hay <strong>diez<\/strong> propuestas de iniciativas que van desde destinar mayores recursos a las entidades para prevenir y atender el delito de feminicidio, permiso menstrual y acceso a productos menstruales gratuitos hasta impulsar igualdad de oportunidades para mujeres y j\u00f3venes en el mercado laboral.&nbsp;<\/p>\n\n\n\n<p class=\"wp-block-paragraph\">Establecer la perspectiva de g\u00e9nero en la planeaci\u00f3n, programaci\u00f3n y presupuestario de los recursos p\u00fablicos e impulsar programas anuales para la certificaci\u00f3n de competencias laborales con perspectiva de g\u00e9nero de los servidores p\u00fablicos municipales, as\u00ed como incorporar conceptos de lenguaje incluyente en la norma para garantizar la igualdad y perspectiva de g\u00e9nero y reconocer la interseccionalidad.<\/p>\n\n\n\n<p class=\"wp-block-paragraph\">En <strong>materia social y de inclusi\u00f3n<\/strong> de personas en situaci\u00f3n de vulnerabilidad se encontraron <strong>once<\/strong> reformas para distintas legislaciones. Desde la Ley General de los Derechos de Ni\u00f1as, Ni\u00f1os y Adolescentes para que todas las acciones tengan perspectiva de g\u00e9nero, hasta disposiciones de la Ley Agraria para garantizar la igualdad sustantiva y perspectiva de g\u00e9nero de las mujeres que viven en comunidades rurales, personas mayores ind\u00edgenas con discapacidad y programas de movilidad. e incorporar conceptos de lenguaje incluyente.<\/p>\n\n\n\n<p class=\"wp-block-paragraph\">Hasta establecer servicio militar obligatorio para mujeres, acceso a viviendas e indicadores poblacionales con perspectiva de genero a fin de generar pol\u00edticas publicas que resuelvan problemas de violencia de g\u00e9nero, maternidad y paternidad. &nbsp;<\/p>\n\n\n\n<p class=\"wp-block-paragraph\">En <strong>materia educativa<\/strong> se propone, en <strong>tres<\/strong> iniciativas, modificar la Ley General de Educaci\u00f3n durante la educaci\u00f3n b\u00e1sica se fomenten libros y lecturas en los libros de texto, la igualdad de g\u00e9nero y perspectiva de g\u00e9nero, con base al empoderamiento de la mujer para combatir el machismo, la violencia y la gran brecha de desigualdad:<\/p>\n\n\n\n<h2 class=\"wp-block-heading\"><strong>C\u00e1mara de Senadores<\/strong><\/h2>\n\n\n\n<p class=\"wp-block-paragraph\">Las modificaciones que se proponen a las <strong>normas penales<\/strong> son el acceso a las mujeres a la higiene menstrual y medicamentos gratuitos y suficientes para el periodo menstrual en los centros penitenciarios y centros laborales. Modificaciones a la Ley General para Prevenir, Sancionar y Erradicar los Delitos en materia de Trata de Personas y para la Protecci\u00f3n y Asistencia a las V\u00edctimas de estos Delitos, as\u00ed como garantizar el desarrollo de los hijos de las mujeres que han sido sentenciadas a cumplir una pena en los centros penitenciarios.<\/p>\n\n\n\n<p class=\"wp-block-paragraph\">En la <strong>rama administrativa<\/strong> las propuestas que se presentaron fueron, capacitaci\u00f3n sobre perspectiva de g\u00e9nero por medio del Servicio Profesional de Carrera Migratoria.<\/p>\n\n\n\n<p class=\"wp-block-paragraph\">A la Ley General de Responsabilidades Administrativa se propone utilizar la perspectiva de g\u00e9nero en la investigaci\u00f3n que se realice de los hechos de hostigamiento o acoso sexual, as\u00ed como en la imposici\u00f3n de su sanci\u00f3n. Garantizar que las contrataciones, adquisiciones y arrendamientos del Estado se realicen mediante proveedores sociales, salarialmente responsables y con perspectiva, as\u00ed como tambi\u00e9n en la elaboraci\u00f3n de proyectos de declaratoria de Zonas de Desarrollo Tur\u00edstico Sustentable<\/p>\n\n\n\n<p class=\"wp-block-paragraph\">En<strong> salud, educaci\u00f3n y desarrollo social<\/strong>, se encontr\u00f3 modificaciones a la Ley General de Salud para relativos a la objeci\u00f3n de conciencia para que no haya discriminaci\u00f3n a la libertad de pensamiento. Proteger a las prestadoras de servicios de salud contra una vulnerabilidad con motivo de una discriminaci\u00f3n m\u00faltiple, en raz\u00f3n de su g\u00e9nero, su derecho a ejercer la maternidad o una posible afectaci\u00f3n a su libertad de trabajo.<\/p>\n\n\n\n<p class=\"wp-block-paragraph\">Acceso igualitario de las mujeres jefas de familia, madres solteras y mujeres que tiene bajo su cuidado a menores de edad, a los programas de desarrollo social<\/p>\n\n\n\n<p class=\"wp-block-paragraph\">Garantizar el desarrollo y el acceso a la educaci\u00f3n en igualdad para las personas en situaci\u00f3n de discapacidad en sus diferentes tipos en las instituciones de educaci\u00f3n superior.<\/p>\n\n\n\n<p class=\"wp-block-paragraph\">Se\u00f1alar que las autoridades federales responsables de las procuraci\u00f3n y administraci\u00f3n de justicia, incluyendo las agrarias y laborales, garantizar\u00e1n que en los juicios y procedimientos las personas ind\u00edgenas sean asistidas gratuitamente, en todo momento, por int\u00e9rpretes y defensores debidamente registrados en el Padr\u00f3n.<\/p>\n\n\n\n<p class=\"wp-block-paragraph\">En el <strong>campo financiero y crediticio<\/strong>, se encuentran las propuestas de reformas: Establecer que las sociedades an\u00f3nimas burs\u00e1tiles podr\u00e1n optar por la perspectiva de g\u00e9nero en la integraci\u00f3n de sus Consejos de Administraci\u00f3n. As\u00ed como adoptar la perspectiva de g\u00e9nero para promover la igualdad sustantiva a trav\u00e9s de productos y servicios financieros.<\/p>\n\n\n\n<p class=\"wp-block-paragraph\">Dos iniciativas que modifican la <strong>Ley General de Acceso a las Mujeres a Vida Libre de Violencia<\/strong> para favorecer la autonom\u00eda de las mujeres y otra para definir y prohibir la violencia a trav\u00e9s de interp\u00f3sita persona.<\/p>\n\n\n\n<p class=\"wp-block-paragraph\">SEM\/MG<\/p>\n","protected":false},"excerpt":{"rendered":"<p>Las iniciativas buscan combatir la desigualdad entre hombres y mujeres en salud, trabajo, econom\u00eda y educaci\u00f3n<\/p>\n","protected":false},"author":3,"featured_media":55968,"comment_status":"open","ping_status":"open","sticky":false,"template":"","format":"standard","meta":{"_monsterinsights_skip_tracking":false,"footnotes":""},"categories":[693,50],"tags":[],"class_list":["post-55967","post","type-post","status-publish","format-standard","has-post-thumbnail","category-693","category-congreso"],"_links":{"self":[{"href":"https:\/\/redsemlac.com\/semmexico\/wp-json\/wp\/v2\/posts\/55967","targetHints":{"allow":["GET"]}}],"collection":[{"href":"https:\/\/redsemlac.com\/semmexico\/wp-json\/wp\/v2\/posts"}],"about":[{"href":"https:\/\/redsemlac.com\/semmexico\/wp-json\/wp\/v2\/types\/post"}],"author":[{"embeddable":true,"href":"https:\/\/redsemlac.com\/semmexico\/wp-json\/wp\/v2\/users\/3"}],"replies":[{"embeddable":true,"href":"https:\/\/redsemlac.com\/semmexico\/wp-json\/wp\/v2\/comments?post=55967"}],"version-history":[{"count":0,"href":"https:\/\/redsemlac.com\/semmexico\/wp-json\/wp\/v2\/posts\/55967\/revisions"}],"wp:featuredmedia":[{"embeddable":true,"href":"https:\/\/redsemlac.com\/semmexico\/wp-json\/wp\/v2\/media\/55968"}],"wp:attachment":[{"href":"https:\/\/redsemlac.com\/semmexico\/wp-json\/wp\/v2\/media?parent=55967"}],"wp:term":[{"taxonomy":"category","embeddable":true,"href":"https:\/\/redsemlac.com\/semmexico\/wp-json\/wp\/v2\/categories?post=55967"},{"taxonomy":"post_tag","embeddable":true,"href":"https:\/\/redsemlac.com\/semmexico\/wp-json\/wp\/v2\/tags?post=55967"}],"curies":[{"name":"wp","href":"https:\/\/api.w.org\/{rel}","templated":true}]}}