{"id":55948,"date":"2022-09-12T15:38:41","date_gmt":"2022-09-12T21:38:41","guid":{"rendered":"https:\/\/redsemlac.com\/semmexico\/?p=55948"},"modified":"2023-07-21T19:14:18","modified_gmt":"2023-07-22T00:14:18","slug":"el-presupuesto-de-egresos-de-la-federacion-vuelve-a-eliminar-la-politica-de-genero","status":"publish","type":"post","link":"https:\/\/redsemlac.com\/semmexico\/el-presupuesto-de-egresos-de-la-federacion-vuelve-a-eliminar-la-politica-de-genero\/","title":{"rendered":"El Presupuesto de Egresos de la Federaci\u00f3n, vuelve a eliminar la pol\u00edtica de g\u00e9nero"},"content":{"rendered":"\n<ul class=\"wp-block-list\"><li><strong>Habla de un incremento para el gasto espec\u00edfico para las mujeres, pero es enga\u00f1oso y m\u00ednimo para acciones afirmativas<\/strong><\/li><li><strong>5\u00aa Jornada Abolicionista de la Alianza de Redes Feministas<\/strong><\/li><\/ul>\n\n\n\n<p class=\"wp-block-paragraph\"><strong>Elda Montiel<\/strong><\/p>\n\n\n\n<p class=\"wp-block-paragraph\">SemM\u00e9xico, Ciudad de M\u00e9xico, 12 de septiembre del 2022.- La especialista en gobernanza y presupuestos, Mar\u00eda de la Luz Machiavello Salinas, en el an\u00e1lisis colectivo del Bufete de Estudios, Pensadoras Urbanas, y M\u00e9rida Feminista, en el marco de la 5\u00aa Jornada Abolicionista \u201cMedios de Comunicaci\u00f3n y Presupuestos\u201d dio a conocer el incremento de 34 por ciento en el Anexo 13 en el Presupuesto de Egresos de la Federaci\u00f3n PEF 2023, creado para la igualdad entre mujeres y hombres, solamente contiene el gasto corriente del Instituto Nacional de las Mujeres INMUJERES, y todo lo dem\u00e1s es \u201cuniversal\u201d y no espec\u00edfico para las mujeres, como era su funci\u00f3n.<\/p>\n\n\n\n<p class=\"wp-block-paragraph\">Adem\u00e1s, desaparece el programa Fortalecimiento a la Transversalidad de la Perspectiva de G\u00e9nero que era un recurso para los institutos estatales y municipales de las mujeres y lo sustituye uno denominado, Programa para el Adelanto, Bienestar e Igualdad de las Mujeres que no se tiene idea de c\u00f3mo funcionar\u00e1, as\u00ed se dio a conocer en el evento organizado por la Alianza de Redes Feministas Nacionales.<\/p>\n\n\n\n<p class=\"wp-block-paragraph\">En tanto, la economista Alejandra Rojas P\u00e9rez afirm\u00f3 que el Anexo 13 donde se asigna el recurso para las mujeres, un tema transversal, \u201cno es una concesi\u00f3n ni nos est\u00e1n haciendo un favor, es una obligaci\u00f3n del Estado\u201d.<\/p>\n\n\n\n<p class=\"wp-block-paragraph\">Explic\u00f3 que de acuerdo a las obligaciones del Estado en materia de Derechos Humanos se tienen que tomar medidas progresivas, t\u00e9cnicas y econ\u00f3micas para que haya recursos disponibles para las necesidades espec\u00edficas para las mujeres.<\/p>\n\n\n\n<p class=\"wp-block-paragraph\">Agreg\u00f3 que este Anexo es muy vol\u00e1til, desde hace 3 a\u00f1os, siempre quieren meter programas que no tienen perspectiva de g\u00e9nero. Tambi\u00e9n se\u00f1al\u00f3 que el Plan Nacional de Desarrollo ignora toda la tarea transversal en materia de igualdad.<\/p>\n\n\n\n<p class=\"wp-block-paragraph\">Coincidieron ambas especialistas que los indicadores del INMUJERES no son verificables porque no existe lista de registro o cuantas mujeres fueron beneficiadas, ya que se basan en el Sistema de Indicadores de G\u00e9nero\u201d (SIG) que se toman&nbsp; de las encuestas generadas por el INEGI como la Encuesta Nacional sobre la Din\u00e1mica de las Relaciones en los Hogares ENDIREH, la Encuesta Nacional de la Din\u00e1mica Demogr\u00e1fica ENADIT, la Encuesta Nacional de Ocupaci\u00f3n y Empleo ENOE, Encuesta Nacional sobre Uso del Tiempo&nbsp; ENUT o la Encuesta Nacional de Ingresos y Gastos de los Hogares ENGH.<\/p>\n\n\n\n<p class=\"wp-block-paragraph\">As\u00ed que no se puede tener certeza de la eficiencia de los recursos aplicados a las 453 acciones, de las cuales 358 acciones \u2013dicen- son de igualdad de g\u00e9nero, 62 de violencia de g\u00e9nero y 33 de erradicaci\u00f3n de la violencia.&nbsp;<\/p>\n\n\n\n<p class=\"wp-block-paragraph\">Se explic\u00f3 que el PEF es el documento jur\u00eddico y financiero que establece las erogaciones o gasto, que realizar\u00e1 el gobierno federal entre el 1 de enero al 31 de diciembre de cada a\u00f1o. Incluye 48 ramos igual que del PEF de 2022.<\/p>\n\n\n\n<p class=\"wp-block-paragraph\">El Anexo 13, creado al impulso de las feministas, fue para asignar recursos para las acciones afirmativas que contiene programas y acciones estrat\u00e9gicas que contribuyan a acelerar el paso hacia la igualdad sustantiva.<\/p>\n\n\n\n<h2 class=\"wp-block-heading\"><strong>Incremento del 34 por ciento a erogaciones para la igualdad entre mujeres y hombres<\/strong><\/h2>\n\n\n\n<p class=\"wp-block-paragraph\">Machiavello Salinas detall\u00f3 que las \u201cErogaciones para la Igualdad entre mujeres y hombres\u201d en 2022 fue de 259 mil, 099, millones 634 mil, 092, con 154 centavos y en el PEF 2023 es de 346 mil 077millones, 017 mil, 893 pesos, un incremento del 34 por ciento. El \u00fanico rubro claro para las necesidades espec\u00edficas de las mujeres, es el destinado a gasto corriente de Inmujeres, es decir para que funcione esa instituci\u00f3n, rectora de la pol\u00edtica de g\u00e9nero, como sueldos, aguinaldos, vi\u00e1ticos, mantenimiento, papeler\u00eda, etc\u00e9tera, y no para beneficiar a las mujeres, s\u00f3lo a las que trabajan en el Instituto.<\/p>\n\n\n\n<p class=\"wp-block-paragraph\">Tambi\u00e9n dijo que en la Plataforma de Transparencia de acuerdo a los Objetivos de Desarrollo Sostenible (ODS) 5 que dice \u201cLograr la Igualdad entre los g\u00e9neros y empoderar a todas las mujeres y las ni\u00f1as\u201d presenta 69 vinculaciones con las metas y se distribuyen en 18 ramos. La Mayor\u00eda de las vinculaciones est\u00e1n en el ramo 47 de entidades no sectorizadas.<\/p>\n\n\n\n<p class=\"wp-block-paragraph\">Hay 3 unidades que se consideran en el Anexo 13, una es el INMUJERES, con sede en la CDMX, en el 2022 recibi\u00f3 el 4.5% de los recursos destinados para este ramo. Es de notar que los recursos en el Corredor del Istmo, equivale al 52.2 % del total del recurso de este ramo, lo que es un gran indicador que los intereses del gobierno son las obras de infraestructura y no la perspectiva de g\u00e9nero.<\/p>\n\n\n\n<p class=\"wp-block-paragraph\">Tambi\u00e9n destac\u00f3 que el INMUJERES depende 100 por ciento del recurso del Anexo 13, mientras que el Instituto Nacional de Pueblos Ind\u00edgenas INPI recibe el 4.48 % y la Comisi\u00f3n Ejecutiva de Atenci\u00f3n a V\u00edctimas recibe el 8 por ciento de su recurso.<\/p>\n\n\n\n<p class=\"wp-block-paragraph\">Enfatizo que en el PEF 2023 el Fortalecimiento de la Transversalidad de la Perspectiva de G\u00e9nero no aparece, mientras que este a\u00f1o recibi\u00f3 cada estado de la Rep\u00fablica 11 millones 759 mil 250 pesos, pero para el 2023 ya no aparece en Ramo 47 y aparece otro, el Programa para el Adelanto, Bienestar e Igualdad de las Mujeres.<\/p>\n\n\n\n<p class=\"wp-block-paragraph\">Al respecto mencion\u00f3 que existen municipios como en el caso de Yucat\u00e1n que el Instituto de la Mujer funciona con recursos propios. En Oaxaca el recurso lo dispersa en todos los municipios, es decir son distintas formas de ejercer el recurso.<\/p>\n\n\n\n<p class=\"wp-block-paragraph\">En general observ\u00f3 que se increment\u00f3 en 23 por ciento para 2023 con respecto al 2022, el de la transversalidad, entre los que destaca el ya mencionado increment\u00f3 del 34 por ciento el Anexo 13 erogaciones para la igualdad entre mujeres y hombres.<\/p>\n\n\n\n<p class=\"wp-block-paragraph\">Se incrementa el 90 por ciento el monto del Anexo Transversal Anticorrupci\u00f3n, Anexo 31.<\/p>\n\n\n\n<p class=\"wp-block-paragraph\">Se incrementa el 182 por ciento el Anexo 16 Recursos para la adaptaci\u00f3n y mitigaci\u00f3n de los efectos del cambio clim\u00e1tico (es mucho dijo a su parecer.).<\/p>\n\n\n\n<p class=\"wp-block-paragraph\">Se incrementa el 41 por ciento las \u201cAcciones para la prevenci\u00f3n del delito, combate a las adicciones, rescate de espacios p\u00fablicos y promoci\u00f3n de proyectos productivos\u201d. Anexo 41<\/p>\n\n\n\n<p class=\"wp-block-paragraph\">Se incrementa el 48 por ciento los Recursos para la atenci\u00f3n de grupos vulnerables. Anexo 14&nbsp;<\/p>\n\n\n\n<p class=\"wp-block-paragraph\">Lo importante, dijo Machiavello Salinas, es ver c\u00f3mo se hace la asignaci\u00f3n de recursos, a manera de comparaci\u00f3n se refiri\u00f3 al Ramo 20 ya desaparecido del INDESOL, en el que el PAIMEFF que era el programa de apoyo a las mujeres en las entidades federativas ten\u00eda el 36.2 % del presupuesto Total del INDESOL.<\/p>\n\n\n\n<p class=\"wp-block-paragraph\">El programa para refugios especializados para mujeres representa el 52.7%, comparado con el 100 por ciento del a\u00f1o pasado.<\/p>\n\n\n\n<p class=\"wp-block-paragraph\">Este a\u00f1o la Secretar\u00eda del Bienestar recibi\u00f3 299 mil 315 millones, 515 mil, 989 pesos, de ello el INDESOL recibi\u00f3 apenas el 27 por ciento.<\/p>\n\n\n\n<p class=\"wp-block-paragraph\">El Programa de Apoyo a las Instancias de Mujeres en las Entidades Federativas PAIMEFF recibi\u00f3 de esa cantidad solo el .10 por ciento, los refugios especializados solo el 14 por ciento.<\/p>\n\n\n\n<p class=\"wp-block-paragraph\">La especialista se\u00f1alo que estos programas eran vitales y agreg\u00f3 que se sabe respecto al PAIMEFF que se va al CONAVIM, pero como se cambi\u00f3 a principios del 2022 no se pudo ejercer los millones, seguramente se canalizaron a otro proyecto de car\u00e1cter administrativo.<\/p>\n\n\n\n<p class=\"wp-block-paragraph\">Finalmente, explic\u00f3 que el an\u00e1lisis se bas\u00f3 en el proyecto de propuesta del PEF 2023 que entro al Congreso, ser\u00e1 discutido y probablemente modificado, y regresado a la Secretar\u00eda de Hacienda para su aplicaci\u00f3n, aunque no siempre con las propuestas realizadas.<\/p>\n\n\n\n<p class=\"wp-block-paragraph\">Cabe recordar que el objetivo de las \u201cJornadas Vindicaciones Feministas, Hablemos de los Siete Ejes de Opresi\u00f3n contra las Mujeres\u201d es visibilizar las diversas violencias que vivimos las mujeres a nivel nacional en un contexto en que \u00e9stas se han exacerbado por el estado de emergencia nacional, la pandemia de Covid 19, algunas decisiones de la administraci\u00f3n federal, la confusi\u00f3n y el uso incorrecto institucional de las categor\u00edas sexo y g\u00e9nero en marcos legales. Estas actividades se han realizado mensualmente, desde mayo del presente a\u00f1o y concluyen este mes de septiembre.<\/p>\n\n\n\n<p class=\"wp-block-paragraph\">Las integrantes de la Alianza de Redes Feministas Nacionales son: Frente Feminista Nacional, Red Nacional de Alertistas, Mira-Pensadoras Urbanas, Las Constituyentes MX Feministas, Nosotras Tenemos Otros Datos, Declaraci\u00f3n Internacional de las Mujeres, Frente Nacional Abolicionista Feminista, Frente Nacional de Lesbianas Feministas, Movimiento L\u00e9sbico Feminista Abolicionista Mexicano.<\/p>\n\n\n\n<figure class=\"wp-block-gallery has-nested-images columns-2 is-cropped wp-block-gallery-1 is-layout-flex wp-block-gallery-is-layout-flex\">\n<figure class=\"wp-block-image size-large\"><a href=\"https:\/\/redsemlac.com\/semmexico\/wp-content\/uploads\/2022\/09\/Logo_B_V.png\"><img decoding=\"async\" data-id=\"55951\" src=\"https:\/\/redsemlac.com\/semmexico\/wp-content\/uploads\/2022\/09\/Logo_B_V-1024x996.png\" alt=\"\" class=\"wp-image-55951\"\/><\/a><\/figure>\n\n\n\n<figure class=\"wp-block-image size-large\"><a href=\"https:\/\/redsemlac.com\/semmexico\/wp-content\/uploads\/2022\/09\/WhatsApp-Image-2022-09-12-at-3.36.23-PM.jpeg\"><img loading=\"lazy\" decoding=\"async\" width=\"413\" height=\"412\" data-id=\"55950\" src=\"https:\/\/redsemlac.com\/semmexico\/wp-content\/uploads\/2022\/09\/WhatsApp-Image-2022-09-12-at-3.36.23-PM.jpeg\" alt=\"\" class=\"wp-image-55950\"\/><\/a><\/figure>\n\n\n\n<figure class=\"wp-block-image size-large\"><a href=\"https:\/\/redsemlac.com\/semmexico\/wp-content\/uploads\/2022\/09\/WhatsApp-Image-2022-09-12-at-3.36.32-PM.jpeg\"><img loading=\"lazy\" decoding=\"async\" width=\"722\" height=\"301\" data-id=\"55949\" src=\"https:\/\/redsemlac.com\/semmexico\/wp-content\/uploads\/2022\/09\/WhatsApp-Image-2022-09-12-at-3.36.32-PM.jpeg\" alt=\"\" class=\"wp-image-55949\"\/><\/a><\/figure>\n<\/figure>\n","protected":false},"excerpt":{"rendered":"<p>Habla de un incremento para el gasto espec\u00edfico para las mujeres, pero es enga\u00f1oso y m\u00ednimo para acciones afirmativas<\/p>\n","protected":false},"author":3,"featured_media":55952,"comment_status":"open","ping_status":"open","sticky":false,"template":"","format":"standard","meta":{"_monsterinsights_skip_tracking":false,"footnotes":""},"categories":[693,54],"tags":[],"class_list":["post-55948","post","type-post","status-publish","format-standard","has-post-thumbnail","category-693","category-mujeres"],"_links":{"self":[{"href":"https:\/\/redsemlac.com\/semmexico\/wp-json\/wp\/v2\/posts\/55948","targetHints":{"allow":["GET"]}}],"collection":[{"href":"https:\/\/redsemlac.com\/semmexico\/wp-json\/wp\/v2\/posts"}],"about":[{"href":"https:\/\/redsemlac.com\/semmexico\/wp-json\/wp\/v2\/types\/post"}],"author":[{"embeddable":true,"href":"https:\/\/redsemlac.com\/semmexico\/wp-json\/wp\/v2\/users\/3"}],"replies":[{"embeddable":true,"href":"https:\/\/redsemlac.com\/semmexico\/wp-json\/wp\/v2\/comments?post=55948"}],"version-history":[{"count":0,"href":"https:\/\/redsemlac.com\/semmexico\/wp-json\/wp\/v2\/posts\/55948\/revisions"}],"wp:featuredmedia":[{"embeddable":true,"href":"https:\/\/redsemlac.com\/semmexico\/wp-json\/wp\/v2\/media\/55952"}],"wp:attachment":[{"href":"https:\/\/redsemlac.com\/semmexico\/wp-json\/wp\/v2\/media?parent=55948"}],"wp:term":[{"taxonomy":"category","embeddable":true,"href":"https:\/\/redsemlac.com\/semmexico\/wp-json\/wp\/v2\/categories?post=55948"},{"taxonomy":"post_tag","embeddable":true,"href":"https:\/\/redsemlac.com\/semmexico\/wp-json\/wp\/v2\/tags?post=55948"}],"curies":[{"name":"wp","href":"https:\/\/api.w.org\/{rel}","templated":true}]}}