{"id":55945,"date":"2022-09-12T15:24:21","date_gmt":"2022-09-12T21:24:21","guid":{"rendered":"https:\/\/redsemlac.com\/semmexico\/?p=55945"},"modified":"2023-07-21T19:14:18","modified_gmt":"2023-07-22T00:14:18","slug":"mujeres-y-politica-violencia-con-uniforme","status":"publish","type":"post","link":"https:\/\/redsemlac.com\/semmexico\/mujeres-y-politica-violencia-con-uniforme\/","title":{"rendered":"Mujeres y Pol\u00edtica| Violencia con uniforme"},"content":{"rendered":"\n<p class=\"wp-block-paragraph\"><strong>Soledad Jarqu\u00edn Edgar<\/strong><\/p>\n\n\n\n<p class=\"wp-block-paragraph\">SemM\u00e9xico, Oaxaca, 12 de septiembre, 2022.- \u201cLa madrugada del&nbsp;11 de julio de 2006, la vida cambi\u00f3 en el municipio de Casta\u00f1os, en la zona central de Coahuila. Elementos del Ej\u00e9rcito mexicano entraron a la zona de tolerancia y violaron a 14 mujeres.&nbsp;La historia de violencia ejercida por militares contra mujeres, principalmente ind\u00edgenas y pobres, se ha repetido a lo largo de la historia de M\u00e9xico y, sin embargo, s\u00f3lo unos cuantos casos se empezaron a documentar, como la violaci\u00f3n contra tres ni\u00f1as ind\u00edgenas de Chiapas en 1994, cuyo caso fue llevado ante la Comisi\u00f3n Interamericana de Derechos Humanos\u201d.<\/p>\n\n\n\n<p class=\"wp-block-paragraph\">El anterior es el primer p\u00e1rrafo de un texto presentado por la que escribe hace 13 a\u00f1os en la Universidad de San Diego California, Estados Unidos, durante la conferencia <em>Construyendo la seguridad humana en un mundo inseguro <\/em><em>Joan B. Kroc Institute for Peace &amp; Justicia (IPJ) <\/em>y lo recuerdo ahora por obvias razones, la presencia de cuerpos de seguridad, ll\u00e1mense Ej\u00e9rcito mexicano o Guardia Nacional no han sido ni son una garant\u00eda para la seguridad de las mujeres. El riesgo ha sido sistem\u00e1tico, es el hilo conductor de una historia ignorada que ha pasado de las monta\u00f1as a las ciudades.<\/p>\n\n\n\n<p class=\"wp-block-paragraph\">Est\u00e1 hecho, con las reformas a diversas leyes, la Guardia Nacional es parte del Ej\u00e9rcito mexicano, se \u201coficializa\u201d su presencia en las calles del pa\u00eds, algo que ya suced\u00eda sin que nada cambie en el pa\u00eds para que se garantice la vida y la integridad de las mujeres a sufrir toda clase de atropellos por elementos del ej\u00e9rcito mexicano ni de la guardia nacional, eso no cambia.<\/p>\n\n\n\n<p class=\"wp-block-paragraph\">La Encuesta Nacional sobre la Din\u00e1mica de las Relaciones en los Hogares (ENDIREH) 2021 es clara: 238 mil 221 mujeres de 15 a\u00f1os y m\u00e1s reportaron que \u201ca lo largo de su vida\u201d sufrieron violencia psicol\u00f3gica, f\u00edsica o sexual a manos de elementos del ej\u00e9rcito o marina. Siendo la violencia sexual en el mayor n\u00famero de casos (68.6 %). Seguido de la violencia psicol\u00f3gica (26.9 %) y f\u00edsica (4.3 %).<\/p>\n\n\n\n<p class=\"wp-block-paragraph\">En el \u201c\u00faltimo a\u00f1o\u201d el reporte de ENDIREH 2021 plantea un total de 86 mil 255 actos de violencia por parte de militares y marino en contra de las mujeres. De nueva cuenta la violencia sexual se present\u00f3 en el mayor porcentaje de ocasiones (53.8 %), seguido de la sicol\u00f3gica (41 %) y finalmente la f\u00edsica (5 %).<\/p>\n\n\n\n<p class=\"wp-block-paragraph\">Comparar estos datos con respecto a los resultados ENDIREH 2016 nos arroja un aumento de agresiones por parte de militares y marino en 2021. En 2016, la primera categor\u00eda \u201ca lo largo de su vida\u201d mujeres de 15 a\u00f1os y m\u00e1s reporta un total de 171 mil 471 agresiones por estos agentes. Entonces el resultado tambi\u00e9n arroj\u00f3 que estas violencias fueron m\u00e1s en agresiones sexuales (71 %), seguido de la psicol\u00f3gica (22 %) y f\u00edsica (6.4 %).<\/p>\n\n\n\n<p class=\"wp-block-paragraph\">En la categor\u00eda \u201cen el \u00faltimo a\u00f1o\u201d, la ENDIREH 2016 reporta 97 mil 337 agresiones contra mujeres. Violencia sexual (75.9 %); emocional (19.4 %) y f\u00edsica (4.5 %).<\/p>\n\n\n\n<p class=\"wp-block-paragraph\">En suma, tenemos m\u00e1s agresores de la marina y el ej\u00e9rcito si comparamos los resultados de la ENDIREH de 2016 con la recientemente presentada este a\u00f1o de 2021. Y las conductas son las mismas. A las mujeres se les agrede m\u00e1s con violencia sexual.<\/p>\n\n\n\n<p class=\"wp-block-paragraph\">Una violencia que se invisibiliza cuando se habla que el \u201cgran porcentaje\u201d de agresores es un \u201cdesconocido\u201d, categor\u00eda que en ambas encuestas es mayor al 70 por ciento, y se minimiza porque junto con \u201csacerdotes o ministros de culto\u201d fueron los que menos agresiones habr\u00edan perpetrado. Pero no quitemos la vista de la cifra son m\u00e1s de doscientas mil mujeres violentadas.<\/p>\n\n\n\n<p class=\"wp-block-paragraph\">Es cierto, el pa\u00eds cambi\u00f3 con la cada vez m\u00e1s clara presencia del crimen organizado y un modelo de corrupci\u00f3n institucional que se fue perfeccionando al paso de los a\u00f1os. Ya no solo estamos frente al saque\u00f3 de los bienes p\u00fablicos. La manzana se pudri\u00f3 por dentro y reaccionamos cuando pasamos a las cifras dram\u00e1ticas de asesinatos y desapariciones.<\/p>\n\n\n\n<p class=\"wp-block-paragraph\">Esa fue la \u201cjustificaci\u00f3n\u201d para que Felipe Calder\u00f3n sacara al ej\u00e9rcito a las calles con un alt\u00edsimo costo para la ciudadan\u00eda y en espec\u00edfico para las mujeres.<\/p>\n\n\n\n<p class=\"wp-block-paragraph\">La estrategia de seguridad, se volvi\u00f3 un motivo de inseguridad para la ciudadan\u00eda. La acci\u00f3n de persecuci\u00f3n selectiva, como se sabe, engendr\u00f3 un monstruo may\u00fasculo, uno de cientos de cabezas. Y, por otro lado, las procuradur\u00edas y ahora fiscal\u00edas, agentes de Tribunales de justicia fueron y son carcomidos por la corrupci\u00f3n. El caso emblem\u00e1tico de Genaro Garc\u00eda Luna es la punta m\u00e1s gorda del iceberg. Un asunto que se litiga en Estados Unidos de Norteam\u00e9rica no en M\u00e9xico.<\/p>\n\n\n\n<p class=\"wp-block-paragraph\">Asesinatos y desapariciones de hombres y mujeres son en extremo graves en nuestro pa\u00eds, aunque el presidente Andr\u00e9s Manuel L\u00f3pez Obrador diga con orgullo que ha bajado ese \u00edndice (un tres por ciento) esas no son todav\u00eda las cuentas que queremos escuchar y, por otro lado, todav\u00eda no se ve la justicia, ese sigue siendo un fantasma para las familias de miles de v\u00edctimas, enga\u00f1adas con la promesa de justicia o vituperadas por exigir ese derecho.<\/p>\n\n\n\n<p class=\"wp-block-paragraph\">Lo que est\u00e1 comprobado es que, a m\u00e1s presencia de grupos armados, sean oficiales del Ej\u00e9rcito mexicano, de la Guardia Nacional, o cuerpos de seguridad p\u00fablica federal, estatales o municipales, o incluso de los malos, requetemalos, las mujeres estamos en mayor riesgo de sufrir violencia. La historia y el recuento de los hechos lo demuestran y las estad\u00edsticas nos ayudan a comprobar lo dicho.<\/p>\n","protected":false},"excerpt":{"rendered":"<p>\u201cLa madrugada del\u00a011 de julio de 2006, la vida cambi\u00f3 en el municipio de Casta\u00f1os, en la zona central de Coahuila<\/p>\n","protected":false},"author":3,"featured_media":8460,"comment_status":"open","ping_status":"open","sticky":false,"template":"","format":"standard","meta":{"_monsterinsights_skip_tracking":false,"footnotes":""},"categories":[693,96,35,75],"tags":[459],"class_list":["post-55945","post","type-post","status-publish","format-standard","has-post-thumbnail","category-693","category-mujeres-y-politica","category-opinion","category-soledad-jarquin-edgar","tag-opinion"],"_links":{"self":[{"href":"https:\/\/redsemlac.com\/semmexico\/wp-json\/wp\/v2\/posts\/55945","targetHints":{"allow":["GET"]}}],"collection":[{"href":"https:\/\/redsemlac.com\/semmexico\/wp-json\/wp\/v2\/posts"}],"about":[{"href":"https:\/\/redsemlac.com\/semmexico\/wp-json\/wp\/v2\/types\/post"}],"author":[{"embeddable":true,"href":"https:\/\/redsemlac.com\/semmexico\/wp-json\/wp\/v2\/users\/3"}],"replies":[{"embeddable":true,"href":"https:\/\/redsemlac.com\/semmexico\/wp-json\/wp\/v2\/comments?post=55945"}],"version-history":[{"count":0,"href":"https:\/\/redsemlac.com\/semmexico\/wp-json\/wp\/v2\/posts\/55945\/revisions"}],"wp:featuredmedia":[{"embeddable":true,"href":"https:\/\/redsemlac.com\/semmexico\/wp-json\/wp\/v2\/media\/8460"}],"wp:attachment":[{"href":"https:\/\/redsemlac.com\/semmexico\/wp-json\/wp\/v2\/media?parent=55945"}],"wp:term":[{"taxonomy":"category","embeddable":true,"href":"https:\/\/redsemlac.com\/semmexico\/wp-json\/wp\/v2\/categories?post=55945"},{"taxonomy":"post_tag","embeddable":true,"href":"https:\/\/redsemlac.com\/semmexico\/wp-json\/wp\/v2\/tags?post=55945"}],"curies":[{"name":"wp","href":"https:\/\/api.w.org\/{rel}","templated":true}]}}