{"id":55942,"date":"2022-09-12T15:17:41","date_gmt":"2022-09-12T21:17:41","guid":{"rendered":"https:\/\/redsemlac.com\/semmexico\/?p=55942"},"modified":"2023-07-21T19:14:18","modified_gmt":"2023-07-22T00:14:18","slug":"los-medios-de-comunicacion-brazo-ideologico-contra-las-mujeres","status":"publish","type":"post","link":"https:\/\/redsemlac.com\/semmexico\/los-medios-de-comunicacion-brazo-ideologico-contra-las-mujeres\/","title":{"rendered":"Los medios de comunicaci\u00f3n brazo ideol\u00f3gico contra las mujeres"},"content":{"rendered":"\n<ul class=\"wp-block-list\"><li><strong>Lo cuir no es feminismo, se reafirma en la 5\u00aa Jornada Abolicionista.<\/strong><\/li><li><strong>El an\u00e1lisis del papel de los medios en la propagaci\u00f3n de la violencia contra las mujeres es una tarea extenuante<\/strong>:<strong> especialistas<\/strong>.<\/li><\/ul>\n\n\n\n<p class=\"wp-block-paragraph\"><strong>Elda Montiel<\/strong><\/p>\n\n\n\n<p class=\"wp-block-paragraph\">SemM\u00e9xico, Ciudad de M\u00e9xico, 12 de septiembre del 2022.- En el primer d\u00eda de la 5\u00aa Jornada Abolicionista \u201cMedios de Comunicaci\u00f3n y Presupuestos\u201d organizada por la Alianza de Redes Feministas Nacionales, se expuso como los medios de comunicaci\u00f3n como posiciones de poder, en manos generalmente de los hombres son como cajas de resonancia de los estereotipos y se convierten en el brazo ideol\u00f3gico del sistema que oprime al 52 por ciento de la poblaci\u00f3n que son las mujeres.<\/p>\n\n\n\n<p class=\"wp-block-paragraph\">Guadalupe L\u00f3pez Garc\u00eda afirm\u00f3 que el modelo de comunicaci\u00f3n del gobierno federal busca la confrontaci\u00f3n &nbsp;entre el feminismo y el transhumanismo. Desde los medios p\u00fablicos, el gobierno ante cualquier cr\u00edtica&nbsp; descalifica a periodistas y a mujeres.<\/p>\n\n\n\n<p class=\"wp-block-paragraph\">Se puede detectar que en esos espacios el discurso oficial utiliza el miedo, la verg\u00fcenza, la ira, la furia, la rabia y el odio, contra quienes hacen una cr\u00edtica o claramente, se oponen a las acciones de la administraci\u00f3n gubernamental, dijo la periodista feminista.<\/p>\n\n\n\n<p class=\"wp-block-paragraph\">El panorama no pinta bien, enfatiz\u00f3 L\u00f3pez Garc\u00eda, editora y colaboradora de plataformas feministas de informaci\u00f3n: \u201ctodos los d\u00edas hay actos de censura y agresiones contra quienes se atrevan a desafiar a esos hombres\u201d. \u00bfQu\u00e9 nos queda como feministas? Una pol\u00edtica afectiva hist\u00f3rica de la emancipaci\u00f3n de las mujeres. Tenemos espacios para debatir, para aprender, para analizar, para generar conocimiento. \u201cConstruimos sobre realidades, no sobre ficciones\u201d.<\/p>\n\n\n\n<p class=\"wp-block-paragraph\">Mientras Martha Canseco periodista y feminista, colaboradora de SemM\u00e9xico, plantea que ante la imposici\u00f3n de la narrativa patriarcal, mis\u00f3gina y muy efectiva que hacen los medios tradicionales y virtuales a trav\u00e9s del entretenimiento, manipulan emociones, pasiones y sentimientos, \u201chay que tomar acciones como apagar la televisi\u00f3n o hacerse a un lado, porque con eso las empresas pierden dinero\u201d.&nbsp;<\/p>\n\n\n\n<p class=\"wp-block-paragraph\">Otra propuesta, que ella practica son clases de autodefensa feminista para evitar la manipulaci\u00f3n de los medios, \u00bfc\u00f3mo?&nbsp; Primero hacer un an\u00e1lisis de g\u00e9nero, ver \u00bfc\u00f3mo est\u00e1n representadas las mujeres?, \u00bfcu\u00e1ntas veces aparecen?, \u00bfc\u00f3mo se les menciona?, \u00bfde qu\u00e9 hablan las mujeres?, \u00bfqu\u00e9 ocurre en la trama?, y si no les gusta entonces apaguen el radio o la televisi\u00f3n, o salgan de la plataforma. \u201cHay que pegarle a donde m\u00e1s le duele al patriarcado, en el bolsillo\u201d. Cuando apagas la televisi\u00f3n ellos pierden.<\/p>\n\n\n\n<h2 class=\"wp-block-heading\"><strong>La teor\u00eda cuir no es teor\u00eda feminista y el sexo no es g\u00e9nero<\/strong><\/h2>\n\n\n\n<p class=\"wp-block-paragraph\">Guadalupe L\u00f3pez Garc\u00eda precis\u00f3 que en estas Jornadas Vindicaciones Feministas en las que se han analizado los ejes de opresi\u00f3n contra las mujeres, el an\u00e1lisis del papel de los medios en la propagaci\u00f3n de la violencia contra las mujeres es una tarea extenuante.<\/p>\n\n\n\n<p class=\"wp-block-paragraph\">Expuso ejemplos de c\u00f3mo se ha posicionado el discurso cuir-trans en programas como en el canal 11 del Instituto Polit\u00e9cnico Nacional y otros espacios que est\u00e1n propagado, haciendo pasar como el nuevo feminismo diverso, incluyente, intersecciones de la igualdad, con un marco conceptual de la percepci\u00f3n y el sentimiento gen\u00e9rico, desapareciendo \u2014como se ha dicho con insistencia en estas jornadas abolicionistas\u2014 la categor\u00eda de sexo, que ahora se ve como esencialismo biol\u00f3gico. Adem\u00e1s, lo hacen legislando sobre las personas \u201cque quieren expresar su g\u00e9nero, con plena libertad y sin discriminaci\u00f3n\u201d.<\/p>\n\n\n\n<p class=\"wp-block-paragraph\">El feminismo \u2014desde diversas posturas te\u00f3ricas, filos\u00f3ficas, pol\u00edticas y jur\u00eddicas\u2014 ya ha dado una explicaci\u00f3n amplia y compleja de este fen\u00f3meno, desde una revisi\u00f3n hist\u00f3rica, considerando contextos, de que la teor\u00eda cuir no es teor\u00eda feminista, el sexo no es g\u00e9nero, el transactivismo no es feminismo. Sin embargo, como tambi\u00e9n ya se ha dicho: este cuestionamiento lo reducen a una visi\u00f3n transfobica y lo consideran discursos de odio.<\/p>\n\n\n\n<p class=\"wp-block-paragraph\">Los homof\u00f3bicos, los machistas, los apologistas de la violencia cambiaron de rostro, ahora, dicen, son las feministas quienes se manifiestan contra esos discursos que esencializan las identidades hegem\u00f3nicas patriarcales.<\/p>\n\n\n\n<p class=\"wp-block-paragraph\">Ya no es desaparecerlas \u2013a las mujeres- &nbsp;ni evitar que se determinen con el sexo, ahora se trata de retomar el equilibrio primigenio, &#8211; desde nosotras- de ordenar el mundo sexuado patriarcal que el feminismo ha combatido &nbsp;por siglos: mujer-femenino, hombre-masculino, pero esta corriente del cuir-transhumanismo, confunde y distorsiona, no es la identidad la que deber\u00eda ajustarse, sino el cuerpo, una figuraci\u00f3n del sexo, porque para esa ideolog\u00eda, esta caracter\u00edstica de la naturaleza humana es tambi\u00e9n una construcci\u00f3n sociocultural.<\/p>\n\n\n\n<h2 class=\"wp-block-heading\"><strong>Alquiler de vientres, reglamentaci\u00f3n de la prostituci\u00f3n y el borrado de las mujeres, tres ejes de opresi\u00f3n de las mujeres<\/strong><\/h2>\n\n\n\n<p class=\"wp-block-paragraph\">L\u00f3pez Garc\u00eda se\u00f1al\u00f3 que a las feministas abolicionistas ahora se les llaman radicales porque se han posicionado contra el alquiler de vientres y la reglamentaci\u00f3n de la prostituci\u00f3n que, junto con el borrado de las mujeres, se instituyen \u2014retomando a Teresa Ulloa\u2014 como los tres pilares de la opresi\u00f3n, la explotaci\u00f3n y subordinaci\u00f3n de las mujeres, de su cuerpo, su sexualidad, su trabajo, su dinero, su educaci\u00f3n, su tiempo.<\/p>\n\n\n\n<p class=\"wp-block-paragraph\">\u201cAhora, bajo la mirada de todos los sectores sociales, somos las malas, las que nos negamos a abrazar esta diversidad arco\u00edris. Hemos sido denostadas, encasilladas como conservadoras, de derecha, esencialistas, biologicistas, transf\u00f3bicas, transodiantes, transexcluyentes.<\/p>\n\n\n\n<p class=\"wp-block-paragraph\">Denunci\u00f3 que varias periodistas fuimos incluidas en una lista denominada primero, Feministas Radicales Transexcluyentes(TERF), y luego Feministas antig\u00e9nero\u201d. Como las listas negras.<\/p>\n\n\n\n<p class=\"wp-block-paragraph\">Desde diversos espacios, enfatiz\u00f3, \u201chemos insistido en que el discurso trans es eminentemente emocional por la experiencia sentida, percibida, subjetiva\u201d. En tanto que, desde el feminismo, asumimos, y con raz\u00f3n, que nos basamos en hechos cient\u00edficos, no sentidos.<\/p>\n\n\n\n<p class=\"wp-block-paragraph\">Abund\u00f3 la maestra en estudios de la Mujer y colaboradora de plataformas feministas de informaci\u00f3n, que \u201cdesde los discursos feministas se busca tambi\u00e9n deslindar lo emocional de lo racional. Todas pretendemos dialogar con argumentos te\u00f3ricos, pol\u00edticos y datos duros, etc\u00e9tera, pero lo emocional se entiende cuando empezamos a gritar, a llorar o a insultar, citando a Oliva L\u00f3pez, autora de Extrav\u00edos del Alma Mexicana. Patologizaci\u00f3n de las emociones en los diagn\u00f3sticos psiqui\u00e1tricos (1900-1940), (Fes Iztacala, UNAM, 2020), las emociones est\u00e1n presentes en todo. La cuesti\u00f3n es saber qu\u00e9 emociones se utilizan, c\u00f3mo y para qu\u00e9\u201d.<\/p>\n\n\n\n<p class=\"wp-block-paragraph\">A lo largo de la historia, explic\u00f3, se han tenido grandes rupturas te\u00f3ricas, ideol\u00f3gicas y pol\u00edticas, pero lo trans, ahora, dijo, me queda m\u00e1s claro que nunca: no es feminismo.<\/p>\n\n\n\n<p class=\"wp-block-paragraph\">En esta etapa a la que se le ha llamado cuarta ola, ha ingresado a esos debates la rabia, que se interpreta como odio; en especial, contra los hombres, y cuando hablamos de sexo, se entiende que es un discurso excluyente y que no reconoce derechos. Decir que sexo no es g\u00e9nero, que solo hay dos sexos y que los hombres no podr\u00e1n ser mujeres, o sea, tener el sexo mujer, es ya considerado un discurso de odio.<\/p>\n\n\n\n<h2 class=\"wp-block-heading\"><strong>Nos venden la idea de que el placer hacia los hombres es todo&nbsp;&nbsp;&nbsp;&nbsp;&nbsp;&nbsp;&nbsp;&nbsp;&nbsp;&nbsp;&nbsp;&nbsp;&nbsp;&nbsp;&nbsp;&nbsp;&nbsp;&nbsp;&nbsp;&nbsp;&nbsp;&nbsp;&nbsp;&nbsp;&nbsp;&nbsp;<\/strong><\/h2>\n\n\n\n<p class=\"wp-block-paragraph\">Martha Canseco Gonz\u00e1lez periodista, feminista e impulsora de los talleres de autodefensa del feminismo se\u00f1al\u00f3 que no es casualidad que los due\u00f1os de los medios de comunicaci\u00f3n sean hombres, por eso enfrentamos la violencia, la intenci\u00f3n de borrar a las mujeres, los ataques al feminismo, lo hacen d\u00eda a d\u00eda en todo momento desde hace a\u00f1os.<\/p>\n\n\n\n<p class=\"wp-block-paragraph\">Detall\u00f3 c\u00f3mo la narrativa impuesta gira en torno a la idea de que el placer al orgasmo masculino es todo, claro ejemplo, cito el libro y la pel\u00edcula de \u201c50 sombras de Gray\u201d que muestra la eterna historia de la cenicienta, una joven que se enamora de un millonario que acepta cualquier t\u00e9cnica sexual, lo que naturaliza la violencia sexual.&nbsp;<\/p>\n\n\n\n<p class=\"wp-block-paragraph\">Promueve el \u201cbondage\u201d, la practica sexual con ataduras cuerdas, esposas, lazos, corbatas, cintas cualquier cosa que pueda mantener inmovilizada f\u00edsicamente a la otra persona, se entiende el consenso entre la pareja a la hora de realizar el sexo.<\/p>\n\n\n\n<p class=\"wp-block-paragraph\">Al respecto menciona que el intelectual norteamericano Noam Chomsky advirti\u00f3 que estamos en muy serios problemas porque ahora lo que les da placer a los hombres es la sexualizaci\u00f3n de la violencia contra las mujeres y el abuso de poder.<\/p>\n\n\n\n<p class=\"wp-block-paragraph\">Tambi\u00e9n refiri\u00f3 testimonios de j\u00f3venes, transmitidos en medios internacionales, de que las generaciones mayores no saben lo aterrador que es acudir a una cita porque los encuentros terminan en actos inesperados como estrangulamientos o el que llegue mas de un hombre a\u00fan cuando se consenso con uno solo. Esto dijo son las formas m\u00e1s actuales de violencia sexual.<\/p>\n\n\n\n<p class=\"wp-block-paragraph\">Respecto a la trata y la prostituci\u00f3n, indic\u00f3 que el cine lo ha modificado al gusto y conveniencia del patriarcado.<\/p>\n\n\n\n<p class=\"wp-block-paragraph\">Se refiri\u00f3 a las \u201cNoches de Cabiria\u201d pel\u00edcula italiana de 1957 que relata la historia de una prostituta que busca el amor, pero es v\u00edctima de vividores que le roban y golpean y se encuentra con un hombre que le promete un futuro respetable. Pasando por la pel\u00edcula de Felipe Cazals \u201cLas Poquianchis\u201d en los a\u00f1os 70s sobre el hecho real de tres hermanas que manejaban una red de prostituci\u00f3n en Guanajuato hasta que los cr\u00edmenes las hacen visibles, y la Vivian, personaje de Julia Roberts sobre una prostituta que encuentra un pr\u00edncipe azul, que era Richard Gere.&nbsp;<\/p>\n\n\n\n<p class=\"wp-block-paragraph\">Al respecto menciona a la autora espa\u00f1ola Juana Gallego \u201c100 a\u00f1os de prostituci\u00f3n en el cine\u201d que registra como se ha ido modificando la narrativa, no es lo mismo el proxeneta estigmatizado que el nuevo proxeneta empresario.<\/p>\n\n\n\n<p class=\"wp-block-paragraph\">Tambi\u00e9n refiri\u00f3 al documental de National Geographic titulado \u201cTenancingo a Nueva York\u201d donde el proxeneta esta sorprendido porque lo persiguen cuando las mujeres son s\u00f3lo mercanc\u00eda.<\/p>\n\n\n\n<p class=\"wp-block-paragraph\">Menciona m\u00e1s recientemente\u201d Las Elegidas\u201d que aborda el problema del tr\u00e1fico de mujeres que muestra con lujo de detalle el proceso de enganchamiento que mas parece un manual del proxeneta y finalmente termina con que lo mejor que le puede pasar a la v\u00edctima que es convertirse en proxeneta, esta es la narrativa patriarcal sobre la prostituci\u00f3n y la trata.<\/p>\n\n\n\n<p class=\"wp-block-paragraph\">Por eso hizo un llamado a las mujeres a tomar acciones \u201csi no les gusta apagar la televisi\u00f3n o cerrar las plataformas\u201d las empresas pierden dinero, e impulsar programas, pel\u00edculas con perspectiva de g\u00e9nero, que hay muy pocas.<\/p>\n\n\n\n<p class=\"wp-block-paragraph\">Al respecto mencion\u00f3 una telenovela colombiana \u201cTodos quieren a Marylin\u201d de una prostituta atrapada por las circunstancias, pero termina en una fundaci\u00f3n para ayudar a prostitutas. Tambi\u00e9n mencion\u00f3 a Madonna quien ha dicho que no quiere ning\u00fan hombre en el guion del programa sobre su biograf\u00eda. &nbsp;<\/p>\n\n\n\n<p class=\"wp-block-paragraph\">Cabe recordar que el objetivo de las \u201cJornadas Vindicaciones Feministas, Hablemos de los Siete Ejes de Opresi\u00f3n contra las Mujeres\u201d es visibilizar las diversas violencias que vivimos las mujeres a nivel nacional en un contexto en que \u00e9stas se han exacerbado por el estado de emergencia nacional, la pandemia de Covid 19, algunas decisiones de la administraci\u00f3n federal, la confusi\u00f3n y el uso incorrecto institucional de las categor\u00edas sexo y g\u00e9nero en marcos legales. Estas actividades se han realizado mensualmente, desde mayo del presente a\u00f1o y concluyen este mes de septiembre.<\/p>\n\n\n\n<p class=\"wp-block-paragraph\">Las integrantes de la Alianza de Redes Feministas Nacionales son: Frente Feminista Nacional, Red Nacional de Alertistas, Mira-Pensadoras Urbanas, Las Constituyentes MX Feministas, Nosotras Tenemos Otros Datos, Declaraci\u00f3n Internacional de las Mujeres, Frente Nacional Abolicionista Feminista, Frente Nacional de Lesbianas Feministas, Movimiento L\u00e9sbico Feminista Abolicionista Mexicano.<\/p>\n","protected":false},"excerpt":{"rendered":"<p>El an\u00e1lisis del papel de los medios en la propagaci\u00f3n de la violencia contra las mujeres es una tarea extenuante: especialistas.<\/p>\n","protected":false},"author":3,"featured_media":55943,"comment_status":"open","ping_status":"open","sticky":false,"template":"","format":"standard","meta":{"_monsterinsights_skip_tracking":false,"footnotes":""},"categories":[693,54],"tags":[149],"class_list":["post-55942","post","type-post","status-publish","format-standard","has-post-thumbnail","category-693","category-mujeres","tag-mujeres"],"_links":{"self":[{"href":"https:\/\/redsemlac.com\/semmexico\/wp-json\/wp\/v2\/posts\/55942","targetHints":{"allow":["GET"]}}],"collection":[{"href":"https:\/\/redsemlac.com\/semmexico\/wp-json\/wp\/v2\/posts"}],"about":[{"href":"https:\/\/redsemlac.com\/semmexico\/wp-json\/wp\/v2\/types\/post"}],"author":[{"embeddable":true,"href":"https:\/\/redsemlac.com\/semmexico\/wp-json\/wp\/v2\/users\/3"}],"replies":[{"embeddable":true,"href":"https:\/\/redsemlac.com\/semmexico\/wp-json\/wp\/v2\/comments?post=55942"}],"version-history":[{"count":0,"href":"https:\/\/redsemlac.com\/semmexico\/wp-json\/wp\/v2\/posts\/55942\/revisions"}],"wp:featuredmedia":[{"embeddable":true,"href":"https:\/\/redsemlac.com\/semmexico\/wp-json\/wp\/v2\/media\/55943"}],"wp:attachment":[{"href":"https:\/\/redsemlac.com\/semmexico\/wp-json\/wp\/v2\/media?parent=55942"}],"wp:term":[{"taxonomy":"category","embeddable":true,"href":"https:\/\/redsemlac.com\/semmexico\/wp-json\/wp\/v2\/categories?post=55942"},{"taxonomy":"post_tag","embeddable":true,"href":"https:\/\/redsemlac.com\/semmexico\/wp-json\/wp\/v2\/tags?post=55942"}],"curies":[{"name":"wp","href":"https:\/\/api.w.org\/{rel}","templated":true}]}}