{"id":55940,"date":"2022-09-12T14:49:35","date_gmt":"2022-09-12T20:49:35","guid":{"rendered":"https:\/\/redsemlac.com\/semmexico\/?p=55940"},"modified":"2023-07-21T19:14:18","modified_gmt":"2023-07-22T00:14:18","slug":"desde-la-mano-izquierda-violencia-feminicida-en-san-luis-potosi-tambien-queremos-informe","status":"publish","type":"post","link":"https:\/\/redsemlac.com\/semmexico\/desde-la-mano-izquierda-violencia-feminicida-en-san-luis-potosi-tambien-queremos-informe\/","title":{"rendered":"Desde la Mano Izquierda| Violencia feminicida en San Luis Potos\u00ed (tambi\u00e9n queremos informe)"},"content":{"rendered":"\n<p class=\"wp-block-paragraph\"><strong>Claudia Espinosa Almaguer<\/strong><strong><\/strong><\/p>\n\n\n\n<p class=\"wp-block-paragraph\">SemM\u00e9xico, San Luis Potos\u00ed,&nbsp;12 de septiembre del 2022.- <strong>Para evitar que asesinen a las mujeres hay que hacer pol\u00edtica y cr\u00edtica<\/strong> sobre el estado de las cosas, de la calidad que tienen las acciones y principalmente <strong>de las obligaciones que se omiten o se minimizan<\/strong> y sobre las cuales no hay vigilancia ni institucional, ni de la sociedad civil, ni desde los organismos aut\u00f3nomos creados para ello, <strong>San Luis Potos\u00ed es un excelente ejemplo del alcance que tiene esta negligencia<\/strong>, esta <strong>misoginia silenciosa<\/strong>.<\/p>\n\n\n\n<p class=\"wp-block-paragraph\">Partimos de una premisa<strong>, toda din\u00e1mica de violencia contra las mujeres que no se prevenga, se atienda o se sancione adecuadamente va a evolucionar<\/strong> hasta causar un da\u00f1o mayor al grado de perder la vida. As\u00ed, por m\u00e1s extraordinaria que sea una investigaci\u00f3n o por muy bien hecho que est\u00e9 un delito de feminicidio las consecuencias en su familia y en el tejido social no pueden repararse.<\/p>\n\n\n\n<p class=\"wp-block-paragraph\">Quienes estuvimos en la primera l\u00ednea de atenci\u00f3n durante la crisis de la pandemia llevamos la experiencia metida en el cuerpo, <strong>nadie nos cuenta el grado de crueldad al que se lleg\u00f3 con las mujeres, ni\u00f1as y ni\u00f1os v\u00edctimas, lo miramos, lo escuchamos, lo escribimos<\/strong> y aun pagamos nosotras tambi\u00e9n por ello.<\/p>\n\n\n\n<p class=\"wp-block-paragraph\"><strong>Venir a escribir de manera as\u00e9ptica<\/strong>, datos como los publicados en la Encuesta Nacional de la Din\u00e1mica de las Relaciones en los Hogares 2021, <strong>ser\u00eda francamente una obscenidad<\/strong>. Y entonces, \u00bfQu\u00e9 sucede?<\/p>\n\n\n\n<p class=\"wp-block-paragraph\">Justo cuando la ENDIREH se present\u00f3 el pasado 30 de agosto, el vicepresidente de INEGI Adri\u00e1n Franco, dio a conocer que har\u00edan un esfuerzo <strong>para que ninguna autoridad se quedara sin saber los datos de la encuesta,<\/strong> considerando que la dimensi\u00f3n prove\u00edda <strong>debe emplearse para transformar la realidad<\/strong>, entre otras cosas el nivel de violencia psicol\u00f3gica, sexual y comunitaria que est\u00e1n padeciendo las mujeres m\u00e1s j\u00f3venes que alcanza a nivel nacional un 58 por ciento para el rango de 15 a 24 a\u00f1os y un 51.5% para las de 25 a 34 a\u00f1os.<\/p>\n\n\n\n<p class=\"wp-block-paragraph\">La entidad potosina no es excepci\u00f3n, aqu\u00ed <strong>482,459 mujeres<\/strong> manifestaron haber experimentado violencia en la comunidad, <strong>234, 749 la padeci\u00f3 en los \u00faltimos 12 meses<\/strong>, para ambas mediciones destacan las agresiones sexuales y psicol\u00f3gicas por parte de desconocidos.<\/p>\n\n\n\n<p class=\"wp-block-paragraph\">En cuanto al \u00e1mbito familiar, <strong>entre octubre de 2020 y octubre de 2021, 107, 850 mujeres recibieron violencia psicol\u00f3gica<\/strong> por parte de sus hermanos y de sus padres dentro de su casa y respecto a la de pareja, <strong>230, 341 enfrentaron violencia psicol\u00f3gica, econ\u00f3mica, patrimonial, f\u00edsica y sexual.<\/strong><\/p>\n\n\n\n<p class=\"wp-block-paragraph\"><strong>Una m\u00ednima proporci\u00f3n de todos estos actos podr\u00edan hallarse como denuncias<\/strong> iniciadas ante el Ministerio P\u00fablico por delitos cuyo perfil de v\u00edctimas est\u00e1 conformado por mujeres como lo son los de <strong>violencia familiar, lesiones, violaci\u00f3n, abuso sexual, incumplimiento de obligaciones y sustracci\u00f3n de menores<\/strong> y esto al igual que sucedi\u00f3 con la <strong>ENDIREH 2016<\/strong> se debe a que las mujeres consideraron que era algo sin importancia, sintieron verg\u00fcenza o miedo de las consecuencias, no sab\u00edan d\u00f3nde denunciar, no quisieron afectar a sus hijos o su pareja les prometi\u00f3 cambiar, <strong>pero tambi\u00e9n no confiaban en la autoridad.<\/strong><\/p>\n\n\n\n<p class=\"wp-block-paragraph\">Estas razones deber\u00edan dar pie a la reflexi\u00f3n, <strong>a pesar de los da\u00f1os psicol\u00f3gicos y f\u00edsicos que tienen las v\u00edctimas en su salud, las expectativas individuales y sociales acerca del rol que supuestamente deber\u00edan cumplir como madres o esposas de sus atacantes<\/strong>, constituyen una puesta en peligro real provocada por todos.<\/p>\n\n\n\n<p class=\"wp-block-paragraph\">Sume el estado de indefensi\u00f3n causado por <strong>la omisi\u00f3n de reformar herramientas indispensables como el cap\u00edtulo de \u00f3rdenes de protecci\u00f3n<\/strong> de la Ley de Acceso de las Mujeres en el Estado que permanece obsoleta desde 2021 cuando se reform\u00f3 la General, y a la cual s\u00f3lo le cambiaron un par de art\u00edculos, la conmiseraci\u00f3n de los y las diputadas, los exhortos o cualquier otra cosa que no sea legislar lo que se debe, es parafernalia in\u00fatil.<\/p>\n\n\n\n<p class=\"wp-block-paragraph\">Considere que <strong>nosotras constituimos m\u00e1s de la mitad de la poblaci\u00f3n<\/strong>, somos las que cuidamos, las que producimos trabajo pagado y tambi\u00e9n el no remunerado, <strong>es principalmente nuestro voto el que pone all\u00ed a quienes toman las decisiones,<\/strong> si una vez elegidos nos dan la espalda y no pueden ni procurar que no nos maten, o nos violen en la calle y dentro de los espacios donde queremos hacer la vida, \u00bfsiguen sirviendo de algo? \u00bfSiguen siendo elegibles?<\/p>\n\n\n\n<p class=\"wp-block-paragraph\">Habi\u00e9ndose declarado la <strong>Alerta de Violencia de G\u00e9nero en San Luis Potos\u00ed<\/strong> desde junio de 2017, en este momento <strong>la ciudadan\u00eda desconoce el alcance de cumplimiento que tienen sus medidas<\/strong>, existe desde luego un <strong>Grupo Interinstitucional y Multidisciplinario<\/strong> integrado por representantes de la Comisi\u00f3n Nacional para Prevenir y Erradicar la Violencia contra las Mujeres (CONAVIM), el Instituto Nacional de las Mujeres (Inmujeres), la Comisi\u00f3n Nacional de los Derechos Humanos (CNDH), el Instituto de las Mujeres de San Luis Potos\u00ed, el Sistema Estatal de Protecci\u00f3n Integral de Ni\u00f1as, Ni\u00f1os y Adolescentes del Estado, del Instituto Nacional de Ciencias Penales y la Fundaci\u00f3n Mexicana para la Planeaci\u00f3n Familiar A.C que son responsables de monitorear y evaluar el estado de ejecuci\u00f3n de esta pol\u00edtica de emergencia, \u00bfSabe qui\u00e9nes son? y lo m\u00e1s importante \u00bfQu\u00e9 tienen que decir? Seguimos en espera de que tomen la palabra.<\/p>\n","protected":false},"excerpt":{"rendered":"<p>Para evitar que asesinen a las mujeres hay que hacer pol\u00edtica y cr\u00edtica sobre el estado de las cosas, de la calidad que tienen las acciones y principalmente de las obligaciones que se omiten o se minimizan<\/p>\n","protected":false},"author":3,"featured_media":36870,"comment_status":"open","ping_status":"open","sticky":false,"template":"","format":"standard","meta":{"_monsterinsights_skip_tracking":false,"footnotes":""},"categories":[693,131,35],"tags":[459],"class_list":["post-55940","post","type-post","status-publish","format-standard","has-post-thumbnail","category-693","category-claudia-almaguer","category-opinion","tag-opinion"],"_links":{"self":[{"href":"https:\/\/redsemlac.com\/semmexico\/wp-json\/wp\/v2\/posts\/55940","targetHints":{"allow":["GET"]}}],"collection":[{"href":"https:\/\/redsemlac.com\/semmexico\/wp-json\/wp\/v2\/posts"}],"about":[{"href":"https:\/\/redsemlac.com\/semmexico\/wp-json\/wp\/v2\/types\/post"}],"author":[{"embeddable":true,"href":"https:\/\/redsemlac.com\/semmexico\/wp-json\/wp\/v2\/users\/3"}],"replies":[{"embeddable":true,"href":"https:\/\/redsemlac.com\/semmexico\/wp-json\/wp\/v2\/comments?post=55940"}],"version-history":[{"count":0,"href":"https:\/\/redsemlac.com\/semmexico\/wp-json\/wp\/v2\/posts\/55940\/revisions"}],"wp:featuredmedia":[{"embeddable":true,"href":"https:\/\/redsemlac.com\/semmexico\/wp-json\/wp\/v2\/media\/36870"}],"wp:attachment":[{"href":"https:\/\/redsemlac.com\/semmexico\/wp-json\/wp\/v2\/media?parent=55940"}],"wp:term":[{"taxonomy":"category","embeddable":true,"href":"https:\/\/redsemlac.com\/semmexico\/wp-json\/wp\/v2\/categories?post=55940"},{"taxonomy":"post_tag","embeddable":true,"href":"https:\/\/redsemlac.com\/semmexico\/wp-json\/wp\/v2\/tags?post=55940"}],"curies":[{"name":"wp","href":"https:\/\/api.w.org\/{rel}","templated":true}]}}