{"id":5594,"date":"2017-09-04T17:25:11","date_gmt":"2017-09-04T17:25:11","guid":{"rendered":"https:\/\/redsemlac.com\/semmexico\/?p=5594"},"modified":"2023-07-21T14:24:36","modified_gmt":"2023-07-21T19:24:36","slug":"maricela-contreras-pide-integrarse-al-grupo-parlamentario-de-morena-en-camara-de-diputados","status":"publish","type":"post","link":"https:\/\/redsemlac.com\/semmexico\/maricela-contreras-pide-integrarse-al-grupo-parlamentario-de-morena-en-camara-de-diputados\/","title":{"rendered":"Maricela Contreras pide integrarse al grupo Parlamentario de Morena en C\u00e1mara de Diputados"},"content":{"rendered":"\n<p class=\"wp-block-paragraph\"><a href=\"https:\/\/www.semmexico.com\/gallery-post.php?id=2827#\">Alicia Mendoza<\/a><\/p>\n\n\n\n<p class=\"wp-block-paragraph\">SemM\u00e9xico, Cd. de M\u00e9xico, 4 septiembre 2017. Este fin de semana, la senadora Dolores Padierna Luna y la diputada Maricela Contreras Juli\u00e1n informaron el t\u00e9rmino de su militancia de cerca de 30 a\u00f1os en las filas del Partido de la Revoluci\u00f3n Democr\u00e1tica (PRD), y por tanto su salida de las bancadas de ese partido tanto en el Senado de la Rep\u00fablica, como en la C\u00e1mara de Diputados.<br><br>Ambas renuncias se dieron a conocer horas antes de que el Consejo Nacional del PRD aprobara la conformaci\u00f3n del Frente Amplio Democr\u00e1tico con el PAN. Las legisladoras dirigieron sus cartas de renuncia a la presidenta del Comit\u00e9 Ejecutivo Nacional del PRD, Alejandra Barrales Magdaleno, a la Comisi\u00f3n de Afiliaci\u00f3n y a la militancia del PRD.<br><br>As\u00ed, Dolores Padierna renunci\u00f3 tambi\u00e9n a la coordinaci\u00f3n del Grupo Parlamentario del PRD en el Senado, \u201ccon la plena convicci\u00f3n de que el partido habr\u00e1 de retomar muy pronto su proyecto hist\u00f3rico de transformaci\u00f3n del pa\u00eds, presento mi renuncia como militante del Partido de la Revoluci\u00f3n Democr\u00e1tica, fuerza a la que he consagrado los pasados 28 a\u00f1os de mi vida\u201d, expresa en su carta.<br><br>De igual forma, Maricela Contreras afirma que se va \u201cagradecida del PRD porque durante mucho tiempo he compartido la agenda a favor de las personas, sigo firme en mis ideales y me comprometo por ellos, sobre todo para que las fuerzas democr\u00e1ticas y de izquierda vayan en unidad a los comicios de 2018\u201d.<br><br>Ayer mismo, ambas legisladoras suscribieron el Acuerdo Pol\u00edtico de Unidad encabezado por Andr\u00e9s Manuel L\u00f3pez Obrador, junto con otras pol\u00edticas y pol\u00edticos como Ifigenia Mart\u00ednez y Hern\u00e1ndez, la ministra en retiro de la Suprema Corte de Justicia la Naci\u00f3n, Olga S\u00e1nchez Cordero.<br><br>\u201cEl desastroso escenario de crisis que vive M\u00e9xico, obliga a las fuerzas de izquierda a estar preparadas y a la altura de la oportunidad que nos ofrece el a\u00f1o venidero para enderezar el rumbo del pa\u00eds, y as\u00ed conducirlo a un verdadero camino de desarrollo, libertades e igualdad\u201d, afirma la senadora Dolores Padierna en otra carta dirigida al grupo parlamentario del PRD en el Senado.<br><br>A su vez, la diputada Maricela Contreras inform\u00f3 esta tarde su separaci\u00f3n de la bancada del PRD en la c\u00e1mara baja, as\u00ed mismo que ha solicitado formar parte del grupo parlamentario de Morena en la C\u00e1mara de Diputados.<br><br>SEM\/am\/lr<br><br><\/p>\n","protected":false},"excerpt":{"rendered":"<p>Alicia Mendoza SemM\u00e9xico, Cd. de M\u00e9xico, 4 septiembre 2017. Este fin de semana, la senadora Dolores Padierna Luna y la diputada Maricela Contreras Juli\u00e1n informaron el t\u00e9rmino de su militancia de cerca de 30 a\u00f1os en las filas del Partido de la Revoluci\u00f3n Democr\u00e1tica (PRD), y por tanto su salida de las bancadas de ese [&hellip;]<\/p>\n","protected":false},"author":3,"featured_media":5595,"comment_status":"open","ping_status":"open","sticky":false,"template":"","format":"standard","meta":{"_monsterinsights_skip_tracking":false,"footnotes":""},"categories":[687,50],"tags":[],"class_list":["post-5594","post","type-post","status-publish","format-standard","has-post-thumbnail","category-687","category-congreso"],"_links":{"self":[{"href":"https:\/\/redsemlac.com\/semmexico\/wp-json\/wp\/v2\/posts\/5594","targetHints":{"allow":["GET"]}}],"collection":[{"href":"https:\/\/redsemlac.com\/semmexico\/wp-json\/wp\/v2\/posts"}],"about":[{"href":"https:\/\/redsemlac.com\/semmexico\/wp-json\/wp\/v2\/types\/post"}],"author":[{"embeddable":true,"href":"https:\/\/redsemlac.com\/semmexico\/wp-json\/wp\/v2\/users\/3"}],"replies":[{"embeddable":true,"href":"https:\/\/redsemlac.com\/semmexico\/wp-json\/wp\/v2\/comments?post=5594"}],"version-history":[{"count":0,"href":"https:\/\/redsemlac.com\/semmexico\/wp-json\/wp\/v2\/posts\/5594\/revisions"}],"wp:featuredmedia":[{"embeddable":true,"href":"https:\/\/redsemlac.com\/semmexico\/wp-json\/wp\/v2\/media\/5595"}],"wp:attachment":[{"href":"https:\/\/redsemlac.com\/semmexico\/wp-json\/wp\/v2\/media?parent=5594"}],"wp:term":[{"taxonomy":"category","embeddable":true,"href":"https:\/\/redsemlac.com\/semmexico\/wp-json\/wp\/v2\/categories?post=5594"},{"taxonomy":"post_tag","embeddable":true,"href":"https:\/\/redsemlac.com\/semmexico\/wp-json\/wp\/v2\/tags?post=5594"}],"curies":[{"name":"wp","href":"https:\/\/api.w.org\/{rel}","templated":true}]}}