{"id":55924,"date":"2022-09-12T12:12:27","date_gmt":"2022-09-12T18:12:27","guid":{"rendered":"https:\/\/redsemlac.com\/semmexico\/?p=55924"},"modified":"2023-07-21T19:14:19","modified_gmt":"2023-07-22T00:14:19","slug":"fgjcdmx-no-dara-tregua-a-agresores-de-mujeres-trabajamos-por-sacarlos-de-las-calles-ernestina-godoy","status":"publish","type":"post","link":"https:\/\/redsemlac.com\/semmexico\/fgjcdmx-no-dara-tregua-a-agresores-de-mujeres-trabajamos-por-sacarlos-de-las-calles-ernestina-godoy\/","title":{"rendered":"FGJCDMX no dar\u00e1 tregua a agresores de mujeres; trabajamos por sacarlos de las calles: Ernestina Godoy"},"content":{"rendered":"\n<ul class=\"wp-block-list\"><li><strong>La abogada de la ciudad atendi\u00f3 diferentes casos que pudieran ser constitutivos de delito, brind\u00f3 asesor\u00eda y canaliz\u00f3 las solicitudes o denuncias a diferentes \u00e1reas de la instituci\u00f3n.<\/strong><\/li><\/ul>\n\n\n\n<p class=\"wp-block-paragraph\"><strong>Redacci\u00f3n<\/strong><\/p>\n\n\n\n<p class=\"wp-block-paragraph\">SemM\u00e9xico, Ciudad de M\u00e9xico, 12 de septiembre del 2022.- La titular de la Fiscal\u00eda General de Justicia de la Ciudad de M\u00e9xico (FGJCDMX), Ernestina Godoy Ramos, asegur\u00f3 que no dar\u00e1 tregua a los agresores de mujeres, adolescentes y ni\u00f1as, ni habr\u00e1 marcha atr\u00e1s a las acciones de protecci\u00f3n a las mujeres.<\/p>\n\n\n\n<p class=\"wp-block-paragraph\">En la audiencia p\u00fablica \u201cLa Fiscal en tu Alcald\u00eda te atiende\u201d, Godoy Ramos, \u201cvamos a quitar de las calles a quienes pueden cometer, desde un abuso m\u00ednimo, hasta lo peor que nos puede suceder a las mujeres, que es el feminicidio\u201d, expres\u00f3 la abogada de la ciudad, ante habitantes de la alcald\u00eda Venustiano Carranza.<\/p>\n\n\n\n<p class=\"wp-block-paragraph\">\u201cPor esa raz\u00f3n es importante salir a las plazas p\u00fablicas, para dar la cara como instituci\u00f3n y que la ciudadan\u00eda lo vea como una costumbre y obligaci\u00f3n de las instituciones; mirarles a los ojos y escucharles de viva voz\u201d dijo, al ser la encargada de encabezar el encuentro en el Deportivo Ing. Eduardo Molina.<\/p>\n\n\n\n<figure class=\"wp-block-image size-large\"><a href=\"https:\/\/redsemlac.com\/semmexico\/wp-content\/uploads\/2022\/09\/13.jpeg\"><img decoding=\"async\" src=\"https:\/\/redsemlac.com\/semmexico\/wp-content\/uploads\/2022\/09\/13-1024x814.jpeg\" alt=\"\" class=\"wp-image-55930\"\/><\/a><\/figure>\n\n\n\n<p class=\"wp-block-paragraph\">Al hablar ante residentes de las colonias Ampliaci\u00f3n 20 de Noviembre, Morelos y Penitenciar\u00eda, entre otras, la abogada de la ciudad enfatiz\u00f3 el trabajo por lograr un cambio estructural en la procuraci\u00f3n de justicia, y reconoci\u00f3 tambi\u00e9n que a\u00fan persisten servidoras y servidores p\u00fablicos que se conducen con malas pr\u00e1cticas, aunque son los menos.<\/p>\n\n\n\n<p class=\"wp-block-paragraph\">\u201cHay todav\u00eda algunas compa\u00f1eras y compa\u00f1eros que no han entendido que las cosas cambiaron y que en la Fiscal\u00eda no hay cabida para quien realiza actos de maltrato o actos de corrupci\u00f3n hacia la ciudadan\u00eda\u201d, dijo la Fiscal General.<\/p>\n\n\n\n<p class=\"wp-block-paragraph\">Destac\u00f3 tambi\u00e9n, que la gran mayor\u00eda de servidoras y servidores p\u00fablicos son elementos que entregan su vida a la instituci\u00f3n, \u201cpero todav\u00eda hay quienes no han entendido y entonces tenemos que acabar con eso\u201d, pues es parte de los caminos a seguir para conseguir justicia en todos los casos.<\/p>\n\n\n\n<p class=\"wp-block-paragraph\">Ernestina Godoy Ramos record\u00f3 la existencia del Tel\u00e9fono Rojo, instalado en todas las agencias del Ministerio P\u00fablico, disponible las 24 horas de los 365 d\u00edas del a\u00f1o, adem\u00e1s de la creaci\u00f3n del chatbot Teo, que atiende en tiempo real las quejas de las y los usuarios en las agencias del Ministerio P\u00fablico.<\/p>\n\n\n\n<p class=\"wp-block-paragraph\">Asimismo, destac\u00f3 la puesta en marcha de un programa de reciente creaci\u00f3n, denominado \u201cJ\u00f3venes por la Justicia\u201d, integrado por personal de nuevo ingreso a la instituci\u00f3n y cuya funci\u00f3n es ofrecer la primera atenci\u00f3n a usuarios del Ministerio Publico, para el acompa\u00f1amiento y la orientaci\u00f3n necesarios.<\/p>\n\n\n\n<p class=\"wp-block-paragraph\">\u201cEstas herramientas existen con el prop\u00f3sito de ganarse la confianza de la ciudadan\u00eda y procurar justicia de manera efectiva, as\u00ed como abrir todas las puertas que sean necesarias para facilitar la denuncia, pues la informaci\u00f3n que brinda la gente resulta fundamental para conocer qu\u00e9 y d\u00f3nde sucede, y as\u00ed realizar an\u00e1lisis criminales\u201d, se\u00f1al\u00f3.<\/p>\n\n\n\n<figure class=\"wp-block-gallery has-nested-images columns-2 is-cropped wp-block-gallery-1 is-layout-flex wp-block-gallery-is-layout-flex\">\n<figure class=\"wp-block-image size-large\"><a href=\"https:\/\/redsemlac.com\/semmexico\/wp-content\/uploads\/2022\/09\/12.jpeg\"><img loading=\"lazy\" decoding=\"async\" width=\"1280\" height=\"940\" data-id=\"55929\" src=\"https:\/\/redsemlac.com\/semmexico\/wp-content\/uploads\/2022\/09\/12.jpeg\" alt=\"\" class=\"wp-image-55929\"\/><\/a><\/figure>\n\n\n\n<figure class=\"wp-block-image size-large\"><a href=\"https:\/\/redsemlac.com\/semmexico\/wp-content\/uploads\/2022\/09\/9.jpeg\"><img loading=\"lazy\" decoding=\"async\" width=\"1599\" height=\"1066\" data-id=\"55927\" src=\"https:\/\/redsemlac.com\/semmexico\/wp-content\/uploads\/2022\/09\/9.jpeg\" alt=\"\" class=\"wp-image-55927\"\/><\/a><\/figure>\n\n\n\n<figure class=\"wp-block-image size-large\"><a href=\"https:\/\/redsemlac.com\/semmexico\/wp-content\/uploads\/2022\/09\/8.jpeg\"><img loading=\"lazy\" decoding=\"async\" width=\"1599\" height=\"1066\" data-id=\"55926\" src=\"https:\/\/redsemlac.com\/semmexico\/wp-content\/uploads\/2022\/09\/8.jpeg\" alt=\"\" class=\"wp-image-55926\"\/><\/a><\/figure>\n\n\n\n<figure class=\"wp-block-image size-large\"><a href=\"https:\/\/redsemlac.com\/semmexico\/wp-content\/uploads\/2022\/09\/6.jpeg\"><img loading=\"lazy\" decoding=\"async\" width=\"1599\" height=\"1066\" data-id=\"55925\" src=\"https:\/\/redsemlac.com\/semmexico\/wp-content\/uploads\/2022\/09\/6.jpeg\" alt=\"\" class=\"wp-image-55925\"\/><\/a><\/figure>\n<\/figure>\n\n\n\n<p class=\"wp-block-paragraph\">\u201cNosotros nos hemos ido preparando internamente para dar resultados; tenemos m\u00e1s y mejores polic\u00edas, peritos profesionales, as\u00ed como ministerios p\u00fablicos que empezamos a certificar por toda su experiencia, para que sean mejores profesionales\u201d, explic\u00f3 la Fiscal General.<\/p>\n\n\n\n<p class=\"wp-block-paragraph\">Por \u00faltimo, subray\u00f3 que \u201cexiste una coordinaci\u00f3n efectiva entre la instituci\u00f3n y todos los niveles de gobierno, lo que incluye a la alcald\u00eda Venustiano Carranza, por lo que celebr\u00f3 la disposici\u00f3n de su alcaldesa Evelyn Parra para obtener, juntas, buenos resultados\u201d.<\/p>\n\n\n\n<p class=\"wp-block-paragraph\">En su oportunidad, Evelyn Parra, alcaldesa de la demarcaci\u00f3n refrend\u00f3 la estrecha y positiva comunicaci\u00f3n entre la alcald\u00eda y la Fiscal\u00eda de Investigaci\u00f3n Territorial, adem\u00e1s de que celebr\u00f3 la presencia y activa participaci\u00f3n del fiscal territorial en todas las reuniones de gabinete.<\/p>\n\n\n\n<p class=\"wp-block-paragraph\">Finalmente, se anunci\u00f3 tambi\u00e9n que derivado de la asesor\u00eda de instituciones como la FGJCDMX, se abrir\u00e1 un refugio temporal denominado Casa Violeta, destinado a la atenci\u00f3n de mujeres, que tiene como objetivo evitar que sean v\u00edctimas de todo tipo de delitos, incluido el feminicidio.<\/p>\n\n\n\n<p class=\"wp-block-paragraph\">Durante la audiencia p\u00fablica, la abogada de la ciudad atendi\u00f3 diferentes casos que pudieran ser constitutivos de delito, brind\u00f3 asesor\u00eda y canaliz\u00f3 las solicitudes o denuncias a diferentes \u00e1reas de la instituci\u00f3n.<\/p>\n\n\n\n<p class=\"wp-block-paragraph\">En el evento se dispusieron mesas de atenci\u00f3n especializada, encabezadas por Sayuri Herrera Rom\u00e1n, Coordinadora General de Investigaci\u00f3n de Delitos de G\u00e9nero y Atenci\u00f3n a V\u00edctimas; Mar\u00eda Seberina Ortega L\u00f3pez, Coordinadora General de Investigaci\u00f3n Forense y Servicios Periciales; Dulce Araceli Quintanar, Fiscal de Investigaci\u00f3n del Delito de Narcomenudeo; Jos\u00e9 Gerardo Huerta Alcal\u00e1, titular de la Unidad de Asuntos Internos, as\u00ed como Jos\u00e9 D\u00edaz Padilla, Fiscal de Investigaci\u00f3n Territorial en Venustiano Carranza.<\/p>\n\n\n\n<p class=\"wp-block-paragraph\">SEM\/MG<\/p>\n","protected":false},"excerpt":{"rendered":"<p>La abogada de la ciudad atendi\u00f3 diferentes casos que pudieran ser constitutivos de delito, brind\u00f3 asesor\u00eda y canaliz\u00f3 las solicitudes o denuncias a diferentes \u00e1reas de la instituci\u00f3n.<\/p>\n","protected":false},"author":3,"featured_media":55928,"comment_status":"open","ping_status":"open","sticky":false,"template":"","format":"standard","meta":{"_monsterinsights_skip_tracking":false,"footnotes":""},"categories":[693,51],"tags":[],"class_list":["post-55924","post","type-post","status-publish","format-standard","has-post-thumbnail","category-693","category-ejecutivo"],"_links":{"self":[{"href":"https:\/\/redsemlac.com\/semmexico\/wp-json\/wp\/v2\/posts\/55924","targetHints":{"allow":["GET"]}}],"collection":[{"href":"https:\/\/redsemlac.com\/semmexico\/wp-json\/wp\/v2\/posts"}],"about":[{"href":"https:\/\/redsemlac.com\/semmexico\/wp-json\/wp\/v2\/types\/post"}],"author":[{"embeddable":true,"href":"https:\/\/redsemlac.com\/semmexico\/wp-json\/wp\/v2\/users\/3"}],"replies":[{"embeddable":true,"href":"https:\/\/redsemlac.com\/semmexico\/wp-json\/wp\/v2\/comments?post=55924"}],"version-history":[{"count":0,"href":"https:\/\/redsemlac.com\/semmexico\/wp-json\/wp\/v2\/posts\/55924\/revisions"}],"wp:featuredmedia":[{"embeddable":true,"href":"https:\/\/redsemlac.com\/semmexico\/wp-json\/wp\/v2\/media\/55928"}],"wp:attachment":[{"href":"https:\/\/redsemlac.com\/semmexico\/wp-json\/wp\/v2\/media?parent=55924"}],"wp:term":[{"taxonomy":"category","embeddable":true,"href":"https:\/\/redsemlac.com\/semmexico\/wp-json\/wp\/v2\/categories?post=55924"},{"taxonomy":"post_tag","embeddable":true,"href":"https:\/\/redsemlac.com\/semmexico\/wp-json\/wp\/v2\/tags?post=55924"}],"curies":[{"name":"wp","href":"https:\/\/api.w.org\/{rel}","templated":true}]}}