{"id":5591,"date":"2017-09-04T17:23:28","date_gmt":"2017-09-04T17:23:28","guid":{"rendered":"https:\/\/redsemlac.com\/semmexico\/?p=5591"},"modified":"2023-07-21T14:24:36","modified_gmt":"2023-07-21T19:24:36","slug":"quedo-demostrado-que-los-prejuicios-y-discriminacion-prevalecen-angelica-de-la-pena-gomez","status":"publish","type":"post","link":"https:\/\/redsemlac.com\/semmexico\/quedo-demostrado-que-los-prejuicios-y-discriminacion-prevalecen-angelica-de-la-pena-gomez\/","title":{"rendered":"Qued\u00f3 demostrado que los prejuicios y discriminaci\u00f3n prevalecen: Ang\u00e9lica de la Pe\u00f1a G\u00f3mez"},"content":{"rendered":"\n<p class=\"wp-block-paragraph\"><a href=\"https:\/\/www.semmexico.com\/gallery-post.php?id=2828#\">Redacci\u00f3n<\/a><\/p>\n\n\n\n<p class=\"wp-block-paragraph\">SemM\u00e9xico, Cd. de M\u00e9xico, 4 septiembre 2017.- La senadora Ang\u00e9lica de la Pe\u00f1a G\u00f3mez, del grupo parlamentario del PRD, afirm\u00f3 que la elecci\u00f3n de la Mesa Directiva del Senado de la Rep\u00fablica y el proceder del grupo parlamentario del Partido Revolucionario Institucional durante las negociaciones previas, son un mal augurio para el proceso electoral del pr\u00f3ximo a\u00f1o.<br><br>Lo anterior porque el 31 de agosto el pleno del Senado eligi\u00f3, con 77 votos a favor, al senador Ernesto Cordero Arroyo, del grupo parlamentario del PAN, como presidente de la Mesa Directiva para el Tercer A\u00f1o de Ejercicio Constitucional de la LXIII Legislatura que dio inicio el 1 de septiembre.<br><br>Pero dicha elecci\u00f3n estuvo rodeada de disputas y acusaciones de traici\u00f3n por senadoras y senadores del PAN, ya que el grupo Parlamentario del PAN hab\u00eda propuesto a las senadoras Laura Rojas Hern\u00e1ndez y Adriana D\u00e1vila Fern\u00e1ndez como presidentas de la Mesa Directiva, pero esta propuesta, afirmaron las legisladoras, fue \u201cvetada\u201d por el PRI, partido que impuls\u00f3 a Ernesto Cordero; ante lo cual la mayor\u00eda de la bancada del PAN se abstuvo de votar.<br><br>Por ello, la legisladora del PRD expres\u00f3, en un comunicado, que \u201cdebemos se\u00f1alar que no se valoraron las capacidades de las senadoras propuestas por Acci\u00f3n Nacional y con ello se vulner\u00f3 el principio de paridad en la designaci\u00f3n de los espacios de direcci\u00f3n en una de las dos c\u00e1maras del Congreso de la Uni\u00f3n\u201d.<br><br>Apunt\u00f3 que \u201cdurante cinco a\u00f1os hemos trabajado para que las mujeres sean consideradas, en igualdad de condiciones que los hombres, para ocupar espacios de poder y decisi\u00f3n, y la noche de ayer qued\u00f3 demostrado que los prejuicios y discriminaci\u00f3n prevalecen y se desde\u00f1\u00f3 a dos legisladoras altamente capaces de conducir el trabajo de la C\u00e1mara de Senadores\u201d.<br><br>En este contexto, advirti\u00f3 que si esto ocurri\u00f3 en el Senado de la Rep\u00fablica, donde se ha aprobado la legislaci\u00f3n m\u00e1s avanzada en la protecci\u00f3n y reconocimiento de los derechos de las mujeres, es muy probable que en el proceso electoral del 2018 se busque la manera de darle la vuelta a la ley y relegar a las mujeres candidatas a los distritos y municipios menos importantes<br>y m\u00e1s dif\u00edciles de ganar.<br><br>De la Pe\u00f1a G\u00f3mez inform\u00f3 que \u201clas y los senadores del Grupo Parlamentario del Partido de la Revoluci\u00f3n Democr\u00e1tica no votaron a favor del senador Ernesto Cordero, entre otras cuestiones, porque se debi\u00f3 respetar la decisi\u00f3n del Grupo Parlamentario de Acci\u00f3n Nacional y dar tiempo a que sus propuestas fueran incorporadas en el acuerdo general\u201d.<br><br>Finalmente, lament\u00f3 que el Grupo Parlamentario del PRI no respetara la representaci\u00f3n que en 2012 el voto de la ciudadan\u00eda le otorg\u00f3 al PRD en la C\u00e1mara de Senadores como tercera fuerza pol\u00edtica, la cual, pese a salida de algunos de sus integrantes para militar en otro partido pol\u00edtico, prevalece hasta la conclusi\u00f3n de la actual legislatura.<br><br>SEM\/am\/lr<br><br><\/p>\n","protected":false},"excerpt":{"rendered":"<p>Redacci\u00f3n SemM\u00e9xico, Cd. de M\u00e9xico, 4 septiembre 2017.- La senadora Ang\u00e9lica de la Pe\u00f1a G\u00f3mez, del grupo parlamentario del PRD, afirm\u00f3 que la elecci\u00f3n de la Mesa Directiva del Senado de la Rep\u00fablica y el proceder del grupo parlamentario del Partido Revolucionario Institucional durante las negociaciones previas, son un mal augurio para el proceso electoral [&hellip;]<\/p>\n","protected":false},"author":3,"featured_media":5592,"comment_status":"open","ping_status":"open","sticky":false,"template":"","format":"standard","meta":{"_monsterinsights_skip_tracking":false,"footnotes":""},"categories":[687,50],"tags":[],"class_list":["post-5591","post","type-post","status-publish","format-standard","has-post-thumbnail","category-687","category-congreso"],"_links":{"self":[{"href":"https:\/\/redsemlac.com\/semmexico\/wp-json\/wp\/v2\/posts\/5591","targetHints":{"allow":["GET"]}}],"collection":[{"href":"https:\/\/redsemlac.com\/semmexico\/wp-json\/wp\/v2\/posts"}],"about":[{"href":"https:\/\/redsemlac.com\/semmexico\/wp-json\/wp\/v2\/types\/post"}],"author":[{"embeddable":true,"href":"https:\/\/redsemlac.com\/semmexico\/wp-json\/wp\/v2\/users\/3"}],"replies":[{"embeddable":true,"href":"https:\/\/redsemlac.com\/semmexico\/wp-json\/wp\/v2\/comments?post=5591"}],"version-history":[{"count":0,"href":"https:\/\/redsemlac.com\/semmexico\/wp-json\/wp\/v2\/posts\/5591\/revisions"}],"wp:featuredmedia":[{"embeddable":true,"href":"https:\/\/redsemlac.com\/semmexico\/wp-json\/wp\/v2\/media\/5592"}],"wp:attachment":[{"href":"https:\/\/redsemlac.com\/semmexico\/wp-json\/wp\/v2\/media?parent=5591"}],"wp:term":[{"taxonomy":"category","embeddable":true,"href":"https:\/\/redsemlac.com\/semmexico\/wp-json\/wp\/v2\/categories?post=5591"},{"taxonomy":"post_tag","embeddable":true,"href":"https:\/\/redsemlac.com\/semmexico\/wp-json\/wp\/v2\/tags?post=5591"}],"curies":[{"name":"wp","href":"https:\/\/api.w.org\/{rel}","templated":true}]}}