{"id":55907,"date":"2022-09-12T07:46:38","date_gmt":"2022-09-12T13:46:38","guid":{"rendered":"https:\/\/redsemlac.com\/semmexico\/?p=55907"},"modified":"2023-07-21T19:14:19","modified_gmt":"2023-07-22T00:14:19","slug":"opinion-recomposiciones-varias","status":"publish","type":"post","link":"https:\/\/redsemlac.com\/semmexico\/opinion-recomposiciones-varias\/","title":{"rendered":"Opini\u00f3n| Recomposiciones varias"},"content":{"rendered":"\n<p class=\"wp-block-paragraph\"><strong>Carlos Duayhe Villase\u00f1or<\/strong><\/p>\n\n\n\n<p class=\"has-text-align-right wp-block-paragraph\"><em>Al compadre Eduardo Martens Barket, en su \u00faltimo viaje<\/em><\/p>\n\n\n\n<p class=\"wp-block-paragraph\">SemM\u00e9xico, Ciudad de M\u00e9xico, 12 de septiembre del 2022.- La vuelta legal de los militares a controlar la Guardia Nacional en sus actividades contra la delincuencia, aprobada recientemente por la C\u00e1mara de Diputados y ratificada por el Senado, genera toda clase de controversias en la sociedad en espera de resultados positivos tangibles.<\/p>\n\n\n\n<p class=\"wp-block-paragraph\">Y no s\u00f3lo resultados ante un panorama que por m\u00e1s estad\u00edsticas a la baja que se presenten en materia de delitos, agudizan las discrepancias pol\u00edticas de todo orden no s\u00f3lo entre los poderes sino en el resto de sectores sociales.<\/p>\n\n\n\n<p class=\"wp-block-paragraph\">Por lo pronto no se sabe cu\u00e1ndo regresar\u00e1n los militares a sus cuarteles y hay incluso la posibilidad de que en vez de retirarse en el 2024 como establece un art\u00edculo de la Constituci\u00f3n, ahora hay una nueva iniciativa, la del PRI, para que sea en 2028 y Morena est\u00e1 respaldando.<\/p>\n\n\n\n<p class=\"wp-block-paragraph\">Hay muchas interrogantes, principalmente c\u00f3mo manejar\u00e1n las fuerzas armadas el respeto a las leyes que garantizan los derechos humanos tambi\u00e9n consagrados en los primeros 29 art\u00edculos de la Constituci\u00f3n.<\/p>\n\n\n\n<p class=\"wp-block-paragraph\">Y de paso los convenios en diversas materias de derechos humanos signados por el gobierno mexicano y que son como 43 y contando: declaraciones internacionales de derechos humanos; tratados internacionales firmados y ratificados por M\u00e9xico; tortura; derecho internacional humanitario \u2013incluye desapariciones forzadas- derechos de las y los migrantes, entre ellos.&nbsp;<\/p>\n\n\n\n<p class=\"wp-block-paragraph\">Otras recomposiciones inminentes son las respuestas mismas de la delincuencia organizada, principalmente en los referente a la producci\u00f3n y trasiego de enervantes tanto en las ciudades como hacia los Estados Unidos, sin descontar trata de personas, paso de migrantes desde el sur hacia el norte; tr\u00e1fico de armas; extorsiones, secuestros.<\/p>\n\n\n\n<p class=\"wp-block-paragraph\">Es una tarea muy compleja que enfrenta el gobierno federal y as\u00ed como sostiene sus pol\u00edticas de ir hacia los or\u00edgenes de la violencia y desde ah\u00ed empezar el equilibrio planteado, y lo que ocurre en las calles, carreteras, sierras, y mares de M\u00e9xico.<\/p>\n\n\n\n<p class=\"wp-block-paragraph\">En este mismo contexto urge coordinarse muy a fondo con las y los gobernadores, alcaldesas y alcaldes de todo el pa\u00eds en lo que concierne a las polic\u00edas locales, que requieren mucha capacitaci\u00f3n y sobre todo orientarlos a la tan esperada por d\u00e9cadas responsabilidades y convertirlas en garantes del estado de derecho.<\/p>\n\n\n\n<p class=\"wp-block-paragraph\">De los magistrados y jueces, buenos que los hay, nefastos que pululan, lograr los compromisos con estos cambios emprendidos por las autoridades federales para que en verdad se logre una sincron\u00eda en los objetivos propuestos con estos cambios legislativos reci\u00e9n aprobados.<\/p>\n\n\n\n<p class=\"wp-block-paragraph\">Atraques:<\/p>\n\n\n\n<p class=\"wp-block-paragraph\">1.&nbsp;&nbsp;&nbsp;&nbsp; La carrera por la presidencia de la Rep\u00fablica sigue a todo tren. Con la suspensi\u00f3n de la alianza Va por M\u00e9xico&nbsp; por parte del PAN y del PRD por la actuaci\u00f3n del PRI en la aprobaci\u00f3n de la Guardia Nacional, cambia la correlaci\u00f3n de fuerzas. Morena va que vuela y el PRI se desmorona con el dirigente actual, Alejandro Moreno.<\/p>\n\n\n\n<p class=\"wp-block-paragraph\">2.&nbsp;&nbsp;&nbsp;&nbsp; Se re\u00fanen los gobernadores de Puebla y Veracruz, Miguel Barbosa Huerta y Cuitl\u00e1huac Garc\u00eda Jim\u00e9nez, con el fin de construir la paz entre ambas entidades, coordinadas las fiscal\u00edas, secretar\u00edas de seguridad y fomento al turismo y cultura, lo importante es que el corredor entre ambas entidades deje ya de ser el m\u00e1s riesgoso en todo el pa\u00eds. A ver si ahora s\u00ed.<\/p>\n\n\n\n<p class=\"wp-block-paragraph\">3.&nbsp;&nbsp;&nbsp;&nbsp; Por fin agua en muchas entidades del noroeste del pa\u00eds, en las franjas que van de las monta\u00f1as hacia el mar, gracias a los huracanes que se han registrado. Causan da\u00f1os lamentables, s\u00ed, originan beneficios, tambi\u00e9n.<\/p>\n","protected":false},"excerpt":{"rendered":"<p>La vuelta legal de los militares a controlar la Guardia Nacional en sus actividades contra la delincuencia, aprobada recientemente por la C\u00e1mara de Diputados y ratificada por el Senado, genera toda clase de controversias en la sociedad en espera de resultados positivos tangibles.<\/p>\n","protected":false},"author":3,"featured_media":55908,"comment_status":"open","ping_status":"open","sticky":false,"template":"","format":"standard","meta":{"_monsterinsights_skip_tracking":false,"footnotes":""},"categories":[693,82,110],"tags":[459],"class_list":["post-55907","post","type-post","status-publish","format-standard","has-post-thumbnail","category-693","category-la-opinion","category-la-opinion-columnas","tag-opinion"],"_links":{"self":[{"href":"https:\/\/redsemlac.com\/semmexico\/wp-json\/wp\/v2\/posts\/55907","targetHints":{"allow":["GET"]}}],"collection":[{"href":"https:\/\/redsemlac.com\/semmexico\/wp-json\/wp\/v2\/posts"}],"about":[{"href":"https:\/\/redsemlac.com\/semmexico\/wp-json\/wp\/v2\/types\/post"}],"author":[{"embeddable":true,"href":"https:\/\/redsemlac.com\/semmexico\/wp-json\/wp\/v2\/users\/3"}],"replies":[{"embeddable":true,"href":"https:\/\/redsemlac.com\/semmexico\/wp-json\/wp\/v2\/comments?post=55907"}],"version-history":[{"count":0,"href":"https:\/\/redsemlac.com\/semmexico\/wp-json\/wp\/v2\/posts\/55907\/revisions"}],"wp:featuredmedia":[{"embeddable":true,"href":"https:\/\/redsemlac.com\/semmexico\/wp-json\/wp\/v2\/media\/55908"}],"wp:attachment":[{"href":"https:\/\/redsemlac.com\/semmexico\/wp-json\/wp\/v2\/media?parent=55907"}],"wp:term":[{"taxonomy":"category","embeddable":true,"href":"https:\/\/redsemlac.com\/semmexico\/wp-json\/wp\/v2\/categories?post=55907"},{"taxonomy":"post_tag","embeddable":true,"href":"https:\/\/redsemlac.com\/semmexico\/wp-json\/wp\/v2\/tags?post=55907"}],"curies":[{"name":"wp","href":"https:\/\/api.w.org\/{rel}","templated":true}]}}