{"id":55905,"date":"2022-09-12T07:42:42","date_gmt":"2022-09-12T13:42:42","guid":{"rendered":"https:\/\/redsemlac.com\/semmexico\/?p=55905"},"modified":"2023-07-21T19:14:19","modified_gmt":"2023-07-22T00:14:19","slug":"miradas-de-reportero-el-fondo-federal-para-asegurar-periodistas-alcanzaria-para-apuntalar-a-mil-medios-no-lucrativos","status":"publish","type":"post","link":"https:\/\/redsemlac.com\/semmexico\/miradas-de-reportero-el-fondo-federal-para-asegurar-periodistas-alcanzaria-para-apuntalar-a-mil-medios-no-lucrativos\/","title":{"rendered":"Miradas de Reportero| El fondo federal para asegurar periodistas alcanzar\u00eda para apuntalar a mil medios no lucrativos"},"content":{"rendered":"\n<p class=\"wp-block-paragraph\"><strong>Rogelio Hern\u00e1ndez L\u00f3pez<\/strong><\/p>\n\n\n\n<p class=\"wp-block-paragraph\">SemM\u00e9xico, Ciudad de M\u00e9xico, 12 de septiembre del 2022.- El periodista Jos\u00e9 Reveles me confirm\u00f3 que, en promedio mensual, se han aprobado 230 periodistas para que cuenten con seguro social gratuito. A ese ritmo, cuando termine 2022 ser\u00e1n unos 1,400 las y los asegurados. Con esa previsi\u00f3n puede calcularse que se erogar\u00e1n en ellos un poco m\u00e1s de 7 millones de pesos al fin del a\u00f1o, que significan menos del 1 por ciento (0.93) de los 760 millones anuales que se dispusieron para ese fin.<\/p>\n\n\n\n<p class=\"wp-block-paragraph\">Poco a poco se entiende y se acepta que este programa es para apoyar a que las y los periodistas m\u00e1s vulnerables realicen su trabajo profesional en mejores condiciones sociales. Y, s\u00ed el fin \u00faltimo del gobierno federal es ampliar el derecho ciudadano de estar bien informado, los remanentes que no se ocupen del total de estos recursos ya asignados podr\u00edan encausarse a otro programa federal para financiar a miles de peque\u00f1as empresas period\u00edsticas que se han formado en dos d\u00e9cadas.<\/p>\n\n\n\n<p class=\"wp-block-paragraph\">Por ejemplo, el sobrante de los 760 millones que no se ocupara este a\u00f1o ser\u00e1 el 99 por ciento (752 millones 896 mil 254 pesos), remanente que podr\u00eda destinarse, sin problemas, para unas mil peque\u00f1as empresas precarias de periodistas y cada una podr\u00eda cubrir salarios de 11 mil pesos mensuales a cinco empleadas y empleados.<\/p>\n\n\n\n<p class=\"wp-block-paragraph\">En ese sentido, es altamente probable que para todo 2023 sean unas 3 mil 500 personas periodistas las aprobadas al programa de seguros gratuitos en el Instituto Mexicano del Seguro Social (IMSS), la mitad de los que se estima que carecen de seguridad social. Y si el fondo anual fuese tambi\u00e9n de 760 millones de pesos tambi\u00e9n le quedar\u00edan 669 millones de pesos, porque el gobierno federal pagar\u00eda de cuotas al IMSS 90 millones 824 mil 160 pesos.<\/p>\n\n\n\n<p class=\"wp-block-paragraph\">Con un programa de apoyo as\u00ed, para peque\u00f1as empresas informativas, se reconocer\u00eda adem\u00e1s la realidad de la segregaci\u00f3n y precariedad de miles de medios del periodismo mexicano; ayudar\u00eda a contrarrestar el subempleo de miles de periodistas, hoy ajenos a los grandes corporativos; y apoyar\u00eda al desarrollo de un gran segmento de medios informativos que, por necesidad de sobrevivencia tienen que ganar mayor credibilidad lo que se lograr\u00eda acentuando su servicio social de la informaci\u00f3n y no tener inter\u00e9s lucrativo. Veamos m\u00e1s detalles:<\/p>\n\n\n\n<h2 class=\"wp-block-heading\"><strong>Inscripci\u00f3n pausada<\/strong><\/h2>\n\n\n\n<p class=\"wp-block-paragraph\">En junio, el Presidente de la Rep\u00fablica anunci\u00f3 un programa federal gratuito para periodistas que trabajan por su cuenta y carecen de seguridad social. Ser\u00edan inscritos al IMSS con cinco seguros para servicio m\u00e9dico y servicios de guarder\u00eda, para riesgos de trabajo, embarazo, invalidez y de vida; por cesant\u00eda y jubilaci\u00f3n.<\/p>\n\n\n\n<p class=\"wp-block-paragraph\">Para evaluar las solicitudes y aceptar la inscripci\u00f3n se form\u00f3 un comit\u00e9 de cinco periodistas: Fernanda Tapia, Nancy Flores, Enrique Galv\u00e1n Ochoa, Rub\u00e9n Villalpando y Jos\u00e9 Reveles.<\/p>\n\n\n\n<p class=\"wp-block-paragraph\">El 7 de septiembre el periodista Jos\u00e9 Reveles me inform\u00f3 que hasta el 31 de julio se hab\u00edan aceptado a 471 solicitantes que ya pudieron usar los seguros a partir de agosto y comenzar a acumular para jubilaci\u00f3n.<\/p>\n\n\n\n<p class=\"wp-block-paragraph\">La convocatoria se abri\u00f3 nuevamente y ser\u00e1 cerrada en noviembre. Hasta fines de agosto se hab\u00edan inscrito y aprobado en total unos 700, es decir otros 230 en un mes que recibir\u00e1n el seguro a partir del mes de diciembre.<\/p>\n\n\n\n<p class=\"wp-block-paragraph\">Si entre junio, julio y agosto se aprob\u00f3 a 700, la tendencia indica que en los meses de septiembre, octubre y noviembre podr\u00eda inscribirse una cantidad similar para sumar 1, 400 durante 2022.<\/p>\n\n\n\n<h2 class=\"wp-block-heading\"><strong>Gasto de 7 millones en 2022<\/strong><\/h2>\n\n\n\n<p class=\"wp-block-paragraph\">El programa de inscripci\u00f3n gratuita en el Seguro Social para cada persona periodista tom\u00f3 como base de cotizaci\u00f3n la cantidad de 11 mil 600 pesos mensuales, que corresponde al salario m\u00ednimo profesional de periodista.<\/p>\n\n\n\n<p class=\"wp-block-paragraph\">Con esa base de cotizaci\u00f3n, la cuota mensual que el gobierno federal pagar\u00e1 al IMSS por cada persona periodista asegurada ser\u00e1 en promedio de 2 mil 162 pesos 48 centavos.<\/p>\n\n\n\n<p class=\"wp-block-paragraph\">As\u00ed, por los primeros 471 que fueron aprobados a fines de julio sus cuotas a diciembre al IMSS, por cinco meses, sumar\u00e1n 5 millones 092 mil 640 pesos.<\/p>\n\n\n\n<p class=\"wp-block-paragraph\">Por los siguientes 230 que ya fueron autorizados en agosto, pero dispondr\u00e1n del seguro social hasta diciembre, el gobierno federal pagar\u00e1 la cuota de solo el mes de diciembre lo que arroja un subtotal de 497 mil 370 pesos.<\/p>\n\n\n\n<p class=\"wp-block-paragraph\">Y de cumplirse la tendencia de que se inscriban otros 700 hasta el mes de noviembre, el pago de cuota ser\u00e1 tambi\u00e9n solo por el mes de diciembre, lo que arrojar\u00e1 otro subtotal de 1 mill\u00f3n 513 mil 736 pesos.<\/p>\n\n\n\n<p class=\"wp-block-paragraph\">Entonces la suma total de cuotas para las 1 mil 400 personas periodistas, probablemente aseguradas en todo 2022, ser\u00e1 de 7 millones 103 mil 746 pesos, apenas el 0.93 por ciento de los 760 millones que anunci\u00f3 el gobierno federal que dispondr\u00eda para este a\u00f1o correspondientes al 25 por ciento del gasto total federal en publicidad en medios de difusi\u00f3n privados.<\/p>\n\n\n\n<h2 class=\"wp-block-heading\"><strong>Apoyo a mil medios no lucrativos<\/strong><\/h2>\n\n\n\n<p class=\"wp-block-paragraph\">El Instituto Nacional de Estad\u00edsticas y Geograf\u00eda indica que son aproximadamente 7 mil personas periodistas de todas las especialidades que generan informaci\u00f3n noticiosa que trabajan por su cuenta y\/o carecen de seguridad social.<\/p>\n\n\n\n<p class=\"wp-block-paragraph\">Es altamente probable que de ese total la mitad &#8211;unos 3 mil 500&#8211; sea aprobada su inscripci\u00f3n para los seguros gratuitos en el IMSS en todo 2023.<\/p>\n\n\n\n<p class=\"wp-block-paragraph\">Las cuotas que pagar\u00eda el gobierno federal por esa cantidad sumar\u00edan 90 millones 824 mil 160 pesos, por todo 2023 a precios de 2022, lo que representa apenas un 11.95% de los 760 millones que presumiblemente se destinar\u00edan, en caso de no aumentar el presupuesto anual de gasto publicitario.<\/p>\n\n\n\n<p class=\"wp-block-paragraph\">Y despu\u00e9s de pagar al IMSS al fondo de seguridad social federal para periodistas le quedar\u00eda un remanente de 669 millones de pesos en 2023.<\/p>\n\n\n\n<p class=\"wp-block-paragraph\">Esa cantidad sobrante, ya dispuesta para ayudar a las personas periodistas m\u00e1s precarizadas bien podr\u00eda convertirse en otro programa federal para financiar, al menos a mil peque\u00f1as empresas precarias de periodistas y garantizarles salarios para cinco empleados\/as de 11 mil pesos mensuales a cada uno y todo un a\u00f1o.<\/p>\n\n\n\n<p class=\"wp-block-paragraph\">Est\u00e1 pendiente que la Secretar\u00eda de Hacienda, o la de econom\u00eda o hasta el INEGI que, durante dos d\u00e9cadas se han creado, en todo el pa\u00eds. Al menos 2 mil 500 peque\u00f1as empresas de periodistas emprender\u00e1s y emprendedores que, por independencia editorial, crearon medios impresos y\/o digitales, o bien como alternativa al desempleo.<\/p>\n\n\n\n<p class=\"wp-block-paragraph\">Un colectivo de periodistas ha promovido que el gobierno federal y gobiernos estatales reconozcan jur\u00eddicamente la figura de Prensa no lucrativa para que, adem\u00e1s de los medios p\u00fablicos y comunitarios, se a\u00f1ada a las empresas de autoempleo de periodistas con un n\u00famero de entre 10 y 20 personas m\u00e1ximo.<\/p>\n\n\n\n<p class=\"wp-block-paragraph\">Estas empresas, seg\u00fan la intenci\u00f3n inicial tendr\u00edan que cumplir con una l\u00ednea editorial independiente de los grandes corporativos y de gobiernos; contar con c\u00f3digos de \u00e9tica y defensores de la informaci\u00f3n, para cada medio o colectivos; comprometerse a invertir las ganancias en capacitaci\u00f3n continua y mejoramiento de equipos e instalaciones. Todo para garantizar que sea mayor su vocaci\u00f3n de servicio social al informar.<\/p>\n\n\n\n<p class=\"wp-block-paragraph\">Con el reconocimiento legal y apoyo financiero a este nuevo segmento de periodismo no lucrativo con responsabilidad social apuntalar\u00eda a estas empresas ya existentes y se ayudar\u00eda a la ampliaci\u00f3n del derecho de los mexicanos a contar con la informaci\u00f3n que no busca el lucro como principio de existencia.<\/p>\n","protected":false},"excerpt":{"rendered":"<p> El periodista Jos\u00e9 Reveles me confirm\u00f3 que, en promedio mensual, se han aprobado 230 periodistas para que cuenten con seguro social gratuito.<\/p>\n","protected":false},"author":3,"featured_media":38348,"comment_status":"open","ping_status":"open","sticky":false,"template":"","format":"standard","meta":{"_monsterinsights_skip_tracking":false,"footnotes":""},"categories":[693,106,35,85],"tags":[],"class_list":["post-55905","post","type-post","status-publish","format-standard","has-post-thumbnail","category-693","category-mirada-de-reportero","category-opinion","category-rogelio-hernandez-lopez"],"_links":{"self":[{"href":"https:\/\/redsemlac.com\/semmexico\/wp-json\/wp\/v2\/posts\/55905","targetHints":{"allow":["GET"]}}],"collection":[{"href":"https:\/\/redsemlac.com\/semmexico\/wp-json\/wp\/v2\/posts"}],"about":[{"href":"https:\/\/redsemlac.com\/semmexico\/wp-json\/wp\/v2\/types\/post"}],"author":[{"embeddable":true,"href":"https:\/\/redsemlac.com\/semmexico\/wp-json\/wp\/v2\/users\/3"}],"replies":[{"embeddable":true,"href":"https:\/\/redsemlac.com\/semmexico\/wp-json\/wp\/v2\/comments?post=55905"}],"version-history":[{"count":0,"href":"https:\/\/redsemlac.com\/semmexico\/wp-json\/wp\/v2\/posts\/55905\/revisions"}],"wp:featuredmedia":[{"embeddable":true,"href":"https:\/\/redsemlac.com\/semmexico\/wp-json\/wp\/v2\/media\/38348"}],"wp:attachment":[{"href":"https:\/\/redsemlac.com\/semmexico\/wp-json\/wp\/v2\/media?parent=55905"}],"wp:term":[{"taxonomy":"category","embeddable":true,"href":"https:\/\/redsemlac.com\/semmexico\/wp-json\/wp\/v2\/categories?post=55905"},{"taxonomy":"post_tag","embeddable":true,"href":"https:\/\/redsemlac.com\/semmexico\/wp-json\/wp\/v2\/tags?post=55905"}],"curies":[{"name":"wp","href":"https:\/\/api.w.org\/{rel}","templated":true}]}}