{"id":5588,"date":"2017-09-04T17:21:59","date_gmt":"2017-09-04T17:21:59","guid":{"rendered":"https:\/\/redsemlac.com\/semmexico\/?p=5588"},"modified":"2023-07-21T14:24:36","modified_gmt":"2023-07-21T19:24:36","slug":"hace-falta-promover-la-perspectiva-de-genero-en-la-produccion-nacional","status":"publish","type":"post","link":"https:\/\/redsemlac.com\/semmexico\/hace-falta-promover-la-perspectiva-de-genero-en-la-produccion-nacional\/","title":{"rendered":"Hace falta promover la perspectiva de g\u00e9nero en la producci\u00f3n nacional"},"content":{"rendered":"\n<p class=\"wp-block-paragraph\"><a href=\"https:\/\/www.semmexico.com\/gallery-post.php?id=2834#\">Redacci\u00f3n<\/a><\/p>\n\n\n\n<p class=\"wp-block-paragraph\">SemM\u00e9xico, Cd. de M\u00e9xico, 4 septiembre 2017.- La senadora Ang\u00e9lica de la Pe\u00f1a G\u00f3mez, presidenta de la Comisi\u00f3n de Derechos Humanos del Senado de la Rep\u00fablica, afirm\u00f3 que el Congreso de la Uni\u00f3n tiene la responsabilidad de actualizar la Ley Federal de Telecomunicaciones y Radiodifusi\u00f3n al mismo ritmo de los avances tecnol\u00f3gicos, para garantizar que la poblaci\u00f3n goce de sus derechos en condiciones de igualdad y con los mecanismos necesarios para la exigibilidad de su aplicaci\u00f3n.<br><br>As\u00ed lo sostuvo durante el foro \u201cTelecomunicaciones y Radiodifusi\u00f3n: los retos que vienen\u201d, donde tambi\u00e9n destac\u00f3 que el Senado de la Rep\u00fablica ha recibido una minuta de la C\u00e1mara de Diputados que modifica diversos preceptos de la legislaci\u00f3n en materia de telecomunicaciones, la cual deber\u00e1 analizarse con absoluta responsabilidad y con el acompa\u00f1amiento de expertas y expertos en este campo.<br><br>Destac\u00f3 que entre los pendientes en esta materia se encuentran tanto la paridad en la integraci\u00f3n del Instituto Federal de Telecomunicaciones (IFT), la protecci\u00f3n de la identidad y el libre desarrollo de la personalidad de todas las personas, pero especialmente, de ni\u00f1as, ni\u00f1os y adolescentes.<br><br>De igual forma, puntualiz\u00f3 que hace falta promover \u201cla perspectiva de g\u00e9nero en la producci\u00f3n nacional, independiente, realizada por mujeres, necesarios para complementar esta importante reforma\u201d, aprobada entre 2013 y 2014.<br><br>Cabe recordar que el principal objetivo de la reforma constitucional en materia de telecomunicaciones y a la Ley Federal de Telecomunicaciones y Radiodifusi\u00f3n, consisti\u00f3 en realizar cambios impulsados por los poderes Ejecutivo y Legislativo para establecer los fundamentos constitucionales y legales para crear una nueva arquitectura jur\u00eddica, institucional, regulatoria y de competencia en este sector.<br><br>Los principales fundamentos de dichas modificaciones estuvieron basados en principios de certidumbre jur\u00eddica, promoci\u00f3n de la competencia, regulaci\u00f3n eficiente, inclusi\u00f3n social digital, independencia, transparencia y rendici\u00f3n de cuentas.<br><br>Ahora, frente en la transformaci\u00f3n digital, indic\u00f3 la senadora perredista, son muchos los retos en materia de telecomunicaciones; de los m\u00e1s complejos, son las resistencias de todo tipo a las nuevas directrices de la propia Ley a partir de los mandatos de la Constituci\u00f3n, oposici\u00f3n a la transparencia, oposici\u00f3n a legitimar lo que establece la ley.<br><br>\u201cCualquier modificaci\u00f3n incidir\u00eda en una serie de preceptos y principios que caracterizan los derechos de usuarios y de las audiencias y el fortalecimiento de instituciones, particularmente, al Instituto Federal de Telecomunicaciones, entre otros importantes aspectos\u201d, explic\u00f3.<br><br>Ang\u00e9lica de la Pe\u00f1a record\u00f3 que definir al IFT como un organismo aut\u00f3nomo requiri\u00f3 de un gran esfuerzo que parti\u00f3 de las propuestas y opini\u00f3n de especialistas y signific\u00f3 un gran avance, \u201choy que el IFT est\u00e1 a punto de iniciar una segunda etapa, de consolidaci\u00f3n, con un proceso para elegir o reelegir a quien lo dirige, es momento de realizar un balance y para ello, debe rendirnos cuentas\u201d.<br><br>\u201cFrente a la transformaci\u00f3n digital tenemos que garantizar que todas y todos entremos con mayor equidad\u201d, dijo.<br><br>Indic\u00f3 que otra de las prioridades del Congreso es que los distintos grupos que conforman la sociedad mexicana, especialmente aquellos que se encuentran en una situaci\u00f3n de vulnerabilidad, conozcan la Ley, sus derechos, y las obligaciones que tienen con ellos las autoridades y concesionarios, as\u00ed como los instrumentos para su plena aplicaci\u00f3n.<br><br>\u201cSeguiremos trabajando y, por supuesto, vamos a incluir a otras senadoras y senadores, especialistas e instituciones, porque tenemos que estar prestos con toda la informaci\u00f3n que necesitamos para hacer una correcta evaluaci\u00f3n para las determinaciones que el Senado de la Rep\u00fablica tiene que hacer en esta materia pr\u00f3ximamente\u201d, puntualiz\u00f3 la senadora Ang\u00e9lica de la Pe\u00f1a.<br><br>Tambi\u00e9n participaron en el foro Mar\u00eda Elena Estavillo, comisionada del Instituto Federal de Telecomunicaciones; Elisa Mariscal, consejera del IFT; Ra\u00fal Trejo Delarbre, investigador del Instituto de Investigaciones Sociales de la UNAM; Mar\u00eda Teresa Arnal, CEO de Google M\u00e9xico; Alejandro Pisanty, de Alfa Redi\/ UNAM\/ NIC M\u00e9xico; Areli Cano, comisionada del Instituto Nacional de Acceso a la Informaci\u00f3n; y Patricia Ortega Ram\u00edrez, UAM Xochimilco.<br><br>SEM\/am\/lr<br><br><\/p>\n","protected":false},"excerpt":{"rendered":"<p>Redacci\u00f3n SemM\u00e9xico, Cd. de M\u00e9xico, 4 septiembre 2017.- La senadora Ang\u00e9lica de la Pe\u00f1a G\u00f3mez, presidenta de la Comisi\u00f3n de Derechos Humanos del Senado de la Rep\u00fablica, afirm\u00f3 que el Congreso de la Uni\u00f3n tiene la responsabilidad de actualizar la Ley Federal de Telecomunicaciones y Radiodifusi\u00f3n al mismo ritmo de los avances tecnol\u00f3gicos, para garantizar [&hellip;]<\/p>\n","protected":false},"author":3,"featured_media":5589,"comment_status":"open","ping_status":"open","sticky":false,"template":"","format":"standard","meta":{"_monsterinsights_skip_tracking":false,"footnotes":""},"categories":[687,50],"tags":[],"class_list":["post-5588","post","type-post","status-publish","format-standard","has-post-thumbnail","category-687","category-congreso"],"_links":{"self":[{"href":"https:\/\/redsemlac.com\/semmexico\/wp-json\/wp\/v2\/posts\/5588","targetHints":{"allow":["GET"]}}],"collection":[{"href":"https:\/\/redsemlac.com\/semmexico\/wp-json\/wp\/v2\/posts"}],"about":[{"href":"https:\/\/redsemlac.com\/semmexico\/wp-json\/wp\/v2\/types\/post"}],"author":[{"embeddable":true,"href":"https:\/\/redsemlac.com\/semmexico\/wp-json\/wp\/v2\/users\/3"}],"replies":[{"embeddable":true,"href":"https:\/\/redsemlac.com\/semmexico\/wp-json\/wp\/v2\/comments?post=5588"}],"version-history":[{"count":0,"href":"https:\/\/redsemlac.com\/semmexico\/wp-json\/wp\/v2\/posts\/5588\/revisions"}],"wp:featuredmedia":[{"embeddable":true,"href":"https:\/\/redsemlac.com\/semmexico\/wp-json\/wp\/v2\/media\/5589"}],"wp:attachment":[{"href":"https:\/\/redsemlac.com\/semmexico\/wp-json\/wp\/v2\/media?parent=5588"}],"wp:term":[{"taxonomy":"category","embeddable":true,"href":"https:\/\/redsemlac.com\/semmexico\/wp-json\/wp\/v2\/categories?post=5588"},{"taxonomy":"post_tag","embeddable":true,"href":"https:\/\/redsemlac.com\/semmexico\/wp-json\/wp\/v2\/tags?post=5588"}],"curies":[{"name":"wp","href":"https:\/\/api.w.org\/{rel}","templated":true}]}}