{"id":55780,"date":"2022-09-08T13:29:25","date_gmt":"2022-09-08T19:29:25","guid":{"rendered":"https:\/\/redsemlac.com\/semmexico\/?p=55780"},"modified":"2023-07-21T19:13:14","modified_gmt":"2023-07-22T00:13:14","slug":"la-voz-del-gremio-periodistico-no-debe-ser-silenciada-blanca-lilia-ibarra-cadena","status":"publish","type":"post","link":"https:\/\/redsemlac.com\/semmexico\/la-voz-del-gremio-periodistico-no-debe-ser-silenciada-blanca-lilia-ibarra-cadena\/","title":{"rendered":"<strong>La voz del gremio period\u00edstico no debe ser silenciada, Blanca Lilia Ibarra Cadena<\/strong>"},"content":{"rendered":"\n<ul class=\"wp-block-list\"><li><strong>Cada 14 horas una o un periodista es agredido, seg\u00fan Informe de Art\u00edculo 19.<\/strong><\/li><\/ul>\n\n\n\n<p class=\"wp-block-paragraph\"><strong>Micaela M\u00e1rquez<\/strong><\/p>\n\n\n\n<p class=\"wp-block-paragraph\">SemM\u00e9xico, Ciudad de M\u00e9xico, 8 de septiembre del 2022.- La Comisionada Presidenta del Instituto Nacional de Transparencia, Acceso a la Informaci\u00f3n y Protecci\u00f3n de Datos Personales (INAI), Blanca Lilia Ibarra Cadena, en la inauguraci\u00f3n del 2\u00ba Foro Internacional Transparencia y Periodismo, expres\u00f3 que \u201cel periodismo es voz, denuncia y exigencia, pero no debe ser muerte, censura o silencio\u201d. Por lo que considera como urgente la creaci\u00f3n de esquemas de libertad de expresi\u00f3n, as\u00ed como mecanismos de protecci\u00f3n y cuidado para el gremio period\u00edstico.<\/p>\n\n\n\n<p class=\"wp-block-paragraph\">\u201cLas y los periodistas que nos faltan, fueron silenciados\/as, pero sus historias, como su memoria, deben mantenerse vivas\u201d, asever\u00f3.<\/p>\n\n\n\n<p class=\"wp-block-paragraph\">De acuerdo al Informe de Art\u00edculo 19, en el primer semestre del 2022, han registrado m\u00e1s de 331 agresiones, una agresi\u00f3n cada 14 horas.&nbsp;<\/p>\n\n\n\n<p class=\"wp-block-paragraph\">La tambi\u00e9n presidenta del Consejo Nacional del Sistema Nacional de Transparencia (SNT) sostuvo que la informaci\u00f3n p\u00fablica sirve para poner en claro y en voz alta, los datos que interesan y duelen a la sociedad, como el de las y los periodistas asesinados en el pa\u00eds, expres\u00f3 en dicho foro, organizado por el Instituto de Transparencia, Acceso a la Informaci\u00f3n P\u00fablica, Protecci\u00f3n de Datos Personales y Rendici\u00f3n de Cuentas de la Ciudad de M\u00e9xico (INFO Ciudad de M\u00e9xico).<\/p>\n\n\n\n<p class=\"wp-block-paragraph\">Refiri\u00f3 que el informe anual de la Relator\u00eda Especial para la Libertad de Expresi\u00f3n de la Comisi\u00f3n Interamericana de Derechos Humanos, ha dicho que \u201cuno de los principales problemas que enfrenta la libertad de expresi\u00f3n en M\u00e9xico, es la violencia letal en contra de las y los periodistas\u201d.<\/p>\n\n\n\n<p class=\"wp-block-paragraph\">A manera de homenaje, Blanca Lilia Ibarra, nombr\u00f3 a las y los periodistas que han perdido la vida en el ejercicio de su labor en lo que va del a\u00f1o y pidi\u00f3 al p\u00fablico brindar un minuto de aplausos en su memoria.<\/p>\n\n\n\n<p class=\"wp-block-paragraph\">Ar\u00edstides Rodrigo Guerrero Garc\u00eda, presidente del INFO Ciudad de M\u00e9xico, afirm\u00f3, \u201choy se ha visto c\u00f3mo ha transitado el periodismo habitual en medios escritos a un periodismo digital, m\u00e1s \u00e1gil y que ofrece la posibilidad de conocer los acontecimientos en el momento que suceden. Lo que implica una mayor responsabilidad para los organismos garantes de la transparencia y protecci\u00f3n de datos personales\u201d.<\/p>\n\n\n\n<p class=\"wp-block-paragraph\">Los trabajos del foro -que se dio lugar en el Museo Memoria y Tolerancia- fueron inaugurados por el Comisionado del INFO Ciudad de M\u00e9xico, Julio C\u00e9sar Bonilla Guti\u00e9rrez; en el acto participaron el Presidente del Sistema P\u00fablico de Radiodifusi\u00f3n del Estado Mexicano, Jenaro Villamil Rodr\u00edguez y el Catedr\u00e1tico de la UNAM, Santiago Nieto Castillo.<\/p>\n\n\n\n<p class=\"wp-block-paragraph\">Estuvieron presentes las Comisionadas del INFO Ciudad de M\u00e9xico, Marina San Mart\u00edn Rebolloso y Mar\u00eda del Carmen Nava Polina; as\u00ed como representantes del gremio period\u00edstico, de los \u00f3rganos garantes de las entidades federativas y de instituciones p\u00fablicas de la capital del pa\u00eds.<\/p>\n\n\n\n<p class=\"wp-block-paragraph\">SEM\/MG<\/p>\n","protected":false},"excerpt":{"rendered":"<p>Cada 14 horas una o un periodista es agredido, seg\u00fan Informe de Art\u00edculo 19.<\/p>\n","protected":false},"author":3,"featured_media":55781,"comment_status":"open","ping_status":"open","sticky":false,"template":"","format":"standard","meta":{"_monsterinsights_skip_tracking":false,"footnotes":""},"categories":[693,55],"tags":[],"class_list":["post-55780","post","type-post","status-publish","format-standard","has-post-thumbnail","category-693","category-periodistas"],"_links":{"self":[{"href":"https:\/\/redsemlac.com\/semmexico\/wp-json\/wp\/v2\/posts\/55780","targetHints":{"allow":["GET"]}}],"collection":[{"href":"https:\/\/redsemlac.com\/semmexico\/wp-json\/wp\/v2\/posts"}],"about":[{"href":"https:\/\/redsemlac.com\/semmexico\/wp-json\/wp\/v2\/types\/post"}],"author":[{"embeddable":true,"href":"https:\/\/redsemlac.com\/semmexico\/wp-json\/wp\/v2\/users\/3"}],"replies":[{"embeddable":true,"href":"https:\/\/redsemlac.com\/semmexico\/wp-json\/wp\/v2\/comments?post=55780"}],"version-history":[{"count":0,"href":"https:\/\/redsemlac.com\/semmexico\/wp-json\/wp\/v2\/posts\/55780\/revisions"}],"wp:featuredmedia":[{"embeddable":true,"href":"https:\/\/redsemlac.com\/semmexico\/wp-json\/wp\/v2\/media\/55781"}],"wp:attachment":[{"href":"https:\/\/redsemlac.com\/semmexico\/wp-json\/wp\/v2\/media?parent=55780"}],"wp:term":[{"taxonomy":"category","embeddable":true,"href":"https:\/\/redsemlac.com\/semmexico\/wp-json\/wp\/v2\/categories?post=55780"},{"taxonomy":"post_tag","embeddable":true,"href":"https:\/\/redsemlac.com\/semmexico\/wp-json\/wp\/v2\/tags?post=55780"}],"curies":[{"name":"wp","href":"https:\/\/api.w.org\/{rel}","templated":true}]}}