{"id":55772,"date":"2022-09-08T11:08:31","date_gmt":"2022-09-08T17:08:31","guid":{"rendered":"https:\/\/redsemlac.com\/semmexico\/?p=55772"},"modified":"2023-07-21T19:13:14","modified_gmt":"2023-07-22T00:13:14","slug":"piden-a-lideres-mundiales-garantizar-una-educacion-primaria-gratuita","status":"publish","type":"post","link":"https:\/\/redsemlac.com\/semmexico\/piden-a-lideres-mundiales-garantizar-una-educacion-primaria-gratuita\/","title":{"rendered":"<strong>Piden a l\u00edderes mundiales garantizar una educaci\u00f3n primaria gratuita<\/strong>"},"content":{"rendered":"\n<ul class=\"wp-block-list\"><li><strong>244 millones de ni\u00f1as y ni\u00f1os no van a la escuela.<\/strong><\/li><li><strong>Proponen crear un nuevo tratado internacional que proteja el derecho de la ni\u00f1ez y de la juventud a acceder a una educaci\u00f3n gratuita.<\/strong><\/li><\/ul>\n\n\n\n<p class=\"wp-block-paragraph\"><strong>Redacci\u00f3n<\/strong><\/p>\n\n\n\n<p class=\"wp-block-paragraph\">SemM\u00e9xico, Ciudad de M\u00e9xico, 8 de septiembre del 2022.- La ni\u00f1ez de las familias que viven en situaci\u00f3n de pobreza, tienen menos posibilidades de acceder a una educaci\u00f3n. La mayor\u00eda de las madres y de los padres, simplemente, no pueden pagar la matriculaci\u00f3n. Por lo que, galardonadas\/os con el premio Nobel de la Paz, relatores\/as especiales de la ONU retirados\/as y en activo, expertas y expertos en derechos de la infancia, ONGs, activistas por la educaci\u00f3n y la ciudadan\u00eda de todo el mundo, proponen crear un nuevo tratado internacional que proteja el derecho de la ni\u00f1ez y de la juventud a acceder a una educaci\u00f3n gratuita; desde nivel preescolar, hasta el final de secundaria.<\/p>\n\n\n\n<p class=\"wp-block-paragraph\">244 millones de ni\u00f1as y ni\u00f1os no van a la escuela -cifra mayor a la de la poblaci\u00f3n de Brasil- que se le est\u00e1 negando la oportunidad de aprender.<\/p>\n\n\n\n<p class=\"wp-block-paragraph\">\u00bfC\u00f3mo se puede lograr el mundo que se quiere? \u00bfC\u00f3mo resolver la crisis clim\u00e1tica? \u00bfC\u00f3mo hacer justicia cuando cuatro de cada diez ni\u00f1as y ni\u00f1os, ni siquiera acaban la escuela secundaria?<\/p>\n\n\n\n<p class=\"wp-block-paragraph\">Cuestionamientos imposibles de responder. Por consiguiente, se expresa UNA GRAN IDEA, aseveran que puede funcionar.<\/p>\n\n\n\n<p class=\"wp-block-paragraph\">Despu\u00e9s de la Segunda Guerra Mundial, los gobiernos se vieron en la obligaci\u00f3n de garantizar una educaci\u00f3n primaria gratuita, y en la actualidad, m\u00e1s del 87 por ciento de los ni\u00f1os y de las ni\u00f1as, terminan la escuela primaria. Ahora se debe hacer algo igual de transformador, que TODOS\/AS las ni\u00f1as y ni\u00f1os acudan a la escuela.<\/p>\n\n\n\n<p class=\"wp-block-paragraph\">Cabe mencionar que no se trata \u00fanicamente de un salvavidas para la ni\u00f1ez. Esto representa un salvavidas para la humanidad. La educaci\u00f3n de la ni\u00f1ez es una de las soluciones m\u00e1s efectivas de las que se disponen para combatir el cambio clim\u00e1tico.<\/p>\n\n\n\n<p class=\"wp-block-paragraph\">Pero, vi\u00e9ndolo as\u00ed, que se use ese salvavidas. \u00a1Que se ampli\u00e9 YA el derecho a la educaci\u00f3n gratuita!<\/p>\n\n\n\n<p class=\"wp-block-paragraph\">\u201cCon esperanza y determinaci\u00f3n\u201d:<\/p>\n\n\n\n<p class=\"wp-block-paragraph\">Firmantes:<\/p>\n\n\n\n<ul class=\"wp-block-list\"><li>Vanessa Nakate, activista ugandesa por la justicia clim\u00e1tica y fundadora del movimiento por el clima Rise Up<\/li><li>Malala Yousafzai, activista por la educaci\u00f3n y ganadora del premio Nobel de la Paz<\/li><li>Angeline Murimirwa, directora ejecutiva \u2013 Africa, CAMFED<\/li><li>Bert Wander, director general en funciones, Avaaz<\/li><li>Carol Bellamy, ex-directora ejecutiva de UNICEF<\/li><li>Chernor Bah, co-fundador de A World At School y Purposeful; ex-jefe del grupo consejero de la juventud, Global Education First Initiative<\/li><li>Eider Gardiaz\u00e1bal Rubial, eurodiputada, S&amp;D, Espa\u00f1a<\/li><li>Elina Pekkarinen, defensora de la juventud de Finlandia<\/li><li>Enayat Nasir, director gerente de Aid Afghanistan for Education<\/li><li>Jaap Doek, ex-presidente del Comit\u00e9 de los Derechos del Ni\u00f1o<\/li><li>Janna Jihad, joven activista palestina<\/li><li>Jayathma Wickramanayake, enviada para la juventud del secretario general de las Naciones Unidas<\/li><li>Jody Williams, ganadora del premio Nobel de la Paz<\/li><li>Jon\u00e1s Fern\u00e1ndez \u00c1lvarez, eurodiputado, S&amp;D, Espa\u00f1a<\/li><li>Lothar Krappmann, ex-miembro del Comit\u00e9 de los Derechos del Ni\u00f1o<\/li><li>Malala Fund, organizaci\u00f3n internacional sin fines de lucro que aboga por la educaci\u00f3n de las ni\u00f1as. Fue cofundado por&nbsp; Malala Yousafzai, la activista pakistan\u00ed por la educaci\u00f3n femenina y la premio Nobel m\u00e1s joven.<\/li><li>Manal Moussane, representante juvenil de las Naciones Unidas sobre derechos humanos y seguridad<\/li><li>Moushira Khattab, miembro del Comit\u00e9 Africano de Expertos en Derechos y Bienestar de los Ni\u00f1os; ex-miembro del Comit\u00e9 de los Derechos del Ni\u00f1o<\/li><li>Nujeen Mustafa, escritora y defensora siria de los derechos de los discapacitados y los refugiados<\/li><li>Olivier De Schutter, relator especial de la ONU sobre pobreza extrema y derechos humanos<\/li><li>Pashtana Durrani, fundadora y directora ejecutiva de LEARN Afghanistan<\/li><li>Paulo S\u00e9rgio Pinheiro, ex-experto independiente del secretario general de la ONU para el Informe mundial sobre violencia contra los ni\u00f1os<\/li><li>Philip Alston, ex-relator especial de la ONU sobre pobreza extrema y derechos humanos<\/li><li>Rahmatullah Alizai, director ejecutivo de Social Association for Development of Afghanistan (SADA)<\/li><li>Rahmatullah Arman, presidente y fundador de Teach for Afghanistan<\/li><li>Rosa Mar\u00eda Ortiz, ex-comisaria de derechos de la infancia, Comisi\u00f3n Interamericana de Derechos Humanos<\/li><li>Victor Negrescu, eurodiputado, S&amp;D, Ruman\u00eda; vicepresidente del Comit\u00e9 de Cultura, Educaci\u00f3n, Juventud, Medios y Deportes<\/li><li>Yasmine Sherif, directora de Education Cannot Wait<\/li><\/ul>\n\n\n\n<p class=\"wp-block-paragraph\">SEM\/MG<\/p>\n","protected":false},"excerpt":{"rendered":"<p>Proponen crear un nuevo tratado internacional que proteja el derecho de la ni\u00f1ez y de la juventud a acceder a una educaci\u00f3n gratuita.<\/p>\n","protected":false},"author":3,"featured_media":55773,"comment_status":"open","ping_status":"open","sticky":false,"template":"","format":"standard","meta":{"_monsterinsights_skip_tracking":false,"footnotes":""},"categories":[693,53],"tags":[],"class_list":["post-55772","post","type-post","status-publish","format-standard","has-post-thumbnail","category-693","category-internacional"],"_links":{"self":[{"href":"https:\/\/redsemlac.com\/semmexico\/wp-json\/wp\/v2\/posts\/55772","targetHints":{"allow":["GET"]}}],"collection":[{"href":"https:\/\/redsemlac.com\/semmexico\/wp-json\/wp\/v2\/posts"}],"about":[{"href":"https:\/\/redsemlac.com\/semmexico\/wp-json\/wp\/v2\/types\/post"}],"author":[{"embeddable":true,"href":"https:\/\/redsemlac.com\/semmexico\/wp-json\/wp\/v2\/users\/3"}],"replies":[{"embeddable":true,"href":"https:\/\/redsemlac.com\/semmexico\/wp-json\/wp\/v2\/comments?post=55772"}],"version-history":[{"count":0,"href":"https:\/\/redsemlac.com\/semmexico\/wp-json\/wp\/v2\/posts\/55772\/revisions"}],"wp:featuredmedia":[{"embeddable":true,"href":"https:\/\/redsemlac.com\/semmexico\/wp-json\/wp\/v2\/media\/55773"}],"wp:attachment":[{"href":"https:\/\/redsemlac.com\/semmexico\/wp-json\/wp\/v2\/media?parent=55772"}],"wp:term":[{"taxonomy":"category","embeddable":true,"href":"https:\/\/redsemlac.com\/semmexico\/wp-json\/wp\/v2\/categories?post=55772"},{"taxonomy":"post_tag","embeddable":true,"href":"https:\/\/redsemlac.com\/semmexico\/wp-json\/wp\/v2\/tags?post=55772"}],"curies":[{"name":"wp","href":"https:\/\/api.w.org\/{rel}","templated":true}]}}