{"id":55763,"date":"2022-09-08T10:53:16","date_gmt":"2022-09-08T16:53:16","guid":{"rendered":"https:\/\/redsemlac.com\/semmexico\/?p=55763"},"modified":"2023-07-21T19:13:14","modified_gmt":"2023-07-22T00:13:14","slug":"isabel-ii-la-reina-de-inglaterra-ha-muerto-asi-lo-anuncio-el-palacio-de-buckingham","status":"publish","type":"post","link":"https:\/\/redsemlac.com\/semmexico\/isabel-ii-la-reina-de-inglaterra-ha-muerto-asi-lo-anuncio-el-palacio-de-buckingham\/","title":{"rendered":"Isabel II, la reina de Inglaterra &nbsp;ha muerto, as\u00ed lo anunci\u00f3 &nbsp;el palacio de Buckingham"},"content":{"rendered":"\n<p class=\"wp-block-paragraph\">Factor clave para la estabilidad en la Segunda Guerra Mundial, antifascista<\/p>\n\n\n\n<p class=\"wp-block-paragraph\">Ten\u00eda 96 a\u00f1os y 70 de reinado, se prepara el proceso del funeral y la sucesi\u00f3n<\/p>\n\n\n\n<p class=\"wp-block-paragraph\">SemM\u00e9xico\/agencias\/tv\/redes sociales, Ciudad de M\u00e9xico, 8 de septiembre, 2022.- Estaba de descanso, en Escocia. Hab\u00eda estado con dificultades de movilidad. Sobrevivi\u00f3 a Felipe poco m\u00e1s de un a\u00f1o. Su familia se reuni\u00f3 desde muy temprano. Su cuerpo ser\u00e1 trasladado a Londres.<\/p>\n\n\n\n<p class=\"wp-block-paragraph\">Aunque no naci\u00f3 para ser reina, Elizabeth Alexandra Mary Windsor muri\u00f3 este 8 de septiembre de 2022 habi\u00e9ndose convertido en la monarca con el reinado m\u00e1s prolongado de la historia brit\u00e1nica.<\/p>\n\n\n\n<p class=\"wp-block-paragraph\">Elizabeth naci\u00f3 el 21 de abril 1926 como hija de Jorge VI e Isabel Bowes-Lyon.<\/p>\n\n\n\n<p class=\"wp-block-paragraph\">Apodada por su familia como \u2018Lilibet\u2019, ya a temprana edad supo dejar huella en las personas que la conocieron. En 1928, Winston Churchill dijo sobre ella: \u201cEs una persona con car\u00e1cter. Tiene un aire de autoridad y una capacidad de reflexi\u00f3n asombrosos en una ni\u00f1a\u201d.<\/p>\n\n\n\n<p class=\"wp-block-paragraph\">Isabel y su hermana menor, Margaret, fueron educadas en su casa por profesores privados bajo la supervisi\u00f3n de su madre y su institutriz, Marion Crawford. Las clases se centraron en lecciones de historia, lengua, literatura y m\u00fasica.<\/p>\n\n\n\n<figure class=\"wp-block-image size-large\"><a href=\"https:\/\/redsemlac.com\/semmexico\/wp-content\/uploads\/2022\/09\/isabel-II-02.jpg\"><img decoding=\"async\" src=\"https:\/\/redsemlac.com\/semmexico\/wp-content\/uploads\/2022\/09\/isabel-II-02-1024x804.jpg\" alt=\"\" class=\"wp-image-55769\"\/><\/a><\/figure>\n\n\n\n<p class=\"wp-block-paragraph\"><strong>Su infancia<\/strong><\/p>\n\n\n\n<p class=\"wp-block-paragraph\">Nacida como tercera en la l\u00ednea de sucesi\u00f3n al trono, por derecho deber\u00eda haber vivido su propia vida como miembro menor de la realeza, el equivalente de la actual princesa Beatriz.<\/p>\n\n\n\n<p class=\"wp-block-paragraph\">Sin embargo, su futuro cambi\u00f3 para siempre cuando su t\u00edo, el rey Eduardo VIII ascendi\u00f3 al trono en 1936 y abdic\u00f3 menos de un a\u00f1o despu\u00e9s para poderse casar con Wallis Simpson, una mujer divorciada perteneciente a la alta sociedad estadounidense. El padre de Isabel se convirti\u00f3 en el rey Jorge VI y la joven princesa pas\u00f3 a ser la heredera al trono.<\/p>\n\n\n\n<p class=\"wp-block-paragraph\">Sujeta a la mirada del p\u00fablico, la princesa Isabel se tom\u00f3 en serio sus obligaciones reales.<\/p>\n\n\n\n<p class=\"wp-block-paragraph\">En 1940, durante la Segunda Guerra Mundial, ayud\u00f3 a levantar la moral del pa\u00eds con una emisi\u00f3n de radio dirigida a los ni\u00f1os de la naci\u00f3n. Apareci\u00f3 p\u00fablicamente en solitario y se uni\u00f3 al Servicio Territorial Auxiliar de Mujeres como conductora y mec\u00e1nica para liberar a los hombres de su trabajo y que pudieran ser enviados a las l\u00edneas del frente. Las habilidades que aprendi\u00f3 en esa \u00e9poca la acompa\u00f1aron toda la vida.<\/p>\n\n\n\n<p class=\"wp-block-paragraph\">En cierta ocasi\u00f3n, d\u00e9cadas m\u00e1s tarde, aterroriz\u00f3 a su pasajero, el pr\u00edncipe Abdal\u00e1 de Arabia Saud\u00ed, conduciendo su Land Rover por las sinuosas carreteras de las Tierras Altas escocesas, mientras \u00e9l le suplicaba que mirara a la carretera.<\/p>\n\n\n\n<p class=\"wp-block-paragraph\">El D\u00eda de la Victoria en Europa, en 1945, la joven Isabel y su hermana Margaret convencieron a sus padres para que las dejaran salir a escondidas del palacio de Buckingham para mezclarse entre la multitud que lo celebraba afuera. M\u00e1s tarde, la reina recordar\u00eda: \u201cRecuerdo filas de personas desconocidas con los brazos enlazados caminando por Whitehall, todos nosotros arrastrados por una marea de felicidad y alivio\u201d.<\/p>\n\n\n\n<p class=\"wp-block-paragraph\">.<\/p>\n\n\n\n<p class=\"wp-block-paragraph\">Estos momentos de anonimato fueron escasos, pero pudo disfrutar de varios m\u00e1s a lo largo de su vida. Un bi\u00f3grafo recuerda una vez que fue a comprar a la secci\u00f3n de&nbsp;<em>duty-free<\/em>&nbsp;de un aeropuerto mientras esperaba que su avi\u00f3n repostara.<\/p>\n\n\n\n<p class=\"wp-block-paragraph\">\u201cEra una zona segura, nadie la esperaba y ella pas\u00f3 un buen rato ojeando los escaparates de Clarins\u201d, inform\u00f3 un miembro de la comitiva real.<\/p>\n\n\n\n<p class=\"wp-block-paragraph\">En otra ocasi\u00f3n, mientras caminaba por los terrenos de Balmoral con su guardaespaldas, un grupo de turistas estadounidenses le preguntaron si hab\u00eda conocido a la reina. Aparentemente, ella respondi\u00f3: \u201cNo\u201d, para luego decir se\u00f1alando al agente: \u201cPero \u00e9l s\u00ed\u201d.<\/p>\n\n\n\n<p class=\"wp-block-paragraph\"><strong>Su \u2018fortaleza y permanencia\u2019<\/strong><\/p>\n\n\n\n<p class=\"wp-block-paragraph\">Fue durante la guerra que conoci\u00f3 a Felipe de Dinamarca y Grecia, un joven oficial de la marina. La pareja se cas\u00f3 en la abad\u00eda de Westminster el 20 de noviembre de 1947 y la princesa llev\u00f3 puesto un vestido que pag\u00f3 con fichas de racionamiento \u2012\u00e9l no ten\u00eda dinero y era considerado como una persona \u201carrogante\u201d \u2012, pero tuvieron una relaci\u00f3n s\u00f3lida y su matrimonio de 73 a\u00f1os de duraci\u00f3n pas\u00f3 a ser el m\u00e1s largo en toda la historia de la monarqu\u00eda del Reino Unido.<\/p>\n\n\n\n<p class=\"wp-block-paragraph\">El difunto Lord Charteris dijo una vez que Felipe era la \u00fanica persona en el planeta que pod\u00eda decirle a la reina que \u201cse calle\u201d, y viceversa. Otro amigo cercano dijo sobre la pareja: \u201cEsos dos son una historia de amor real: toman t\u00e9 juntos todos los d\u00edas, hablan sobre todas las cosas. \u00c9l pod\u00eda sacar una carta y leerla, o hacer una broma. Se adoraban \u00e9l uno al otro\u2019.<\/p>\n\n\n\n<p class=\"wp-block-paragraph\">Durante un discurso para celebrar sus bodas de oro, la reina dijo esto sobre Felipe: \u201cNo sabe recibir cumplidos, pero, sencillamente, \u00e9l ha sido mi fortaleza y permanencia durante todos estos a\u00f1os, y toda su familia; este y muchos otros pa\u00edses tienen una deuda con \u00e9l mayor de lo que creemos y que Felipe jam\u00e1s reclamar\u00eda\u201d.<\/p>\n\n\n\n<p class=\"wp-block-paragraph\">Carlos, su primer hijo, naci\u00f3 en 1948 y dos a\u00f1os despu\u00e9s vino Ana, pero la princesa Isabel tuvo que compaginar su vida familiar con sus obligaciones reales.<\/p>\n\n\n\n<p class=\"wp-block-paragraph\">En cierto momento, vivi\u00f3 con Felipe en su base naval en Malta, dejando al pr\u00edncipe Carlos en Gran Breta\u00f1a. Se dice que fue uno de los momentos m\u00e1s felices de su vida. La joven princesa condujo por la isla y sin escolta su coche descapotable o fue a ver una pel\u00edcula al cine local de la mano de su esposo.<\/p>\n\n\n\n<p class=\"wp-block-paragraph\">El pr\u00edncipe Felipe muri\u00f3 en el castillo de Windsor con 99 a\u00f1os el 9 de abril de 2021. Tres semanas antes de su muerte, hab\u00eda estado ingresado en un hospital.<\/p>\n\n\n\n<p class=\"wp-block-paragraph\">Las restricciones por el coronavirus en el momento de su muerte hicieron que el funeral quedara reducido a 30 dolientes. La reina Isabel se sent\u00f3 en la capilla de San Jorge&nbsp;para despedir a su fortaleza y permanencia.<\/p>\n\n\n\n<p class=\"wp-block-paragraph\">Pocos d\u00edas despu\u00e9s, aprovech\u00f3 su 95\u00ba cumplea\u00f1os para agradecer al p\u00fablico sus mensajes&nbsp;de condolencias diciendo: \u201cSi bien como familia estamos pasando un per\u00edodo de gran tristeza, ha sido un consuelo para todos ver y escuchar los homenajes hechos en honor a mi esposo, por parte del Reino Unido, la Commonwealth y de todo el mundo.<\/p>\n\n\n\n<p class=\"wp-block-paragraph\">\u201cNos ha emocionado profundamente y nos sigue recordando que, a lo largo de su vida, Felipe tuvo un impacto extraordinario en una cantidad innumerable de personas\u201d.<\/p>\n\n\n\n<p class=\"wp-block-paragraph\"><strong>Su coronaci\u00f3n<\/strong><\/p>\n\n\n\n<p class=\"wp-block-paragraph\">El rey Jorge VI falleci\u00f3 el 6 de febrero de 1952 e Isabel se convirti\u00f3 en reina, lo que supuso un gran cambio en su vida con Felipe. Ella se encontraba haciendo una gira por Kenia en aquel momento, concretamente, visitando un hotel construido en la copa de un \u00e1rbol, y fue el pr\u00edncipe Felipe quien le cont\u00f3 a su esposa que su padre hab\u00eda muerto. Al d\u00eda siguiente, la nueva monarca pidi\u00f3 que no se hicieran fotos. Un periodista dijo que se pod\u00eda \u201csentir su tristeza\u201d cuando pas\u00f3 y los salud\u00f3.<\/p>\n\n\n\n<p class=\"wp-block-paragraph\">M\u00e1s de un a\u00f1o despu\u00e9s, el 2 de junio de 1953, la nueva reina fue coronada en la abad\u00eda de Westminster en un evento televisado que, se estima, fue visto por 20 millones de personas en todo el Reino Unido.<\/p>\n\n\n\n<figure class=\"wp-block-image size-full\"><a href=\"https:\/\/redsemlac.com\/semmexico\/wp-content\/uploads\/2022\/09\/isabel-II-03.jpg\"><img loading=\"lazy\" decoding=\"async\" width=\"680\" height=\"452\" src=\"https:\/\/redsemlac.com\/semmexico\/wp-content\/uploads\/2022\/09\/isabel-II-03.jpg\" alt=\"\" class=\"wp-image-55768\"\/><\/a><\/figure>\n\n\n\n<p class=\"wp-block-paragraph\">En la d\u00e9cada de los 70, dio a luz a sus hijos Andr\u00e9s y Eduardo y se convirti\u00f3 en la primer monarca reinante en visitar Australia y Nueva Zelanda. En 1977, celebraba su jubileo de plata y, mientras el pa\u00eds se ve\u00eda sacudido por la agitaci\u00f3n pol\u00edtica y los disturbios, la reina segu\u00eda siendo admirada y respetada.<\/p>\n\n\n\n<p class=\"wp-block-paragraph\">En 2002, a pesar de las p\u00e9rdidas de su hermana Margaret y su madre, la reina madre Isabel celebr\u00f3 su jubileo de oro ese a\u00f1o. Como parte de las celebraciones en el Reino Unido, hubo bailes de promoci\u00f3n en el palacio, en los jardines del palacio de Buckingham, oficios religiosos por todo el pa\u00eds a los que asistieron varios miembros de la familia real y fiestas en la calle.<\/p>\n\n\n\n<p class=\"wp-block-paragraph\">En 2012, lleg\u00f3 a su jubileo de diamante y lo celebr\u00f3 con un desfile en el r\u00edo T\u00e1mesis en Londres, el cual pas\u00f3 a la historia por el mal tiempo que oblig\u00f3 la suspensi\u00f3n del evento por la lluvia. En 2021, celebr\u00f3 su jubileo de platino con una plantaci\u00f3n masiva \u00e1rboles, en lo que supuso una gran iniciativa que comenz\u00f3 plantando \u00e1rboles en los jardines del castillo de Windsor.<\/p>\n\n\n\n<p class=\"wp-block-paragraph\"><strong><em>Annus horribilis<\/em><\/strong><strong><\/strong><\/p>\n\n\n\n<p class=\"wp-block-paragraph\">En 1992, una serie de acontecimientos desagradables sacudieron a la familia real. Los matrimonios de dos de sus hijos, la princesa Ana y el pr\u00edncipe Andr\u00e9s, se rompieron. Se public\u00f3 un libro en el que se detallaba la infelicidad de la princesa Diana y un incendio arras\u00f3 el castillo de Windsor. Eso llev\u00f3 a la reina a pronunciar un discurso en el que se refiri\u00f3 a \u00e9l como&nbsp;<em>Annus horribilis<\/em>, su a\u00f1o terrible.<\/p>\n\n\n\n<figure class=\"wp-block-image size-large\"><a href=\"https:\/\/redsemlac.com\/semmexico\/wp-content\/uploads\/2022\/09\/isabel-II-04.jpg\"><img decoding=\"async\" src=\"https:\/\/redsemlac.com\/semmexico\/wp-content\/uploads\/2022\/09\/isabel-II-04-846x1024.jpg\" alt=\"\" class=\"wp-image-55767\"\/><\/a><\/figure>\n\n\n\n<p class=\"wp-block-paragraph\">El apoyo p\u00fablico a la realeza estaba en declive, pero la popularidad de la reina apenas cay\u00f3. Esto quiz\u00e1s se debi\u00f3 a su sentido desinteresado del deber y del servicio. Tony Blair, uno de los catorce primeros ministros (<strong>EDS PLS NOTE: Boris Johnson is 14th<\/strong>) que presidieron el gobierno durante su reinado, dijo: \u201cEl atributo que me ha parecido m\u00e1s sorprendente de ella es lo astuta que es. Con frecuencia, en mi cargo como primer ministro, me sorprende su completa capacidad de captar el estado de \u00e1nimo del p\u00fablico\u201d.<\/p>\n\n\n\n<p class=\"wp-block-paragraph\">Hubo una excepci\u00f3n notable. En 1997, el mundo entero qued\u00f3 at\u00f3nito por la muerte de Diana, la princesa de Gales, y, por primera vez, la reina pareci\u00f3 juzgar mal lo que el p\u00fablico requer\u00eda de su monarca.<\/p>\n\n\n\n<p class=\"wp-block-paragraph\">Pensando indudablemente en sus amados nietos, Guillermo y Enrique, que hab\u00edan perdido a su madre, se los llev\u00f3 al castillo de Balmoral, en Escocia. All\u00ed, hizo retirar todos los peri\u00f3dicos para no amargar m\u00e1s a los j\u00f3venes.<\/p>\n\n\n\n<p class=\"wp-block-paragraph\">M\u00e1s tarde, el pr\u00edncipe Enrique explic\u00f3: \u201cFue una situaci\u00f3n en la que la pregunta era \u2018c\u00f3mo hacer para que los ni\u00f1os puedan llorar en la intimidad, pero al mismo tiempo, era el momento de que se pusieran sus sombreros de pr\u00edncipe y cumplieran su deber de dolientes, no solo por su madre, sino por la princesa de Gales\u2019.<\/p>\n\n\n\n<p class=\"wp-block-paragraph\">La respuesta de su p\u00fablico, no obstante, no fue tan comprensiva. La reina fue acusada de \u201cfr\u00eda\u201d y de estar \u201cdesconectada\u201d. M\u00e1s tarde, hizo una transmisi\u00f3n en la que rindi\u00f3 un homenaje a Diana, pero la oleada de indignaci\u00f3n ya la hab\u00eda alcanzado.<\/p>\n\n\n\n<p class=\"wp-block-paragraph\">En cuanto a mostrarse enfadada, el m\u00e9todo preferido de la reina era expresar su desaprobaci\u00f3n diciendo: \u201c\u00bfEst\u00e1 seguro?\u201d; o simplemente hac\u00eda muchas preguntas. Durante su reinado, se mantuvo neutral pol\u00edticamente, pero su experiencia y conocimiento de los asuntos del mundo hac\u00edan de ella una fuente de buenos consejos de valor incalculable para los pol\u00edticos. El exprimer ministro Tony Blair record\u00f3 cierto momento en que le pregunt\u00f3 sobre otro jefe de estado dici\u00e9ndole: \u201cMe estoy esforzando mucho para llevarle bien con \u00e9l\u201d. Ella contest\u00f3: \u201cPruebe con el cricket, eso es lo suyo\u201d.<\/p>\n\n\n\n<p class=\"wp-block-paragraph\"><strong>Una monarca que ha batido r\u00e9cords<\/strong><\/p>\n\n\n\n<p class=\"wp-block-paragraph\">Su incre\u00edble \u00e9tica de trabajo, as\u00ed como su lealtad inquebrantable hacia sus s\u00fabditos, hicieron que el apoyo a la reina se disparara en los 2000. Cuando celebr\u00f3 su jubileo de diamante en 2012, el \u00edndice de aprobaci\u00f3n de la reina alcanzaba el 90 %, el m\u00e1s alto desde que lleg\u00f3 al trono.<\/p>\n\n\n\n<p class=\"wp-block-paragraph\">Fue tambi\u00e9n el a\u00f1o en que demostr\u00f3 al mundo lo que todos en su c\u00edrculo m\u00e1s \u00edntimo sab\u00edan desde hac\u00eda muchos a\u00f1os: ten\u00eda un p\u00edcaro sentido del humor. Sus amigos siempre insinuaron que Su Majestad era una talentosa imitadora y parece que imitaba los acentos de Liverpool y Escocia con gran facilidad, pero para lo que nadie estaba preparado era para el asombroso momento en el que pareci\u00f3 saltar desde un helic\u00f3ptero en una parodia de James Bond preparada para la apertura de los Juegos Ol\u00edmpicos de Londres 2012.<\/p>\n\n\n\n<p class=\"wp-block-paragraph\">Tres a\u00f1os despu\u00e9s, el 9 de septiembre de 2015, Isabel II se convirti\u00f3 en la monarca que m\u00e1s tiempo ha reinado en Gran Breta\u00f1a. Era admirada y respetada por su p\u00fablico. Su familia la amaba. Disfrut\u00f3 de su papel de abuela y frecuentemente les mandaba mensajes de texto a sus nietos desde su m\u00f3vil. Cuando era peque\u00f1o, el pr\u00edncipe Guillermo la llamaba \u2018Gary\u2019, ya que no sab\u00eda pronunciar \u2018Granny\u2019 y el joven pr\u00edncipe Jorge la llama cari\u00f1osamente \u2018Gan Gan\u2019.<\/p>\n\n\n\n<p class=\"wp-block-paragraph\">En los \u00faltimos a\u00f1os, pudo asistir a los matrimonios de sus nietos, el pr\u00edncipe Guillermo y el pr\u00edncipe Enrique, as\u00ed como a los de sus nietas, las princesas Beatriz y Eugenia, y dar la bienvenida a 12 bisnietos.<\/p>\n\n\n\n<p class=\"wp-block-paragraph\">Se convirti\u00f3 en un s\u00edmbolo de estabilidad cuando el Reino Unido y la Commonwealth fueron sacudidos por la pandemia de coronavirus. Aislada en el castillo de Windsor junto a su marido, el pr\u00edncipe Felipe, se adapt\u00f3 a la nueva normalidad, manteniendo sus compromisos por videollamada y realizando trasmisiones televisivas y por audio.<\/p>\n\n\n\n<p class=\"wp-block-paragraph\">La reina se vio obligada a guiar a su familia durante momentos dif\u00edciles, como cuando el pr\u00edncipe Enrique y su mujer Meghan Markle anunciaron en enero de 2020 que quer\u00edan dar un paso atr\u00e1s en sus ocupaciones como miembros principales de la familia real para vivir una nueva vida en Estados Unidos. Fue ella quien presidi\u00f3 los debates entre la pareja y el resto de la familia real, y finalmente se lleg\u00f3 a un acuerdo conocido como Megxit. La pareja renunci\u00f3 ante ella a los t\u00edtulos de Alteza Real, as\u00ed como al derecho de usar la palabra real y despoj\u00f3 al pr\u00edncipe Enrique de sus cargos militares honor\u00edficos.<\/p>\n\n\n\n<p class=\"wp-block-paragraph\">En marzo de 2021, tuvo que sortear las consecuencias de la explosiva entrevista concedida por la pareja a Oprah Winfrey, donde afirmaron que un miembro de la familia real hab\u00eda hecho comentarios racistas y que no se le ofreci\u00f3 apoyo a Meghan cuando ella ten\u00eda pensamientos suicidas. El breve comunicado de la reina, que hab\u00eda sido cuidadosamente redactado, aseguraba que esos asuntos ser\u00edan tratados por los miembros de la familia y no por la gesti\u00f3n de palacio destinada a asuntos generales.<\/p>\n\n\n\n<p class=\"wp-block-paragraph\">Tuvo que enfrentarse a la angustia cuando, en abril de 2021, el pr\u00edncipe Felipe muri\u00f3 tras su estad\u00eda m\u00e1s prolongada en un hospital, en febrero y marzo. Pas\u00f3 su 95\u00ba cumplea\u00f1os guardando duelo por quien fuera su marido durante 73 a\u00f1os, con quien hab\u00eda podido compartir m\u00e1s tiempo debido a las restricciones que les obligaron a permanecer en casa durante la pandemia.<\/p>\n\n\n\n<p class=\"wp-block-paragraph\">La reina apareci\u00f3 como una figura solemne cuando en el funeral celebrado en la capilla de San Jorge, donde hab\u00eda presentes otros 29 dolientes \u2012en su mayor\u00eda hijos y nietos\u2012 se sent\u00f3 sola. Ya viuda, la reina tendr\u00eda que pasar los \u00faltimos a\u00f1os de su vida sin el hombre que hab\u00eda tenido a su lado desde que era una adolescente.<\/p>\n\n\n\n<p class=\"wp-block-paragraph\">En el momento de su muerte, la reina Isabel II hab\u00eda reinado durante XX a\u00f1os, un r\u00e9cord que probablemente tarde muchos siglos en ser batido.<\/p>\n\n\n\n<p class=\"wp-block-paragraph\">De unos meses a la fecha, su salud se vio &nbsp;mermada y este martes, cuando recibi\u00f3 a Liz Truss para encargarle formar gobierno, se le vio muy delgada, apoyada en su bast\u00f3n.<\/p>\n\n\n\n<figure class=\"wp-block-image size-large\"><a href=\"https:\/\/redsemlac.com\/semmexico\/wp-content\/uploads\/2022\/09\/isabel-II-05.jpg\"><img decoding=\"async\" src=\"https:\/\/redsemlac.com\/semmexico\/wp-content\/uploads\/2022\/09\/isabel-II-05-1024x683.jpg\" alt=\"\" class=\"wp-image-55766\"\/><\/a><\/figure>\n\n\n\n<p class=\"wp-block-paragraph\">Desde hace d\u00e9cadas, el gobierno brit\u00e1nico se prepar\u00f3 en caso de que Isabel, quien acaba de cumplir 70 a\u00f1os de reinado, fallezca. Se conoce como \u201cLondon Bridge\u201d, o \u201cPuente de Londres\u201d.<\/p>\n\n\n\n<p class=\"wp-block-paragraph\">El protocolo detalla c\u00f3mo deben actuar la Casa Real y el gobierno brit\u00e1nico no s\u00f3lo el d\u00eda del deceso, marcado como \u201cD\u00eda D\u201d, sino los d\u00edas subsecuentes, hasta llegar al d\u00e9cimo, cuando se debe realizar el funeral.<\/p>\n\n\n\n<p class=\"wp-block-paragraph\"><strong>D\u00eda D<\/strong><\/p>\n\n\n\n<p class=\"wp-block-paragraph\">Una vez que el m\u00e9dico oficial de Isabel II confirm\u00f3 &nbsp;su muerte, el secretario privado de la monarca debe contactar al primer ministro brit\u00e1nico para informarle. \u201cLondon Bridge is down\u201d (El Puente de Londres ha ca\u00eddo), es el mensaje que recibir\u00e1.&nbsp;<\/p>\n\n\n\n<p class=\"wp-block-paragraph\">Enseguida, deber\u00e1n ser informados los miembros del gabinete. El protocolo lo denomina \u201ccascada de llamadas\u201d. El mensaje ya est\u00e1 preparado. \u201cAcabamos de ser informados de la muerte de Su Majestad, la Reina. Se ruega discreci\u00f3n\u201d.<\/p>\n\n\n\n<figure class=\"wp-block-image size-full\"><a href=\"https:\/\/redsemlac.com\/semmexico\/wp-content\/uploads\/2022\/09\/isabel-II-06.jpg\"><img loading=\"lazy\" decoding=\"async\" width=\"800\" height=\"533\" src=\"https:\/\/redsemlac.com\/semmexico\/wp-content\/uploads\/2022\/09\/isabel-II-06.jpg\" alt=\"\" class=\"wp-image-55764\"\/><\/a><\/figure>\n\n\n\n<p class=\"wp-block-paragraph\">Los pol\u00edticos brit\u00e1nicos recibir\u00e1n un mensaje parecido: \u201cQueridos colegas. Con gran tristeza les escribo para informar de la muerte de Su Majestad, la Reina\u201d.<\/p>\n\n\n\n<p class=\"wp-block-paragraph\">A los 10 minutos de recibirse este mensaje, las banderas deber\u00e1n ondear a media asta.<\/p>\n\n\n\n<p class=\"wp-block-paragraph\">Al mismo tiempo ser\u00e1n notificados todos los gobiernos fuera de Londres donde la reina es jefa de Estado y a las naciones de la Commonwealth, una organizaci\u00f3n compuesta por 54 pa\u00edses soberanos independientes y semi independientes que comparten lazos con Reino Unido.<\/p>\n\n\n\n<p class=\"wp-block-paragraph\">La Press Association ser\u00e1 la encargada de informar a los medios. Despu\u00e9s, el primer ministro en turno pronunciar\u00e1 un discurso y el pr\u00edncipe Carlos, heredero de la Corona, dirigir\u00e1 un mensaje a la naci\u00f3n, que observar\u00e1 un minuto de silencio.<\/p>\n\n\n\n<p class=\"wp-block-paragraph\">El protocolo tambi\u00e9n habla sobre las se\u00f1ales de luto. Adem\u00e1s de las banderas a media asta, en el Palacio de Buckingham, residencia emblem\u00e1tica de la Corona brit\u00e1nica, se colocar\u00e1n insignias negras. Un lacayo vestido de luto colocar\u00e1 el aviso de la muerte en la puerta de acceso. El cartel deber\u00e1 llevar un marco negro.<\/p>\n\n\n\n<p class=\"wp-block-paragraph\">Funcionarios, pol\u00edticos y empleados del Palacio deber\u00e1n usar un brazalete negro en el brazo izquierdo.<\/p>\n\n\n\n<p class=\"wp-block-paragraph\">Las se\u00f1ales incluyen internet y las redes sociales. As\u00ed, la p\u00e1gina web de la familia real mostrar\u00e1 en su portada un mensaje confirmando la muerte de Isabel II, sobre un fondo negro. Tambi\u00e9n la p\u00e1gina del gobierno llevar\u00e1 una franja negra en la parte superior, en se\u00f1al de luto.<\/p>\n\n\n\n<p class=\"wp-block-paragraph\">Las cuentas de las redes sociales de la monarqu\u00eda y el gobierno brit\u00e1nicos ya muestran una franja negra.<\/p>\n\n\n\n<p class=\"wp-block-paragraph\">Se declarar\u00e1 duelo nacional, y se prev\u00e9 que varias empresas no abran.&nbsp;<\/p>\n\n\n\n<p class=\"wp-block-paragraph\">El protocolo contempla un homenaje \u201cespont\u00e1neo\u201d en la catedral de St. Paul, presidido por el primer ministro.<\/p>\n\n\n\n<figure class=\"wp-block-image size-large\"><a href=\"https:\/\/redsemlac.com\/semmexico\/wp-content\/uploads\/2022\/09\/isabel-II-07.png\"><img decoding=\"async\" src=\"https:\/\/redsemlac.com\/semmexico\/wp-content\/uploads\/2022\/09\/isabel-II-07-1024x631.png\" alt=\"\" class=\"wp-image-55765\"\/><\/a><\/figure>\n\n\n\n<p class=\"wp-block-paragraph\">Como falleci\u00f3 fuera a de Londres, en el palacio Benmoral, en Escocia, el Aerospace 146 del escuadr\u00f3n No 32 de la Royal Flight despegar\u00e1 de Northolt,&nbsp;con un ata\u00fad a bordo para trasladar el cuerpo al Palacio de Buckingham.<\/p>\n\n\n\n<p class=\"wp-block-paragraph\">El lugar del velatorio ser\u00e1 el sal\u00f3n del trono del palacio, donde habr\u00e1 un altar, un estandarte real y cuatro Granaderos de la Guardia. Ah\u00ed, el cuerpo de la reina permanecer\u00e1 cuatro d\u00edas.<\/p>\n\n\n\n<p class=\"wp-block-paragraph\">Al cuarto d\u00eda, el f\u00e9retro ser\u00e1 llevado al Westminster Hall, donde est\u00e1n las dos c\u00e1maras del Parlamento brit\u00e1nico. Para el traslado habr\u00e1 un gran desfile militar y se prev\u00e9n vallas de miles de ciudadanos para ver el ata\u00fad pasar. El cuerpo del monarca permanecer\u00e1 en el Westminster Hall otros cuatro d\u00edas.<\/p>\n\n\n\n<p class=\"wp-block-paragraph\"><strong>El entierro<\/strong><\/p>\n\n\n\n<p class=\"wp-block-paragraph\">Al d\u00e9cimo d\u00eda, la reina Isabel II ser\u00e1 enterrada. Habr\u00e1 una ceremonia en la abad\u00eda de Westminster y se prev\u00e9 el cierre de negocios para que todos puedan ver el funeral. Tampoco abrir\u00e1 la Bolsa y el Big Ben deber\u00e1 sonar a las 9:00 de la ma\u00f1ana. Al mediod\u00eda, la naci\u00f3n guardar\u00e1 dos minutos de silencio.<\/p>\n\n\n\n<p class=\"wp-block-paragraph\"><strong>La sucesi\u00f3n<\/strong><\/p>\n\n\n\n<p class=\"wp-block-paragraph\">El Consejo de Ascensi\u00f3n al Trono nombrar\u00e1 al pr\u00edncipe Carlos nuevo monarca a las 10:00 de la ma\u00f1ana del d\u00eda siguiente del fallecimiento de la reina, en lo que se ha denominado \u201cOperaci\u00f3n Marea de Primavera\u201d; en la ceremonia, todos los asistentes deber\u00e1n vestir de luto formal y sin accesorios. Sin embargo,&nbsp;su coronaci\u00f3n deber\u00e1 esperar un tiempo \u201cprudente\u201d de luto.<\/p>\n\n\n\n<p class=\"wp-block-paragraph\">En el caso de Isabel II, aunque se convirti\u00f3 en reina en febrero de 1952, fue coronada hasta junio de 1953, por respeto a su padre.<\/p>\n","protected":false},"excerpt":{"rendered":"<p>Elizabeth Alexandra Mary Windsor muri\u00f3 este 8 de septiembre de 2022 habi\u00e9ndose convertido en la monarca con el reinado m\u00e1s prolongado de la historia brit\u00e1nica.<\/p>\n","protected":false},"author":3,"featured_media":55770,"comment_status":"open","ping_status":"open","sticky":false,"template":"","format":"standard","meta":{"_monsterinsights_skip_tracking":false,"footnotes":""},"categories":[693,54],"tags":[],"class_list":["post-55763","post","type-post","status-publish","format-standard","has-post-thumbnail","category-693","category-mujeres"],"_links":{"self":[{"href":"https:\/\/redsemlac.com\/semmexico\/wp-json\/wp\/v2\/posts\/55763","targetHints":{"allow":["GET"]}}],"collection":[{"href":"https:\/\/redsemlac.com\/semmexico\/wp-json\/wp\/v2\/posts"}],"about":[{"href":"https:\/\/redsemlac.com\/semmexico\/wp-json\/wp\/v2\/types\/post"}],"author":[{"embeddable":true,"href":"https:\/\/redsemlac.com\/semmexico\/wp-json\/wp\/v2\/users\/3"}],"replies":[{"embeddable":true,"href":"https:\/\/redsemlac.com\/semmexico\/wp-json\/wp\/v2\/comments?post=55763"}],"version-history":[{"count":0,"href":"https:\/\/redsemlac.com\/semmexico\/wp-json\/wp\/v2\/posts\/55763\/revisions"}],"wp:featuredmedia":[{"embeddable":true,"href":"https:\/\/redsemlac.com\/semmexico\/wp-json\/wp\/v2\/media\/55770"}],"wp:attachment":[{"href":"https:\/\/redsemlac.com\/semmexico\/wp-json\/wp\/v2\/media?parent=55763"}],"wp:term":[{"taxonomy":"category","embeddable":true,"href":"https:\/\/redsemlac.com\/semmexico\/wp-json\/wp\/v2\/categories?post=55763"},{"taxonomy":"post_tag","embeddable":true,"href":"https:\/\/redsemlac.com\/semmexico\/wp-json\/wp\/v2\/tags?post=55763"}],"curies":[{"name":"wp","href":"https:\/\/api.w.org\/{rel}","templated":true}]}}