{"id":55760,"date":"2022-09-08T10:42:40","date_gmt":"2022-09-08T16:42:40","guid":{"rendered":"https:\/\/redsemlac.com\/semmexico\/?p=55760"},"modified":"2023-07-21T19:13:14","modified_gmt":"2023-07-22T00:13:14","slug":"dia-internacional-del-periodista-homenajeandoles-por-su-constante-busqueda-de-la-verdad-a-pesar-de-la-violencia","status":"publish","type":"post","link":"https:\/\/redsemlac.com\/semmexico\/dia-internacional-del-periodista-homenajeandoles-por-su-constante-busqueda-de-la-verdad-a-pesar-de-la-violencia\/","title":{"rendered":"<strong>D\u00eda Internacional del Periodista, homenaje\u00e1ndoles por su constante b\u00fasqueda de la verdad, a pesar de la violencia<\/strong>"},"content":{"rendered":"\n<ul class=\"wp-block-list\"><li><strong>El 2 de noviembre se celebra el D\u00eda Internacional para poner fin a la impunidad de los cr\u00edmenes contra periodistas y el 3 de mayo el D\u00eda Mundial de la Libertad de Prensa.<\/strong><\/li><li><strong>En la actualidad, las y los periodistas siguen siendo objeto de ataques, encarcelamientos, secuestros y asesinatos por ejercer su profesi\u00f3n.<\/strong><\/li><\/ul>\n\n\n\n<p class=\"wp-block-paragraph\"><strong>Redacci\u00f3n<\/strong><\/p>\n\n\n\n<p class=\"wp-block-paragraph\">SemM\u00e9xico, Ciudad de M\u00e9xico, 8 de septiembre del 2022.- En 1958, durante el IV Congreso de la Organizaci\u00f3n Mundial de Periodistas (OIP), llevado a cabo en Bucarest (Rumania) se estableci\u00f3 el 8 de septiembre como D\u00eda Internacional del Periodista en honor y conmemoraci\u00f3n al fallecimiento de Julius Fucik, escritor y periodista checoslovaco, que fue ejecutado por los nazis en 1943.<\/p>\n\n\n\n<p class=\"wp-block-paragraph\">La fecha est\u00e1 destinada a resaltar la importancia de la profesi\u00f3n del periodismo en su labor de buscar la verdad y en defensa de la libertad de expresi\u00f3n.<\/p>\n\n\n\n<p class=\"wp-block-paragraph\">Es necesario recordar que, en la actualidad, las y los periodistas siguen siendo objeto de ataques, encarcelamientos, secuestros y asesinatos por ejercer su profesi\u00f3n. Por ello, la importancia de rendirles&nbsp; homenaje y reconocer el papel que tienen en la sociedad.<\/p>\n\n\n\n<p class=\"wp-block-paragraph\">La Organizaci\u00f3n Mundial de Periodistas (OIP) u Organization Internationale des journalistes (IOJ) se form\u00f3 en 1946 durante un congreso realizado en Copenhague (Dinamarca) con la fusi\u00f3n de la Federaci\u00f3n Internacional de Periodistas y la Federaci\u00f3n Internacional de Periodistas de los Pa\u00edses Aliados y libres.<\/p>\n\n\n\n<p class=\"wp-block-paragraph\">Durante un buen tiempo represent\u00f3 a las y los periodistas del mundo, sin embargo, como consecuencia de la polarizaci\u00f3n pol\u00edtica reinante durante la Guerra Fr\u00eda, para el a\u00f1o 1950 se encontraba controlada por los comunistas, por lo que los miembros ajenos a esta ideolog\u00eda decidieron retirarse y relanzar la Federaci\u00f3n Internacional de Periodistas en 1952.<\/p>\n\n\n\n<p class=\"wp-block-paragraph\">Tras la divisi\u00f3n, la OIP continuar\u00eda funcionando hasta mediados de los a\u00f1os 90.<\/p>\n\n\n\n<p class=\"wp-block-paragraph\">Aunque cada pa\u00eds tiene un d\u00eda nacional para celebrar el trabajo period\u00edstico, durante el D\u00eda Internacional del Periodismo, se reconoce la labor de estos\/as profesionales por medio de premios, foros, charlas educativas, conferencias y reconocimientos a trav\u00e9s de prensa, radio y televisi\u00f3n.<\/p>\n\n\n\n<p class=\"wp-block-paragraph\">En relaci\u00f3n con este d\u00eda, es importante se\u00f1alar que el 2 de noviembre se celebra el D\u00eda Internacional para poner fin a la impunidad de los cr\u00edmenes contra periodistas y el 3 de mayo el D\u00eda Mundial de la Libertad de Prensa.<\/p>\n\n\n\n<p class=\"wp-block-paragraph\">Todos podemos apoyar agradeciendo a estas mujeres y hombres que, con su trabajo, hacen posible conocer lo que sucede en el mundo. Podemos enviar un mensaje a trav\u00e9s de las redes apoyado con #D\u00edaInternacionaldelPeriodista<\/p>\n\n\n\n<p class=\"wp-block-paragraph\">SEM\/MG<\/p>\n","protected":false},"excerpt":{"rendered":"<p>En la actualidad, las y los periodistas siguen siendo objeto de ataques, encarcelamientos, secuestros y asesinatos por ejercer su profesi\u00f3n.<\/p>\n","protected":false},"author":3,"featured_media":55761,"comment_status":"open","ping_status":"open","sticky":false,"template":"","format":"standard","meta":{"_monsterinsights_skip_tracking":false,"footnotes":""},"categories":[693,55],"tags":[],"class_list":["post-55760","post","type-post","status-publish","format-standard","has-post-thumbnail","category-693","category-periodistas"],"_links":{"self":[{"href":"https:\/\/redsemlac.com\/semmexico\/wp-json\/wp\/v2\/posts\/55760","targetHints":{"allow":["GET"]}}],"collection":[{"href":"https:\/\/redsemlac.com\/semmexico\/wp-json\/wp\/v2\/posts"}],"about":[{"href":"https:\/\/redsemlac.com\/semmexico\/wp-json\/wp\/v2\/types\/post"}],"author":[{"embeddable":true,"href":"https:\/\/redsemlac.com\/semmexico\/wp-json\/wp\/v2\/users\/3"}],"replies":[{"embeddable":true,"href":"https:\/\/redsemlac.com\/semmexico\/wp-json\/wp\/v2\/comments?post=55760"}],"version-history":[{"count":0,"href":"https:\/\/redsemlac.com\/semmexico\/wp-json\/wp\/v2\/posts\/55760\/revisions"}],"wp:featuredmedia":[{"embeddable":true,"href":"https:\/\/redsemlac.com\/semmexico\/wp-json\/wp\/v2\/media\/55761"}],"wp:attachment":[{"href":"https:\/\/redsemlac.com\/semmexico\/wp-json\/wp\/v2\/media?parent=55760"}],"wp:term":[{"taxonomy":"category","embeddable":true,"href":"https:\/\/redsemlac.com\/semmexico\/wp-json\/wp\/v2\/categories?post=55760"},{"taxonomy":"post_tag","embeddable":true,"href":"https:\/\/redsemlac.com\/semmexico\/wp-json\/wp\/v2\/tags?post=55760"}],"curies":[{"name":"wp","href":"https:\/\/api.w.org\/{rel}","templated":true}]}}