{"id":5576,"date":"2017-09-07T17:11:02","date_gmt":"2017-09-07T17:11:02","guid":{"rendered":"https:\/\/redsemlac.com\/semmexico\/?p=5576"},"modified":"2023-07-21T14:24:35","modified_gmt":"2023-07-21T19:24:35","slug":"manana-viernes-llega-paquete-economico-2018","status":"publish","type":"post","link":"https:\/\/redsemlac.com\/semmexico\/manana-viernes-llega-paquete-economico-2018\/","title":{"rendered":"Ma\u00f1ana viernes llega Paquete Econ\u00f3mico 2018"},"content":{"rendered":"\n<p class=\"wp-block-paragraph\"><a href=\"https:\/\/www.semmexico.com\/gallery-post.php?id=2866#\">Redacci\u00f3n<\/a><\/p>\n\n\n\n<p class=\"wp-block-paragraph\">SemM\u00e9xico, Cd. de M\u00e9xico, 7 septiembre 2017.- El diputado Jorge Carlos Ram\u00edrez Mar\u00edn, del grupo parlamentario del PRI, rindi\u00f3 protesta como presidente de la Mesa Directiva para el Tercer A\u00f1o de Ejercicio de la LXIII Legislatura.<br><br>En la sesi\u00f3n de este jueves, el Pleno cameral logr\u00f3 superar la crisis parlamentaria y aval\u00f3 la Mesa Directiva con la mayor\u00eda calificada de 388 votos a favor, 40 abstenciones y cero en contra.<br><br>As\u00ed, Ram\u00edrez Mar\u00edn tom\u00f3 protesta como presidente de la Mesa Directiva; posteriormente tom\u00f3 protesta a las dos vicepresidentas y dos vicepresidentes: Martha Hilda Gonz\u00e1lez Calder\u00f3n, del PRI; Mar\u00eda \u00c1vila Serna, del PVEM; Javier Bola\u00f1os Aguilar, del PAN, y Arturo Santana Alfaro, del PRD.<br><br>Tambi\u00e9n, a las seis secretarias y dos secretarios de la Mesa Directiva: Alejandra Noem\u00ed Reynoso S\u00e1nchez, del PAN; Isaura Ivanova Pool Pech, PRD; Ernestina Godoy Ramos, Morena; Ver\u00f3nica Delgadillo Garc\u00eda, Movimiento Ciudadano; Mar\u00eda Eugenia Ocampo Bedolla, Nueva Alianza; Ana Guadalupe Perea Santos, Encuentro Social; Marco Antonio Aguilar Yunes, PRI, y Andr\u00e9s Fern\u00e1ndez del Valle Laisequilla, del PVEM.<br><br>Por otra parte, durante la sesi\u00f3n, el diputado Ram\u00edrez Mar\u00edn inform\u00f3 que ma\u00f1ana viernes 8 de septiembre, a las 11 horas, se recibir\u00e1 la iniciativa de Ley de Ingresos, el proyecto de Presupuesto de Egresos de la Federaci\u00f3n y disposiciones que conforman el Paquete Econ\u00f3mico para el ejercicio fiscal 2018, remitidas por el Ejecutivo federal, en cumplimiento a lo dispuesto a la fracci\u00f3n IV del art\u00edculo 74 de la Constituci\u00f3n Pol\u00edtica.<br><br>Inform\u00f3 se turnar\u00e1 de inmediato estos documentos a las comisiones de Hacienda y Cr\u00e9dito P\u00fablico, de Presupuesto y Cuenta P\u00fablica y de Desarrollo Social, para efecto del tr\u00e1mite respectivo a su dictamen.<br><br>SEM\/am\/lr<\/p>\n","protected":false},"excerpt":{"rendered":"<p>Redacci\u00f3n SemM\u00e9xico, Cd. de M\u00e9xico, 7 septiembre 2017.- El diputado Jorge Carlos Ram\u00edrez Mar\u00edn, del grupo parlamentario del PRI, rindi\u00f3 protesta como presidente de la Mesa Directiva para el Tercer A\u00f1o de Ejercicio de la LXIII Legislatura. En la sesi\u00f3n de este jueves, el Pleno cameral logr\u00f3 superar la crisis parlamentaria y aval\u00f3 la Mesa [&hellip;]<\/p>\n","protected":false},"author":3,"featured_media":5577,"comment_status":"open","ping_status":"open","sticky":false,"template":"","format":"standard","meta":{"_monsterinsights_skip_tracking":false,"footnotes":""},"categories":[687,50],"tags":[],"class_list":["post-5576","post","type-post","status-publish","format-standard","has-post-thumbnail","category-687","category-congreso"],"_links":{"self":[{"href":"https:\/\/redsemlac.com\/semmexico\/wp-json\/wp\/v2\/posts\/5576","targetHints":{"allow":["GET"]}}],"collection":[{"href":"https:\/\/redsemlac.com\/semmexico\/wp-json\/wp\/v2\/posts"}],"about":[{"href":"https:\/\/redsemlac.com\/semmexico\/wp-json\/wp\/v2\/types\/post"}],"author":[{"embeddable":true,"href":"https:\/\/redsemlac.com\/semmexico\/wp-json\/wp\/v2\/users\/3"}],"replies":[{"embeddable":true,"href":"https:\/\/redsemlac.com\/semmexico\/wp-json\/wp\/v2\/comments?post=5576"}],"version-history":[{"count":0,"href":"https:\/\/redsemlac.com\/semmexico\/wp-json\/wp\/v2\/posts\/5576\/revisions"}],"wp:featuredmedia":[{"embeddable":true,"href":"https:\/\/redsemlac.com\/semmexico\/wp-json\/wp\/v2\/media\/5577"}],"wp:attachment":[{"href":"https:\/\/redsemlac.com\/semmexico\/wp-json\/wp\/v2\/media?parent=5576"}],"wp:term":[{"taxonomy":"category","embeddable":true,"href":"https:\/\/redsemlac.com\/semmexico\/wp-json\/wp\/v2\/categories?post=5576"},{"taxonomy":"post_tag","embeddable":true,"href":"https:\/\/redsemlac.com\/semmexico\/wp-json\/wp\/v2\/tags?post=5576"}],"curies":[{"name":"wp","href":"https:\/\/api.w.org\/{rel}","templated":true}]}}