{"id":55752,"date":"2022-09-08T08:51:51","date_gmt":"2022-09-08T14:51:51","guid":{"rendered":"https:\/\/redsemlac.com\/semmexico\/?p=55752"},"modified":"2023-07-21T19:13:14","modified_gmt":"2023-07-22T00:13:14","slug":"nuevamente-miguel-barbosa-ejerce-violencia-politica-en-razon-de-genero-diputadas-del-pan-firman-pronunciamiento","status":"publish","type":"post","link":"https:\/\/redsemlac.com\/semmexico\/nuevamente-miguel-barbosa-ejerce-violencia-politica-en-razon-de-genero-diputadas-del-pan-firman-pronunciamiento\/","title":{"rendered":"<strong>Nuevamente,<\/strong> <strong>Miguel Barbosa, ejerce violencia pol\u00edtica en raz\u00f3n de g\u00e9nero; diputadas del PAN firman pronunciamiento<\/strong>"},"content":{"rendered":"\n<ul class=\"wp-block-list\"><li><strong>El Gobernador del Estado de Puebla, ha ejecutado reiterada e impunemente comportamientos de control, dominio y misoginia en contra de las mujeres por mucho tiempo.<\/strong><strong><\/strong><\/li><li><strong>Las mujeres tienen el derecho a gozar de una vida libre de violencia: as\u00ed lo establece la Constituci\u00f3n.<\/strong><strong><\/strong><\/li><\/ul>\n\n\n\n<p class=\"wp-block-paragraph\"><strong>Redacci\u00f3n<\/strong><\/p>\n\n\n\n<p class=\"wp-block-paragraph\">SemM\u00e9xico, Ciudad de M\u00e9xico, 8 de septiembre del 2022.- <strong>Diputadas de Acci\u00f3n Nacional, <\/strong><strong>hicieron<\/strong> p\u00fablico su&nbsp;posicionamiento&nbsp;en contra del Gobernador de Puebla, Miguel Barbosa Huerta, por la violencia pol\u00edtica ejercida en contra de Augusta D\u00edaz de Rivera, Presidenta del Comit\u00e9 Directivo Estatal del PAN en Puebla. Diputadas Federales se suscribieron en el \u201cpronunciamiento de la Red de Mujeres Pol\u00edticas y Funcionarias P\u00fablicas Municipales y Federales\u201d:<\/p>\n\n\n\n<p class=\"wp-block-paragraph\">El pasado 5 de septiembre de este a\u00f1o, el Gobernador del Estado de Puebla, Miguel Barbosa Huerta, realiz\u00f3 manifestaciones que representan agresiones verbales y expresiones vejatorias, tendientes a censurar, menospreciar e inhibir la participaci\u00f3n pol\u00edtica de Augusta D\u00edaz de Rivera, Presidenta del Comit\u00e9 Directivo Estatal del PAN en Puebla.<\/p>\n\n\n\n<p class=\"wp-block-paragraph\">Se destaca que el Gobernador del Estado de Puebla, ha ejecutado reiterada e impunemente comportamientos de control, dominio y misoginia en contra de las mujeres por mucho tiempo. Esta no es la primera vez que exhibe p\u00fablicamente su desprecio e incitaci\u00f3n al odio.<\/p>\n\n\n\n<p class=\"wp-block-paragraph\">Por lo que es necesario recordarle que a trav\u00e9s del lenguaje se transmiten ideas, creencias, normas y simbolismos que se reproducen y normalizan en el colectivo social. De ah\u00ed la importancia de que en su caracter de servidor p\u00fablico sea ejemplo y se abstenga de realizar manifestaciones de violencia que contribuyen a la normalizaci\u00f3n de patrones machistas contra las mujeres.<\/p>\n\n\n\n<p class=\"wp-block-paragraph\">El lenguaje pol\u00edtico no debe inscribirse en una cultura dominada por pautas de conducta de violencia normalizada. Se condenan las lamentables manifestaciones realizadas por el Gobernador Miguel Barbosa.<\/p>\n\n\n\n<p class=\"wp-block-paragraph\">Hoy las leyes visibilizan y sancionan la violencia pol\u00edtica en raz\u00f3n de g\u00e9nero, por lo que es necesario recordarle que las mujeres tienen el derecho a gozar de una vida libre de violencia: as\u00ed lo establece la Constituci\u00f3n y de esta forma se reconoce que la existencia de pr\u00e1cticas mis\u00f3ginas que reproducen patrones androc\u00e9ntricos son lesivas no solo para las v\u00edctimas sino para la sociedad en general.<\/p>\n\n\n\n<p class=\"wp-block-paragraph\">Por ello, hacen un llamado en\u00e9rgico para exigir que sus conductas y manifestaciones sean dignificantes de la persona humana y de la actividad que como servidor p\u00fablico realiza.<\/p>\n\n\n\n<p class=\"wp-block-paragraph\">Diputadas Federales que suscribieron el \u201cpronunciamiento de la Red de Mujeres Pol\u00edticas y Funcionarias P\u00fablicas Municipales y Federales\u201d:<\/p>\n\n\n\n<ol class=\"wp-block-list\" type=\"1\"><li>Lizbeth Mata Lozano, Diputada Federal, Baja California<\/li><li>Sonia Murillo Manr\u00edquez, Diputada Federal, Baja California Sur<\/li><li>Rocio Esmeralda Reza Gallegos, Diputada Federal, Chihuahua<\/li><li>Laura Patricia Contreras Duarte, Diputada Federal, Chihuahua<\/li><li>Carmen Roc\u00edo Gonz\u00e1lez Alonso, Diputada Federal, Chihuahua<\/li><li>Gina Gerardina Campuzano Gonz\u00e1lez, Diputada Federal, Durango<\/li><li>Joanna A. Felipe Torres, Diputada Federal, Estado de M\u00e9xico<\/li><li>Krishna Karina Romero Vel\u00e1zquez, Diputada Federal, Estado de M\u00e9xico<\/li><li>Leticia Zepeda Mart\u00ednez, Diputada Federal, Estado de M\u00e9xico<\/li><li>Karen Michel Gonz\u00e1lez M\u00e1rquez, Diputada Federal, Guanajuato<\/li><li>Itzel Josefina Balderas Hern\u00e1ndez, Diputada Federal, Guanajuato<\/li><li>Ana Mar\u00eda Esquivel Arrona, Diputada Federal, Guanajuato<\/li><li>Ana Laura S\u00e1nchez, Diputada Federal, Jalisco<\/li><li>Ana Teresa Aranda Orozco, Diputada Federal, Puebla<\/li><li>Carolina Beauregard Mart\u00ednez, Diputada Federal, Puebla<\/li><li>Blanca Jim\u00e9nez Castillo, Puebla<\/li><li>Erika De Los \u00c1ngeles D\u00edaz Villal\u00f3n, Diputada Federal, Quer\u00e9taro<\/li><li>Mariela L\u00f3pez Sosa, Diputada Federal, Tamaulipas<\/li><li>Mar\u00eda del Carmen Escudero Fabre, Diputada Federal, Veracruz<\/li><li>Noem\u00ed Berenice Luna Ayala, Diputada Federal, Zacatecas<\/li><\/ol>\n\n\n\n<p class=\"wp-block-paragraph\">SEM\/MG<\/p>\n","protected":false},"excerpt":{"rendered":"<p>Diputadas de Acci\u00f3n Nacional, hicieron p\u00fablico su\u00a0posicionamiento\u00a0en contra del Gobernador de Puebla, Miguel Barbosa Huerta, por la violencia pol\u00edtica ejercida en contra de Augusta D\u00edaz de Rivera, Presidenta del Comit\u00e9 Directivo Estatal del PAN en Puebla.<\/p>\n","protected":false},"author":3,"featured_media":55753,"comment_status":"open","ping_status":"open","sticky":false,"template":"","format":"standard","meta":{"_monsterinsights_skip_tracking":false,"footnotes":""},"categories":[693,54],"tags":[],"class_list":["post-55752","post","type-post","status-publish","format-standard","has-post-thumbnail","category-693","category-mujeres"],"_links":{"self":[{"href":"https:\/\/redsemlac.com\/semmexico\/wp-json\/wp\/v2\/posts\/55752","targetHints":{"allow":["GET"]}}],"collection":[{"href":"https:\/\/redsemlac.com\/semmexico\/wp-json\/wp\/v2\/posts"}],"about":[{"href":"https:\/\/redsemlac.com\/semmexico\/wp-json\/wp\/v2\/types\/post"}],"author":[{"embeddable":true,"href":"https:\/\/redsemlac.com\/semmexico\/wp-json\/wp\/v2\/users\/3"}],"replies":[{"embeddable":true,"href":"https:\/\/redsemlac.com\/semmexico\/wp-json\/wp\/v2\/comments?post=55752"}],"version-history":[{"count":0,"href":"https:\/\/redsemlac.com\/semmexico\/wp-json\/wp\/v2\/posts\/55752\/revisions"}],"wp:featuredmedia":[{"embeddable":true,"href":"https:\/\/redsemlac.com\/semmexico\/wp-json\/wp\/v2\/media\/55753"}],"wp:attachment":[{"href":"https:\/\/redsemlac.com\/semmexico\/wp-json\/wp\/v2\/media?parent=55752"}],"wp:term":[{"taxonomy":"category","embeddable":true,"href":"https:\/\/redsemlac.com\/semmexico\/wp-json\/wp\/v2\/categories?post=55752"},{"taxonomy":"post_tag","embeddable":true,"href":"https:\/\/redsemlac.com\/semmexico\/wp-json\/wp\/v2\/tags?post=55752"}],"curies":[{"name":"wp","href":"https:\/\/api.w.org\/{rel}","templated":true}]}}