{"id":55749,"date":"2022-09-08T08:24:56","date_gmt":"2022-09-08T14:24:56","guid":{"rendered":"https:\/\/redsemlac.com\/semmexico\/?p=55749"},"modified":"2023-07-21T19:13:15","modified_gmt":"2023-07-22T00:13:15","slug":"es-una-pesadilla-que-seguimos-viviendo-a-dos-anos-del-feminicidio-de","status":"publish","type":"post","link":"https:\/\/redsemlac.com\/semmexico\/es-una-pesadilla-que-seguimos-viviendo-a-dos-anos-del-feminicidio-de\/","title":{"rendered":"\u201cEs una pesadilla que seguimos viviendo\u201d, a dos a\u00f1os del feminicidio de Ingrid Escamilla"},"content":{"rendered":"\n<ul class=\"wp-block-list\"><li><strong>Ingrid naci\u00f3 en Juan Galindo, Puebla, M\u00e9xico, en el a\u00f1o 1995, era Licenciada en Administraci\u00f3n de Empresas Tur\u00edsticas, fue descrita como una mujer llena de vida que amaba el caf\u00e9, los viajes, los animales y compartir cada momento en sus redes sociales y siempre mostraba una sonrisa, adem\u00e1s fue voluntaria luego del terremoto del 19 de septiembre, 2017, y ayud\u00f3 en la reconstrucci\u00f3n de viviendas en Jojutla de Ju\u00e1rez.<\/strong><\/li><\/ul>\n\n\n\n<p class=\"wp-block-paragraph\">SemM\u00e9xico\/VocesFeministas, Ciudad de M\u00e9xico, 8 de septiembre del 2022.- Ingrid Escamilla Vargas ten\u00eda 25 a\u00f1os cuando fue asesinada por Erick Francisco \u201cN\u201d, su pareja sentimental, el 9 de febrero de 2020. El caso despert\u00f3 una gran indignaci\u00f3n a nivel nacional no s\u00f3lo por el feminicidio en s\u00ed, sino por la brutalidad del mismo y por la filtraci\u00f3n de las im\u00e1genes de la escena del crimen. M\u00e1s de dos a\u00f1os y medio despu\u00e9s, a\u00fan no se ha dictado una sentencia en contra del responsable.<\/p>\n\n\n\n<p class=\"wp-block-paragraph\">La tarde de este lunes 5 de septiembre se llev\u00f3 a cabo una audiencia en contra de Erick Francisco \u201cN\u201d en los juzgados del Reclusorio Oriente, en la alcald\u00eda Iztapalapa. La familia de Ingrid, as\u00ed como diversas colectivas defensoras de los derechos de las mujeres se mantuvieron al pendiente de la jornada procesal, ya que se ten\u00eda la esperanza de que concluyera con una sentencia condenatoria en contra del imputado.<\/p>\n\n\n\n<p class=\"wp-block-paragraph\">Sin embargo, esto no ocurri\u00f3. Despu\u00e9s de aproximadamente dos horas y media se dio el anuncio de que la audiencia ser\u00eda aplazada. De acuerdo con Javier Gallardo Su\u00e1rez, abogado de la familia de la joven, durante la audiencia se presentaron \u201cincidencias t\u00e9cnicas\u201d que provocaron el aplazamiento de la misma. El litigante no ofreci\u00f3 mayores detalles para no interferir con el debido proceso.<\/p>\n\n\n\n<p class=\"wp-block-paragraph\">Por tal motivo, aplazaron al 12 de octubre como la nueva fecha para continuar con la audiencia de sentencia en contra de Erick Francisco \u201cN\u201d por el feminicidio de Ingrid Escamilla.<\/p>\n\n\n\n<p class=\"wp-block-paragraph\">\u201cEste recorrido ha sido muy largo y no nada m\u00e1s en la cuesti\u00f3n de audiencias y todo eso, sino para nosotros ha sido revivir cada momento, no hemos tenido un descanso, es una pesadilla que seguimos viviendo y de la cu\u00e1l dif\u00edcilmente vamos a poder despertar\u201d, apunt\u00f3 su mam\u00e1.<\/p>\n\n\n\n<p class=\"wp-block-paragraph\">Cabe se\u00f1alar que, seg\u00fan informaci\u00f3n brindada por Gallardo Su\u00e1rez, ser\u00e1n necesarias al menos dos audiencias m\u00e1s: una para determinar el fallo condenatorio u absolutorio y otra -en caso de ser declarado culpable- para definir los a\u00f1os que la expareja de la joven pasar\u00e1 en prisi\u00f3n.<\/p>\n\n\n\n<p class=\"wp-block-paragraph\">\u201cNosotros esperamos que sea la pena m\u00e1xima de 70 a\u00f1os, una vez que el juez determine un fallo condenatorio\u201d, coment\u00f3 el abogado de la familia para La Jornada. De igual manera, habr\u00e1 que esperar el monto de la reparaci\u00f3n integral del da\u00f1o que deber\u00e1 cubrir el, hasta ahora, presunto feminicida.<\/p>\n\n\n\n<p class=\"wp-block-paragraph\">Han pasado casi 31 meses desde que Ingrid fue brutalmente asesinada. En este periodo se han realizado 25 audiencias en total respecto al caso. Sin embargo, la familia tendr\u00e1 que esperar un poco m\u00e1s para conseguir justicia para la joven.<\/p>\n\n\n\n<p class=\"wp-block-paragraph\">Familiares de Ingrid Escamilla y diversas colectivas feministas realizaron una concentraci\u00f3n pac\u00edfica en las inmediaciones del Reclusorio Oriente para darle seguimiento al proceso judicial y exigir justicia para la joven, cuyo caso hizo m\u00e1s evidente la violencia de g\u00e9nero que prevalece en el pa\u00eds.<\/p>\n\n\n\n<p class=\"wp-block-paragraph\">En una entrevista con El Universal, la mam\u00e1 de Ingrid coment\u00f3 que pedir\u00e1 \u201cla pena m\u00e1xima\u201d en contra del responsable del feminicidio de su hija.<\/p>\n\n\n\n<p class=\"wp-block-paragraph\">\u201cEste recorrido ha sido muy largo y no nada m\u00e1s en la cuesti\u00f3n de audiencias y todo eso, sino para nosotros ha sido revivir cada momento, no hemos tenido un descanso, es una pesadilla que seguimos viviendo y de la cu\u00e1l dif\u00edcilmente vamos a poder despertar\u201d, expres\u00f3.<\/p>\n\n\n\n<p class=\"wp-block-paragraph\">Adem\u00e1s, mencion\u00f3 que la determinaci\u00f3n de un fallo condenatorio significar\u00eda dar un paso hacia la justicia en este caso que caus\u00f3 un gran impacto a nivel nacional.<\/p>\n\n\n\n<p class=\"wp-block-paragraph\">\u201cLa satisfacci\u00f3n de saber que va a pagar por lo que hizo, porque no fue cualquier feminicidio fue muy emblem\u00e1tico, y pues creo que necesitamos eso, justicia. Este pa\u00eds es lo que necesita, porque las cifras (de feminicidios) han ido aumentando\u201d, asever\u00f3.<\/p>\n\n\n\n<p class=\"wp-block-paragraph\">El pasado mes de marzo se aprob\u00f3 en la C\u00e1mara de Diputados la llamada Ley Ingrid, la cual reforma el C\u00f3digo Penal Federal y plantea una sanci\u00f3n para las personas servidoras p\u00fablicas que difundan im\u00e1genes, audios, videos, documentos o informaci\u00f3n sensible de las v\u00edctimas de casos penales cuya investigaci\u00f3n siga en proceso, como ocurri\u00f3, lamentablemente, en el feminicidio de la joven.<\/p>\n\n\n\n<p class=\"wp-block-paragraph\">SEM\/MG<\/p>\n","protected":false},"excerpt":{"rendered":"<p>Ingrid Escamilla Vargas ten\u00eda 25 a\u00f1os cuando fue asesinada por Erick Francisco \u201cN\u201d, su pareja sentimental, el 9 de febrero de 2020; M\u00e1s de dos a\u00f1os y medio despu\u00e9s, a\u00fan no se ha dictado una sentencia en contra del responsable.<\/p>\n","protected":false},"author":3,"featured_media":55750,"comment_status":"open","ping_status":"open","sticky":false,"template":"","format":"standard","meta":{"_monsterinsights_skip_tracking":false,"footnotes":""},"categories":[693,47,54],"tags":[],"class_list":["post-55749","post","type-post","status-publish","format-standard","has-post-thumbnail","category-693","category-no-mas-impunidad","category-mujeres"],"_links":{"self":[{"href":"https:\/\/redsemlac.com\/semmexico\/wp-json\/wp\/v2\/posts\/55749","targetHints":{"allow":["GET"]}}],"collection":[{"href":"https:\/\/redsemlac.com\/semmexico\/wp-json\/wp\/v2\/posts"}],"about":[{"href":"https:\/\/redsemlac.com\/semmexico\/wp-json\/wp\/v2\/types\/post"}],"author":[{"embeddable":true,"href":"https:\/\/redsemlac.com\/semmexico\/wp-json\/wp\/v2\/users\/3"}],"replies":[{"embeddable":true,"href":"https:\/\/redsemlac.com\/semmexico\/wp-json\/wp\/v2\/comments?post=55749"}],"version-history":[{"count":0,"href":"https:\/\/redsemlac.com\/semmexico\/wp-json\/wp\/v2\/posts\/55749\/revisions"}],"wp:featuredmedia":[{"embeddable":true,"href":"https:\/\/redsemlac.com\/semmexico\/wp-json\/wp\/v2\/media\/55750"}],"wp:attachment":[{"href":"https:\/\/redsemlac.com\/semmexico\/wp-json\/wp\/v2\/media?parent=55749"}],"wp:term":[{"taxonomy":"category","embeddable":true,"href":"https:\/\/redsemlac.com\/semmexico\/wp-json\/wp\/v2\/categories?post=55749"},{"taxonomy":"post_tag","embeddable":true,"href":"https:\/\/redsemlac.com\/semmexico\/wp-json\/wp\/v2\/tags?post=55749"}],"curies":[{"name":"wp","href":"https:\/\/api.w.org\/{rel}","templated":true}]}}