{"id":55739,"date":"2022-09-07T16:21:12","date_gmt":"2022-09-07T22:21:12","guid":{"rendered":"https:\/\/redsemlac.com\/semmexico\/?p=55739"},"modified":"2023-07-21T19:13:15","modified_gmt":"2023-07-22T00:13:15","slug":"el-poder-judicial-debe-garantizar-la-justicia-para-magaly-cortadi-ocnf","status":"publish","type":"post","link":"https:\/\/redsemlac.com\/semmexico\/el-poder-judicial-debe-garantizar-la-justicia-para-magaly-cortadi-ocnf\/","title":{"rendered":"El Poder Judicial debe garantizar la justicia para Magaly Cortadi: OCNF"},"content":{"rendered":"\n<ul class=\"wp-block-list\"><li><strong>En audiencia inicial, el jueves 8 se resolver\u00e1 si Guillermo \u201cN\u201d, el principal sospechoso, es vinculado a proceso.<\/strong><\/li><li><strong>Existen pruebas cient\u00edficas que acreditan que la muerte de Magaly es un feminicidio.<\/strong><\/li><\/ul>\n\n\n\n<p class=\"wp-block-paragraph\"><strong>Redacci\u00f3n<\/strong><\/p>\n\n\n\n<p class=\"wp-block-paragraph\">SemM\u00e9xico, Ciudad de M\u00e9xico, 7 de septiembre del 2022.- El Observatorio Ciudadano Nacional del Feminicidio (OCNF), hace un llamado al Poder Judicial de la Ciudad de M\u00e9xico para que el caso de Magaly Cortadi G\u00f3mez sea juzgado con perspectiva de g\u00e9nero y su caso acceda a la justicia.<\/p>\n\n\n\n<p class=\"wp-block-paragraph\">Magaly fue v\u00edctima de una muerte violenta el 20 de julio de 2021, lo que ocurri\u00f3 dentro de su domicilio en la Ciudad de M\u00e9xico, mientras se encontraba \u00fanicamente en compa\u00f1\u00eda de Guillermo \u201cN\u201d quien era su pareja sentimental, y quien ahora es el principal sospechoso de los hechos.<\/p>\n\n\n\n<p class=\"wp-block-paragraph\">El 2 de septiembre de 2022, un Tribunal Colegiado de Circuito, resolvi\u00f3 otorgarle un amparo a Guillermo \u201cN\u201d en el que se determin\u00f3 que no se le debi\u00f3 vincular a proceso; sin embargo, la autoridad judicial local dict\u00f3 una nueva orden de aprehensi\u00f3n, raz\u00f3n por la cual, este jueves 8 de septiembre se celebrar\u00e1 una audiencia inicial en el que se resolver\u00e1 si Guillermo \u201cN\u201d es o no vinculado a proceso por el delito de feminicidio.<\/p>\n\n\n\n<p class=\"wp-block-paragraph\">Es importante mencionar que existen pruebas cient\u00edficas que acreditan que la muerte violenta de Magaly es un feminicidio, asimismo, existen testimonios que evidencian el grave contexto y los antecedentes de violencia ejercida por Guillermo \u201cN\u201d en el que Magaly viv\u00eda inmersa.<\/p>\n\n\n\n<p class=\"wp-block-paragraph\">El Poder Judicial de la Ciudad de M\u00e9xico tiene la oportunidad de que el caso no quede impune, as\u00ed como de enviar un mensaje a la sociedad de cero permisibilidad a la violencia contra las mujeres. Ser\u00e1 tambi\u00e9n la posibilidad de conocer la verdad y de una reparaci\u00f3n integral del da\u00f1o para su familia, que comprenda la no repetici\u00f3n y la dignificaci\u00f3n de la memoria para Magaly.<\/p>\n\n\n\n<p class=\"wp-block-paragraph\">Por lo anterior, se exhorta al Poder Judicial de la Ciudad de M\u00e9xico a que:<\/p>\n\n\n\n<p class=\"wp-block-paragraph\">Juzgue con perspectiva de g\u00e9nero y debida diligencia y de acuerdo a los est\u00e1ndares m\u00e1s altos nacionales e internacionales en materia de derechos humanos.<\/p>\n\n\n\n<p class=\"wp-block-paragraph\">Tome en cuenta el contexto previo de violencia en el que se encontraba inmersa Magaly, as\u00ed como las pruebas cient\u00edficas existentes.<\/p>\n\n\n\n<p class=\"wp-block-paragraph\">M\u00e9xico enfrenta un grave contexto de violencia feminicida y la Ciudad de M\u00e9xico no es la excepci\u00f3n. Durante el a\u00f1o 2021, 149 mujeres fueron asesinadas; de ese n\u00famero s\u00f3lo 65 se investigaron como feminicidio, mientras que de enero a julio del 2022, 71 mujeres han sido asesinadas, de las cuales s\u00f3lo 39 se han investigado como feminicidio, por lo que es ineludible que casos como el de Magaly sean un contundente mensaje de alto a la violencia feminicida en Ciudad de M\u00e9xico.<\/p>\n\n\n\n<p class=\"wp-block-paragraph\">SEM\/MG<\/p>\n","protected":false},"excerpt":{"rendered":"<p>En audiencia inicial, el jueves 8 se resolver\u00e1 si Guillermo \u201cN\u201d, el principal sospechoso, es vinculado a proceso.<\/p>\n","protected":false},"author":3,"featured_media":55740,"comment_status":"open","ping_status":"open","sticky":false,"template":"","format":"standard","meta":{"_monsterinsights_skip_tracking":false,"footnotes":""},"categories":[693,54],"tags":[],"class_list":["post-55739","post","type-post","status-publish","format-standard","has-post-thumbnail","category-693","category-mujeres"],"_links":{"self":[{"href":"https:\/\/redsemlac.com\/semmexico\/wp-json\/wp\/v2\/posts\/55739","targetHints":{"allow":["GET"]}}],"collection":[{"href":"https:\/\/redsemlac.com\/semmexico\/wp-json\/wp\/v2\/posts"}],"about":[{"href":"https:\/\/redsemlac.com\/semmexico\/wp-json\/wp\/v2\/types\/post"}],"author":[{"embeddable":true,"href":"https:\/\/redsemlac.com\/semmexico\/wp-json\/wp\/v2\/users\/3"}],"replies":[{"embeddable":true,"href":"https:\/\/redsemlac.com\/semmexico\/wp-json\/wp\/v2\/comments?post=55739"}],"version-history":[{"count":0,"href":"https:\/\/redsemlac.com\/semmexico\/wp-json\/wp\/v2\/posts\/55739\/revisions"}],"wp:featuredmedia":[{"embeddable":true,"href":"https:\/\/redsemlac.com\/semmexico\/wp-json\/wp\/v2\/media\/55740"}],"wp:attachment":[{"href":"https:\/\/redsemlac.com\/semmexico\/wp-json\/wp\/v2\/media?parent=55739"}],"wp:term":[{"taxonomy":"category","embeddable":true,"href":"https:\/\/redsemlac.com\/semmexico\/wp-json\/wp\/v2\/categories?post=55739"},{"taxonomy":"post_tag","embeddable":true,"href":"https:\/\/redsemlac.com\/semmexico\/wp-json\/wp\/v2\/tags?post=55739"}],"curies":[{"name":"wp","href":"https:\/\/api.w.org\/{rel}","templated":true}]}}