{"id":55729,"date":"2022-09-07T15:37:43","date_gmt":"2022-09-07T21:37:43","guid":{"rendered":"https:\/\/redsemlac.com\/semmexico\/?p=55729"},"modified":"2023-07-21T19:13:15","modified_gmt":"2023-07-22T00:13:15","slug":"activistas-cuestionan-criterios-de-seleccion-para-la-presea-sentimientos-de-la-nacion","status":"publish","type":"post","link":"https:\/\/redsemlac.com\/semmexico\/activistas-cuestionan-criterios-de-seleccion-para-la-presea-sentimientos-de-la-nacion\/","title":{"rendered":"Activistas cuestionan criterios de selecci\u00f3n para la presea \u00abSentimientos de la Naci\u00f3n\u00bb"},"content":{"rendered":"\n<ul class=\"wp-block-list\"><li><strong>La designaci\u00f3n de este a\u00f1o como del anterior, responde m\u00e1s a cuestiones de amistad, relaciones p\u00fablicas y no por trabajo a favor de la democracia: Garfias Mar\u00edn.<\/strong><strong><\/strong><\/li><\/ul>\n\n\n\n<p class=\"wp-block-paragraph\"><strong>Josefina Aguilar Pastor<\/strong><\/p>\n\n\n\n<p class=\"wp-block-paragraph\">SemM\u00e9xico, Chilpancingo, Guerrero, 7 de septiembre del 2022.- Este martes, el pleno del Congreso del Estado aprob\u00f3 otorgar la presea \u201cSentimientos de la Naci\u00f3n\u201d -m\u00e1ximo reconocimiento que realiza el Poder Legislativo Local-, al actor Dagoberto Gama S\u00e1nchez. Por lo que activistas se pronunciaron lamentando dicha decisi\u00f3n, consideran que la presea debi\u00f3 ser otorgada a Martha S\u00e1nchez N\u00e9stor, mujer ind\u00edgena con gran contribuci\u00f3n a la lucha por la defensa de los derechos humanos de las mujeres, quien por segunda ocasi\u00f3n, fue discriminada, bajo criterio de las activistas.<\/p>\n\n\n\n<p class=\"wp-block-paragraph\">Fueron nueve las propuestas registradas; la Familia Villanueva Castro; Tob\u00edas Eloy Cisneros Guillen, reconocido luchador social; Carlos Marx Barbosa Guzm\u00e1n, profesional del derecho, Martha S\u00e1nchez N\u00e9stor, reconocida activista feminista ind\u00edgena; Celia Piedra Hern\u00e1ndez; Wild Felids Conservation M\u00e9xico A.C.; Aracely Muriel Salinas D\u00edaz, Luis Rodolfo N\u00e1jera Ram\u00edrez, y Dagoberto Gama S\u00e1nchez.<\/p>\n\n\n\n<p class=\"wp-block-paragraph\">La comisi\u00f3n dictaminadora, concluy\u00f3 que Gama S\u00e1nchez, cuenta con elementos profesionales, art\u00edsticos y c\u00edvicos necesarios para ser acreedor a la presea \u201cSentimientos de la Naci\u00f3n\u201d, m\u00e1ximo galard\u00f3n que otorga este Poder Legislativo en reconocimiento&nbsp; a su destacada labor en las artes, por ser un mexicano que ha destacado por su labor profesional \u201cy sobre todo, un guerrerense que, con su trabajo, enaltece a nuestra entidad, por promocionar y aportar a la cultura, la libertad, la paz, la democracia y por su cercan\u00eda con los principios b\u00e1sicos consagrados en los \u201cSentimientos de la Naci\u00f3n\u201d.<\/p>\n\n\n<div class=\"wp-block-image\">\n<figure class=\"alignleft size-large is-resized\"><a href=\"https:\/\/redsemlac.com\/semmexico\/wp-content\/uploads\/2022\/09\/WhatsApp-Image-2022-09-07-at-9.17.49-AM.jpeg\"><img decoding=\"async\" src=\"https:\/\/redsemlac.com\/semmexico\/wp-content\/uploads\/2022\/09\/WhatsApp-Image-2022-09-07-at-9.17.49-AM-473x1024.jpeg\" alt=\"\" class=\"wp-image-55731\" width=\"-102\" height=\"-220\"\/><\/a><\/figure>\n<\/div>\n\n\n<p class=\"wp-block-paragraph\">Dicha determinaci\u00f3n y argumentos fueron cuestionados por activistas, entre ellas, Mar\u00eda Luis Garfias Mar\u00edn, quien en el 2018, fue recipiendaria de dicho reconocimiento, dijo desconocer lo que ha hecho Dagoberto Gama, para fortalecer la democracia en Guerrero, es un actor con obras de teatro y pel\u00edculas en su desempe\u00f1o profesional, \u201cpero yo no s\u00e9 si desde estas pel\u00edculas, si desde estos papeles que \u00e9l ha tenido, ha realizado acciones para promover los derechos humanos, la democracia en Guerrero, la verdad desconozco\u201d, enfatiz\u00f3.<\/p>\n\n\n\n<p class=\"wp-block-paragraph\">Sin menospreciar la trayectoria histri\u00f3nica del actor, Garfias Mar\u00edn se\u00f1al\u00f3 \u201cyo no he visto que \u00e9l realice esas actividades, esas acciones que fortalezcan a la entidad, todo el desarrollo democr\u00e1tico, fomente la libertad a la justicia y la democracia\u201d. Consider\u00f3 que otros y otras guerrerenses, son mejores candidatos y candidatas&nbsp; para obtener la presea, entre ellas Martha S\u00e1nchez N\u00e9stor, cuya trayectoria gira alrededor del trabajo de defensa de las mujeres ind\u00edgenas, de la organizaci\u00f3n, la movilizaci\u00f3n, para que esos derechos fueran visibilizados.<\/p>\n\n\n\n<p class=\"wp-block-paragraph\">Garfias Mar\u00edn subray\u00f3 tambi\u00e9n que este era el momento para que las diputadas y los diputados locales, resarcieran la exclusi\u00f3n de que la hicieron objeto el a\u00f1o pasado, cuando tambi\u00e9n fue postulada como recipiendaria, al contar con m\u00e9ritos como impulsar de organizaciones de mujeres ind\u00edgenas feministas, de las casas de atenci\u00f3n a la mujer ind\u00edgena \u201ccreo que ella hubiera sido la merecedora de la presea en este a\u00f1o\u201d.<\/p>\n\n\n\n<p class=\"wp-block-paragraph\">Critic\u00f3 que la designaci\u00f3n de este a\u00f1o como del anterior, responde m\u00e1s a cuestiones de amistad, relaciones p\u00fablicas y no por trabajo a favor de la democracia, el desarrollo en Guerrero, consider\u00f3 que los diputados y diputadas locales, han discriminado por segunda ocasi\u00f3n, el trabajo de Martha S\u00e1nchez y de otras mujeres que en esta ocasi\u00f3n fueron propuesta y que cuentan con una amplia trayectoria en defensa de los derechos humanos.<\/p>\n\n\n\n<p class=\"wp-block-paragraph\">La actual legislatura local le queda a deber a las y los guerrerenses, al no entender que esta presea no tiene que ser otorgada pro amiguismo ni relaciones pol\u00edticas, \u201cy hoy otra vez la riegan\u201d, asent\u00f3 la activista.<\/p>\n\n\n\n<p class=\"wp-block-paragraph\">En tanto, Marisol Cuevas Serrano, coordinadora de la Red para el Avance Pol\u00edtico de las Mujeres en el Estado de Guerrero, calific\u00f3 como lamentable que el Congreso Local, nuevamente haya decidi\u00f3 otorgar la presea \u201cSentimientos de la Naci\u00f3n\u201d, a un hombre, que si buen es un actor reconocido, no ha aportado mucho a los valores que sustentan los \u201cSentimientos de la Naci\u00f3n\u201d.<\/p>\n\n\n\n<p class=\"wp-block-paragraph\">\u201cEs un excelente actor, pero no ha dado pie para promover algo relevante, y trascendental, tiene mi respeto, pero el sigue un libreto y de esa manera se conduce, adem\u00e1s nuevamente, el Congreso decidi\u00f3 darle la espalda a las mujeres de Guerrero, que han dado su lucha en la defensa de los derechos humanos, o a fortalecer la vida democracia y ciudadana de las guerrerenses\u201d, expuso Cueva Serrano.<\/p>\n\n\n\n<p class=\"wp-block-paragraph\">Como ejemplo mencion\u00f3 el caso de Martha S\u00e1nchez N\u00e9stor, quien abri\u00f3 brecha y lo seguir\u00eda haciendo si estuviera viva, levantando la voz por las mujeres ind\u00edgenas por las afro, la lucha diaria para dar a conocer las carencias que tiene el Estado de Guerrero, en la Monta\u00f1a principalmente; lo mismo que la taxque\u00f1a Muriel Salinas D\u00edaz.<\/p>\n\n\n\n<p class=\"wp-block-paragraph\">La decisi\u00f3n tomada por las y los diputados, debe generar, indic\u00f3, una reflexi\u00f3n para determinar qu\u00e9 es lo que requieren para darle realmente el reconocimiento, el peso a hombres y mujeres que sean propuestas para recibir este reconocimiento.<\/p>\n\n\n\n<p class=\"wp-block-paragraph\">A\u00f1adi\u00f3 que desde la Red para el avance pol\u00edtico, continuar\u00e1n trabajando en la promoci\u00f3n y la defensa de los derechos pol\u00edticos de las mujeres, as\u00ed como el reconocimiento a muchas mujeres guerrerenses que s\u00ed han aportado mucho en los avances del Estado, en materia de derechos humanos, de igualdad, g\u00e9nero y la vida democr\u00e1tica que enmarca la historia de la entidad.<\/p>\n\n\n\n<p class=\"wp-block-paragraph\">La activista record\u00f3 que Martha S\u00e1nchez N\u00e9stor, tambi\u00e9n fue postulada el a\u00f1o pasado como recipiendaria y no se la otorgaron, eligieron a quien, posteriormente fue acusado de hostigamiento sexual, en este 2022, nuevamente la postulan y la vuelven a ignorar.<\/p>\n\n\n\n<p class=\"wp-block-paragraph\">\u201cYo creo que es una discriminaci\u00f3n a las ind\u00edgenas por las que ella \u2013Martha S\u00e1nchez-, levant\u00f3 la voz,&nbsp; por la no venta de ni\u00f1as en la monta\u00f1a, por la igualdad sustantiva, dio un parteaguas importante en la lucha, en el levantamiento de la voz a favor de las mujeres, dio una fortaleza y un ejemplo, y creo que ha dejado un legado importante en el Estado de Guerrero y en la Rep\u00fablica Mexicana, y creo que por segunda vez, ha sido discriminada para no ser tomada en cuenta\u201d, inquiri\u00f3.<\/p>\n\n\n\n<p class=\"wp-block-paragraph\">En el caso de Muriel Salinas D\u00edaz, presidenta de la Red para el Avance Pol\u00edtico de las Mujeres Guerrerenses, coment\u00f3 que ha logrado fallos hist\u00f3ricos en el tema de la paridad de g\u00e9nero, en el caso de Ocotequila y Felicitas Mu\u00f1iz, mujer ind\u00edgena que busc\u00f3 ser diputada federal.&nbsp;<\/p>\n\n\n\n<p class=\"wp-block-paragraph\">Reiter\u00f3 que Dagoberto Gama es un excelente actor, que sigue un libreto para grabar una escena magnifica que tiene que repetir muchas veces para que sea fabulosa, pero de su amplia trayectoria profesional en la materia del derecho como argumento del Congreso para otorgarle la presea, es desconocido.<\/p>\n\n\n\n<p class=\"wp-block-paragraph\">SEM\/MG<\/p>\n","protected":false},"excerpt":{"rendered":"<p>La designaci\u00f3n de este a\u00f1o como del anterior, responde m\u00e1s a cuestiones de amistad, relaciones p\u00fablicas y no por trabajo a favor de la democracia: Garfias Mar\u00edn.<\/p>\n","protected":false},"author":3,"featured_media":55730,"comment_status":"open","ping_status":"open","sticky":false,"template":"","format":"standard","meta":{"_monsterinsights_skip_tracking":false,"footnotes":""},"categories":[693,54],"tags":[],"class_list":["post-55729","post","type-post","status-publish","format-standard","has-post-thumbnail","category-693","category-mujeres"],"_links":{"self":[{"href":"https:\/\/redsemlac.com\/semmexico\/wp-json\/wp\/v2\/posts\/55729","targetHints":{"allow":["GET"]}}],"collection":[{"href":"https:\/\/redsemlac.com\/semmexico\/wp-json\/wp\/v2\/posts"}],"about":[{"href":"https:\/\/redsemlac.com\/semmexico\/wp-json\/wp\/v2\/types\/post"}],"author":[{"embeddable":true,"href":"https:\/\/redsemlac.com\/semmexico\/wp-json\/wp\/v2\/users\/3"}],"replies":[{"embeddable":true,"href":"https:\/\/redsemlac.com\/semmexico\/wp-json\/wp\/v2\/comments?post=55729"}],"version-history":[{"count":0,"href":"https:\/\/redsemlac.com\/semmexico\/wp-json\/wp\/v2\/posts\/55729\/revisions"}],"wp:featuredmedia":[{"embeddable":true,"href":"https:\/\/redsemlac.com\/semmexico\/wp-json\/wp\/v2\/media\/55730"}],"wp:attachment":[{"href":"https:\/\/redsemlac.com\/semmexico\/wp-json\/wp\/v2\/media?parent=55729"}],"wp:term":[{"taxonomy":"category","embeddable":true,"href":"https:\/\/redsemlac.com\/semmexico\/wp-json\/wp\/v2\/categories?post=55729"},{"taxonomy":"post_tag","embeddable":true,"href":"https:\/\/redsemlac.com\/semmexico\/wp-json\/wp\/v2\/tags?post=55729"}],"curies":[{"name":"wp","href":"https:\/\/api.w.org\/{rel}","templated":true}]}}