{"id":55723,"date":"2022-09-07T15:01:21","date_gmt":"2022-09-07T21:01:21","guid":{"rendered":"https:\/\/redsemlac.com\/semmexico\/?p=55723"},"modified":"2023-07-21T19:13:16","modified_gmt":"2023-07-22T00:13:16","slug":"comparecencia-del-fiscal-de-jalisco-por-el-caso-de-luz-raquel-debe-ser-abierta-solicitud-en-change-org","status":"publish","type":"post","link":"https:\/\/redsemlac.com\/semmexico\/comparecencia-del-fiscal-de-jalisco-por-el-caso-de-luz-raquel-debe-ser-abierta-solicitud-en-change-org\/","title":{"rendered":"Comparecencia del Fiscal de Jalisco por el caso de Luz Raquel debe ser abierta; solicitud en Change.org"},"content":{"rendered":"\n<ul class=\"wp-block-list\"><li><strong>La Comparecencia est\u00e1 programada para el 9 de septiembre.<\/strong><\/li><li><strong>Las mujeres de Jalisco exigen una comparecencia abierta.<\/strong><\/li><\/ul>\n\n\n\n<p class=\"wp-block-paragraph\"><strong>Micaela M\u00e1rquez<\/strong><\/p>\n\n\n\n<p class=\"wp-block-paragraph\">SemM\u00e9xico, Ciudad de M\u00e9xico, 7 de septiembre del 2022.- El Comit\u00e9 Ciudadano Promotor para la Comparecencia del Fiscal de Jalisco, Luis Joaqu\u00edn M\u00e9ndez Ru\u00edz, &nbsp;sobre el feminicidio y revictimizaci\u00f3n de Luz Raquel Padilla, subi\u00f3 la solicitud a la plataforma de peticiones Change.org para que esta comparecencia en el Congreso, sea p\u00fablica a fin de evitar la impunidad.<\/p>\n\n\n\n<p class=\"wp-block-paragraph\">Se\u00f1alan que despu\u00e9s de 41 d\u00edas del feminicidio de Luz Raquel se logr\u00f3 la comparecencia del Fiscal de Jalisco y la Secretar\u00eda de Igualdad Sustantiva en el Congreso, pero las diputadas y los diputados decidieron que esta fuera a puerta cerrada, sin medios de comunicaci\u00f3n, ni sociedad civil.<\/p>\n\n\n\n<p class=\"wp-block-paragraph\">\u201cLa rendici\u00f3n de cuentas es para con la ciudadan\u00eda, no entre cuates\u201d. Por lo que las mujeres de Jalisco exigen una comparecencia abierta porque \u201cocultar al fiscal no calla la verdad\u201d, especifican en la petici\u00f3n.<\/p>\n\n\n\n<p class=\"wp-block-paragraph\">La joven que muri\u00f3 tras haber sido quemada el pasado 16 de julio en la colonia Arcos de Zapopan en dicho municipio de Jalisco, era una mujer activista y cuidadora. Sobre ella reca\u00eda la responsabilidad de su hijo de once a\u00f1os. Su feminicidio lo dej\u00f3 desamparado. El ataque a su madre fue brutal, con sa\u00f1a y alevos\u00eda. Le rociaron alcohol y le prendieron fuego.&nbsp;<\/p>\n\n\n\n<p class=\"wp-block-paragraph\">A las mujeres jaliscienses les indigna la desvalorizaci\u00f3n y el estigma que pesa sobre el nombre de Luz Raquel, la criminalizaci\u00f3n y revictimizaci\u00f3n que la fiscal\u00eda ha promovido, mostrando que ella pudo haberse auto inmolado, se\u00f1ala la petici\u00f3n.&nbsp;<\/p>\n\n\n\n<p class=\"wp-block-paragraph\">Por lo que especifican que el Congreso de Jalisco tiene una gran responsabilidad: \u201cExigirle al fiscal que presente sus investigaciones con base cient\u00edfica, que rinda cuentas a este \u00f3rgano de gobierno que representa a la ciudadan\u00eda y sobre todo, desarrollar una investigaci\u00f3n con perspectiva de g\u00e9nero, que para eso, hemos trabajado muchas de nosotras incansablemente\u201d.<\/p>\n\n\n\n<h2 class=\"wp-block-heading\"><strong>Reclaman que el Estado no garantice los derechos de las mujeres al criminizarlas<\/strong><\/h2>\n\n\n\n<p class=\"wp-block-paragraph\">\u201cNos indigna y nos duele su caso, porque nos muestra la omisi\u00f3n de funcionarios de la Comisar\u00eda de Zapopan y de todas las autoridades que no cumplieron con las medidas de protecci\u00f3n. Fue asesinada por tener un hijo con discapacidad, por tener limitaciones econ\u00f3micas y vivir en un departamento en el que los ruidos \u201cincomodaban\u201d a su vecino. Fue amenazada por su(s) agresor(es).<\/p>\n\n\n\n<p class=\"wp-block-paragraph\">Luz Raquel Padilla padeci\u00f3 violencia comunitaria e institucional, y las autoridades demeritaron el riesgo y peligro de su vida, no se atendi\u00f3 de manera oportuna la prevenci\u00f3n de este delito, y por ello, las autoridades est\u00e1n obligadas a sancionar a quienes la violentaron y provocaron su muerte.&nbsp;<\/p>\n\n\n\n<p class=\"wp-block-paragraph\">Cabe recordar que el pasado 23 de agosto, a un mes del feminicidio de Luz Raquel Padilla y dado que no hab\u00eda avances, la Secretaria de Seguridad y Protecci\u00f3n Ciudadana del gobierno federal, Rosa \u00cdcela Rodr\u00edguez confirmo que la Fiscal\u00eda General de la Republica ser\u00e1 quien lleve la investigaci\u00f3n.<\/p>\n\n\n\n<p class=\"wp-block-paragraph\">SEM\/MG<\/p>\n","protected":false},"excerpt":{"rendered":"<p>La Comparecencia est\u00e1 programada para el 9 de septiembre.<\/p>\n","protected":false},"author":3,"featured_media":55724,"comment_status":"open","ping_status":"open","sticky":false,"template":"","format":"standard","meta":{"_monsterinsights_skip_tracking":false,"footnotes":""},"categories":[693,54],"tags":[],"class_list":["post-55723","post","type-post","status-publish","format-standard","has-post-thumbnail","category-693","category-mujeres"],"_links":{"self":[{"href":"https:\/\/redsemlac.com\/semmexico\/wp-json\/wp\/v2\/posts\/55723","targetHints":{"allow":["GET"]}}],"collection":[{"href":"https:\/\/redsemlac.com\/semmexico\/wp-json\/wp\/v2\/posts"}],"about":[{"href":"https:\/\/redsemlac.com\/semmexico\/wp-json\/wp\/v2\/types\/post"}],"author":[{"embeddable":true,"href":"https:\/\/redsemlac.com\/semmexico\/wp-json\/wp\/v2\/users\/3"}],"replies":[{"embeddable":true,"href":"https:\/\/redsemlac.com\/semmexico\/wp-json\/wp\/v2\/comments?post=55723"}],"version-history":[{"count":0,"href":"https:\/\/redsemlac.com\/semmexico\/wp-json\/wp\/v2\/posts\/55723\/revisions"}],"wp:featuredmedia":[{"embeddable":true,"href":"https:\/\/redsemlac.com\/semmexico\/wp-json\/wp\/v2\/media\/55724"}],"wp:attachment":[{"href":"https:\/\/redsemlac.com\/semmexico\/wp-json\/wp\/v2\/media?parent=55723"}],"wp:term":[{"taxonomy":"category","embeddable":true,"href":"https:\/\/redsemlac.com\/semmexico\/wp-json\/wp\/v2\/categories?post=55723"},{"taxonomy":"post_tag","embeddable":true,"href":"https:\/\/redsemlac.com\/semmexico\/wp-json\/wp\/v2\/tags?post=55723"}],"curies":[{"name":"wp","href":"https:\/\/api.w.org\/{rel}","templated":true}]}}