{"id":55720,"date":"2022-09-07T14:50:03","date_gmt":"2022-09-07T20:50:03","guid":{"rendered":"https:\/\/redsemlac.com\/semmexico\/?p=55720"},"modified":"2023-07-21T19:13:16","modified_gmt":"2023-07-22T00:13:16","slug":"el-senado-presenta-exposicion-fotografica-que-visibiliza-el-abandono-de-las-mujeres-privadas-de-la-libertad","status":"publish","type":"post","link":"https:\/\/redsemlac.com\/semmexico\/el-senado-presenta-exposicion-fotografica-que-visibiliza-el-abandono-de-las-mujeres-privadas-de-la-libertad\/","title":{"rendered":"El Senado presenta exposici\u00f3n fotogr\u00e1fica que visibiliza el abandono de las mujeres privadas de la libertad"},"content":{"rendered":"\n<ul class=\"wp-block-list\"><li><strong>Las mujeres en reclusi\u00f3n las m\u00e1s vulnerables de la sociedad: Yovanovich.<\/strong><\/li><\/ul>\n\n\n\n<p class=\"wp-block-paragraph\"><strong>Micaela M\u00e1rquez<\/strong><\/p>\n\n\n\n<p class=\"wp-block-paragraph\">SemM\u00e9xico, Ciudad de M\u00e9xico, 7 de septiembre del 2022.- En el Senado de la Republica se inaugur\u00f3 la exposici\u00f3n \u00ab27 a\u00f1os, 8 meses, 14 d\u00edas\u201d de la pintora Vida Yovanovich que concientiza el abandono de las mujeres privadas de su libertad y las problem\u00e1ticas de injusticia, impunidad y abandono que existen en el pa\u00eds.&nbsp;&nbsp;<\/p>\n\n\n\n<p class=\"wp-block-paragraph\">La senadora Lupita Covarrubias Cervantes hablo de la importancia fundamental de proteger el derecho a la libertad, de fomentar un cambio desde el \u00f3rgano legislativo y de diferentes trincheras para \u201cConstruir una sociedad plena, justa y de empat\u00eda\u201d.&nbsp;&nbsp;<\/p>\n\n\n\n<p class=\"wp-block-paragraph\">De la exposici\u00f3n dijo, \u201ces un grito, un reclamo, un recuerdo de que a\u00fan nos falta construir un sistema de justicia \u00e1gil, un sistema de justicia que no funcione solo para los ricos, sino, que brinde paz, a trav\u00e9s de la justicia.\u201d\u00a0\u00a0<br><br>El presidente de la Mesa Directiva del Senado de la Rep\u00fablica, Alejandro Armenta Mier, reconoci\u00f3 el trabajo art\u00edstico de Vida Yovanovich, artista con un sentimiento cosmopolita, con un origen cubano, \u201c\u2026 Ha contribuido en la riqueza cultural de nuestra patria\u201d, ayudando a enriquecer la visi\u00f3n pluricultural de M\u00e9xico.\u00a0\u00a0<\/p>\n\n\n\n<p class=\"wp-block-paragraph\">La senadora Martha Luc\u00eda Micher Camarena, presidenta de la Comisi\u00f3n de Igualdad de G\u00e9nero, expres\u00f3 que las im\u00e1genes exhiben lo que significa ser una mujer privada de la libertad, casos en los que se pierden todas las redes familiares, pero cuando recuperan su libertad no hay quien las espere para darles un abrazo. &nbsp;&nbsp;<br><br>Tambi\u00e9n la Presidenta de la Comisi\u00f3n de Cultura, Susana Harp Iturribarr\u00eda, agradeci\u00f3 el gran trabajo de Vida Yovanovich, mostrando la preocupaci\u00f3n por generar conciencia, explorando la vida e identidad de las mujeres y se\u00f1al\u00f3: \u201cLa cultura tiene que servir de visibilizaci\u00f3n de los retrasos que tiene la sociedad\u2026 tiene que servir para sanar\u201d.&nbsp;&nbsp;<\/p>\n\n\n\n<p class=\"wp-block-paragraph\">Refiri\u00f3 que Yovanovich fue galardonada con el m\u00e9rito fotogr\u00e1fico que otorga el Instituto Nacional de Antropolog\u00eda e Historia, y que en sus 40 a\u00f1os de trayectoria, ha participado en m\u00e1s de 100 exposiciones colectivas alrededor del mundo.<\/p>\n\n\n\n<p class=\"wp-block-paragraph\">Por su parte, la artista Vida Yovanovich se\u00f1al\u00f3: \u201cMi trabajo fotogr\u00e1fico aqu\u00ed\u2026 implica ejercer conciencia en favor de la mujer, tantas de ellas, privadas de su libertad. No se les brinda apoyo jur\u00eddico por lo que se encuentran en el abandono, la soledad y el encierro\u201d.<\/p>\n\n\n\n<p class=\"wp-block-paragraph\">En mi exposici\u00f3n \u201c27 a\u00f1os, 8 meses 14 d\u00edas\u201d he centrado mi inter\u00e9s en la mujer reclusa porque constituyen el sector mas vulnerable de la sociedad, est\u00e1n propensas a ser agredidas, a recibir discriminaci\u00f3n de g\u00e9nero, porque no solo son castigadas por la ley sino por la familia.<\/p>\n\n\n\n<p class=\"wp-block-paragraph\">SEM\/MG<\/p>\n","protected":false},"excerpt":{"rendered":"<p>Las mujeres en reclusi\u00f3n las m\u00e1s vulnerables de la sociedad: Yovanovich.<\/p>\n","protected":false},"author":3,"featured_media":55721,"comment_status":"open","ping_status":"open","sticky":false,"template":"","format":"standard","meta":{"_monsterinsights_skip_tracking":false,"footnotes":""},"categories":[693,50],"tags":[],"class_list":["post-55720","post","type-post","status-publish","format-standard","has-post-thumbnail","category-693","category-congreso"],"_links":{"self":[{"href":"https:\/\/redsemlac.com\/semmexico\/wp-json\/wp\/v2\/posts\/55720","targetHints":{"allow":["GET"]}}],"collection":[{"href":"https:\/\/redsemlac.com\/semmexico\/wp-json\/wp\/v2\/posts"}],"about":[{"href":"https:\/\/redsemlac.com\/semmexico\/wp-json\/wp\/v2\/types\/post"}],"author":[{"embeddable":true,"href":"https:\/\/redsemlac.com\/semmexico\/wp-json\/wp\/v2\/users\/3"}],"replies":[{"embeddable":true,"href":"https:\/\/redsemlac.com\/semmexico\/wp-json\/wp\/v2\/comments?post=55720"}],"version-history":[{"count":0,"href":"https:\/\/redsemlac.com\/semmexico\/wp-json\/wp\/v2\/posts\/55720\/revisions"}],"wp:featuredmedia":[{"embeddable":true,"href":"https:\/\/redsemlac.com\/semmexico\/wp-json\/wp\/v2\/media\/55721"}],"wp:attachment":[{"href":"https:\/\/redsemlac.com\/semmexico\/wp-json\/wp\/v2\/media?parent=55720"}],"wp:term":[{"taxonomy":"category","embeddable":true,"href":"https:\/\/redsemlac.com\/semmexico\/wp-json\/wp\/v2\/categories?post=55720"},{"taxonomy":"post_tag","embeddable":true,"href":"https:\/\/redsemlac.com\/semmexico\/wp-json\/wp\/v2\/tags?post=55720"}],"curies":[{"name":"wp","href":"https:\/\/api.w.org\/{rel}","templated":true}]}}