{"id":55717,"date":"2022-09-07T14:45:37","date_gmt":"2022-09-07T20:45:37","guid":{"rendered":"https:\/\/redsemlac.com\/semmexico\/?p=55717"},"modified":"2023-07-21T19:13:16","modified_gmt":"2023-07-22T00:13:16","slug":"camara-de-diputados-reconoce-como-violencia-fisica-los-ataques-con-sustancias-corrosivas","status":"publish","type":"post","link":"https:\/\/redsemlac.com\/semmexico\/camara-de-diputados-reconoce-como-violencia-fisica-los-ataques-con-sustancias-corrosivas\/","title":{"rendered":"C\u00e1mara de Diputados reconoce como violencia f\u00edsica, los ataques con sustancias corrosivas"},"content":{"rendered":"\n<ul class=\"wp-block-list\"><li><strong>En lo que va del 2022 ha habido 47 ataques, afirmo diputada Margarita Garc\u00eda.<\/strong><\/li><li><strong>Se debe reconocer que es un tipo de violencia por raz\u00f3n de g\u00e9nero.&nbsp;<\/strong><\/li><\/ul>\n\n\n\n<p class=\"wp-block-paragraph\"><strong>&nbsp; <\/strong><strong>Elda Montiel <\/strong><strong><\/strong><\/p>\n\n\n\n<p class=\"wp-block-paragraph\">SemM\u00e9xico, Ciudad de M\u00e9xico, 7 de septiembre del 2022.- La C\u00e1mara de Diputados refuerza el marco legal contra ataques con sustancias corrosivas al aprobar por unanimidad de 480 votos ratificar el dictamen que reforma el Art\u00edculo 6, fracci\u00f3n II de la Ley de Acceso de las Mujeres a una Vida Libre de Violencia que reconoce como violencia f\u00edsica a los ataques perpetuados con \u00e1cido. &nbsp;<\/p>\n\n\n\n<p class=\"wp-block-paragraph\">La diputada morenista Kristal Vences Valencia, presidenta de la Comisi\u00f3n de Igualdad de G\u00e9nero subray\u00f3 que con la reforma se pretende salvaguardar el bien jur\u00eddico tutelado que es la vida, salud, honor y el derecho al pleno desarrollo de la personalidad, los cuales al realizarse los ataques con sustancias, se ven disminuidos, pues se deja huella en las v\u00edctimas y, en algunas ocasiones, es de por vida, dependiendo las lesiones que provocaron en el cuerpo.&nbsp;&nbsp;<\/p>\n\n\n\n<p class=\"wp-block-paragraph\">Manifest\u00f3 que \u201cno debe quedar duda que esta es una manifestaci\u00f3n de la violencia de g\u00e9nero que impera en nuestro pa\u00eds, ya que los ataques se llevan de manera premeditada con la intenci\u00f3n de buscar venganza por celos, por rechazos sexuales o rom\u00e1nticos, e incluso por no cumplir con roles socialmente asignados\u201d.<\/p>\n\n\n\n<p class=\"wp-block-paragraph\">Calific\u00f3 de \u201ccruel y dolorosa\u201d la violencia \u00e1cida pues \u201ccon tan solo 135 pesos se puede llegar a destruir la vida y la tranquilidad de una mujer, pues este tipo de sustancias se consiguen hasta en una tlapaler\u00eda, cualquiera puede comprarlas y te puede destruir la vida\u201d.&nbsp;<\/p>\n\n\n\n<p class=\"wp-block-paragraph\">La reforma al Art\u00edculo 6, fracci\u00f3n II de la LGAMVLV incluye en la definici\u00f3n de violencia f\u00edsica, cualquier acto que inflige da\u00f1o no accidental, usando \u00e1cido o sustancia corrosiva, c\u00e1ustica, irritante, t\u00f3xica o inflamable o cualquier otra sustancia que pueda provocar o no lesiones ya sean internas, externas o ambas. Fue enviada al Ejecutivo Federal para sus efectos constitucionales.&nbsp;&nbsp;&nbsp;&nbsp;<\/p>\n\n\n\n<p class=\"wp-block-paragraph\">La diputada Margarita Garc\u00eda Garc\u00eda del Partido del Trabajo, promovente de la reforma, destac\u00f3 que la violencia hacia las mujeres con alg\u00fan tipo de sustancia, ha ido en aumento en las \u00faltimas d\u00e9cadas y en lo que va del 2022 hay 47 ataques. Afirm\u00f3 que las modificaciones dan mayor claridad sobre lo que es la violencia f\u00edsica y la incorporaci\u00f3n de ataques con sustancias, como parte de la violencia f\u00edsica contra las mujeres.&nbsp;<\/p>\n\n\n\n<p class=\"wp-block-paragraph\">Mencion\u00f3 que estos ataques han ocurrido en distintas entidades de la Rep\u00fablica, por lo que es de suma importancia, incorporar el ataque con sustancia en la ley y que abra la posibilidad de que se pueda tipificar como un delito penal, ya que se debe reconocer que es un tipo de violencia por raz\u00f3n de g\u00e9nero.&nbsp;<\/p>\n\n\n\n<p class=\"wp-block-paragraph\">SEM\/MG<\/p>\n","protected":false},"excerpt":{"rendered":"<p>En lo que va del 2022 ha habido 47 ataques, afirmo diputada Margarita Garc\u00eda.<\/p>\n","protected":false},"author":3,"featured_media":55718,"comment_status":"open","ping_status":"open","sticky":false,"template":"","format":"standard","meta":{"_monsterinsights_skip_tracking":false,"footnotes":""},"categories":[693,50],"tags":[],"class_list":["post-55717","post","type-post","status-publish","format-standard","has-post-thumbnail","category-693","category-congreso"],"_links":{"self":[{"href":"https:\/\/redsemlac.com\/semmexico\/wp-json\/wp\/v2\/posts\/55717","targetHints":{"allow":["GET"]}}],"collection":[{"href":"https:\/\/redsemlac.com\/semmexico\/wp-json\/wp\/v2\/posts"}],"about":[{"href":"https:\/\/redsemlac.com\/semmexico\/wp-json\/wp\/v2\/types\/post"}],"author":[{"embeddable":true,"href":"https:\/\/redsemlac.com\/semmexico\/wp-json\/wp\/v2\/users\/3"}],"replies":[{"embeddable":true,"href":"https:\/\/redsemlac.com\/semmexico\/wp-json\/wp\/v2\/comments?post=55717"}],"version-history":[{"count":0,"href":"https:\/\/redsemlac.com\/semmexico\/wp-json\/wp\/v2\/posts\/55717\/revisions"}],"wp:featuredmedia":[{"embeddable":true,"href":"https:\/\/redsemlac.com\/semmexico\/wp-json\/wp\/v2\/media\/55718"}],"wp:attachment":[{"href":"https:\/\/redsemlac.com\/semmexico\/wp-json\/wp\/v2\/media?parent=55717"}],"wp:term":[{"taxonomy":"category","embeddable":true,"href":"https:\/\/redsemlac.com\/semmexico\/wp-json\/wp\/v2\/categories?post=55717"},{"taxonomy":"post_tag","embeddable":true,"href":"https:\/\/redsemlac.com\/semmexico\/wp-json\/wp\/v2\/tags?post=55717"}],"curies":[{"name":"wp","href":"https:\/\/api.w.org\/{rel}","templated":true}]}}