{"id":55706,"date":"2022-09-07T10:48:48","date_gmt":"2022-09-07T16:48:48","guid":{"rendered":"https:\/\/redsemlac.com\/semmexico\/?p=55706"},"modified":"2023-07-21T19:13:16","modified_gmt":"2023-07-22T00:13:16","slug":"bellas-y-airosas-kyra-galvan","status":"publish","type":"post","link":"https:\/\/redsemlac.com\/semmexico\/bellas-y-airosas-kyra-galvan\/","title":{"rendered":"Bellas y Airosas| Kyra Galv\u00e1n"},"content":{"rendered":"\n<p class=\"wp-block-paragraph\"><strong>Elvira Hern\u00e1ndez Carballido<\/strong><\/p>\n\n\n\n<p class=\"wp-block-paragraph\">SemM\u00e9xico, Pachuca, Hidalgo, 7 de septiembre del 2022.- La Feria Universitaria del Libro (FUL), organizada por la Universidad Aut\u00f3noma del estado de Hidalgo fue una fiesta de letras y voces, entre ellas las de Kyra Galv\u00e1n, cuya trayectoria es digna de exponer en cualquier escenario donde ella est\u00e9 presente.<\/p>\n\n\n\n<p class=\"wp-block-paragraph\">En 1982 empez\u00f3 a circular en el \u00e1mbito literario y acad\u00e9mico un libro titulado Un peque\u00f1o moret\u00f3n en la piel de nadie, del cual se dijo:<\/p>\n\n\n\n<p class=\"wp-block-paragraph\">\u201cEste libro me parece como una tarde de caf\u00e9 en la que Kyra me platica un poco de ella, de c\u00f3mo sobrellevar la vida en una ciudad ca\u00f3tica como la Ciudad de M\u00e9xico, cuando se es una persona sensible y con un \u201cGran Miedo de no llegar a la toma de la libertad\u201d. Entre l\u00edneas, me muestra una postura incipiente feminista en una joven veintea\u00f1era, que se va formando a base de dudas y cuestionamientos sobre el ser mujer y sobre la condici\u00f3n de \u00e9sta en la Historia.<\/p>\n\n\n\n<p class=\"wp-block-paragraph\">Hasta la fecha, <em>Contradicciones ideol\u00f3gicas al lavar un plato<\/em>, es tomado por representantes feministas como una manera de cuestionar las relaciones de g\u00e9nero, en el libro tambi\u00e9n hay referencias al cuerpo y al deseo, a la soledad y al acoso, a la violencia y a la marginaci\u00f3n femenina. No fue un libro que pasara desapercibido, m\u00e1s empez\u00f3 a surgir el inter\u00e9s de conocer a esa joven que en la contraportada se presentaba como economista, nacida en la Ciudad de M\u00e9xico, que en 1989 hab\u00eda obtenido el premio de poes\u00eda joven \u201cEl\u00edas Nandino\u201d. Kyra Galv\u00e1n en sus <em>Contradicciones ideol\u00f3gicas al lavar un plato<\/em>, se plantea una serie de preguntas a las que quiere responder y por supuesto, las responde:<\/p>\n\n\n\n<pre class=\"wp-block-verse\"><strong><em>Contradicciones ideol\u00f3gicas al lavar un plato. \u00bfNo?\nY tambi\u00e9n quisiera explicar\npor qu\u00e9 me maquillo y por qu\u00e9 uso perfume.\nPor qu\u00e9 quiero cantar la belleza del cuerpo masculino.\nQuiero aclararme bien ese racismo que existe\nentre los hombres y las mujeres\u2026\n<\/em><\/strong><\/pre>\n\n\n\n<p class=\"wp-block-paragraph\">En diferentes entrevistas ha declarado que a los 16 a\u00f1os empez\u00f3 a darse cuenta de que la escritura era su vocaci\u00f3n y fue as\u00ed como ingres\u00f3 al taller de Juan Bola\u00f1o, a medidos de la d\u00e9cada de los setenta. Ah\u00ed conoci\u00f3 a Roberto Bola\u00f1o y otros j\u00f3venes, que se hac\u00edan llamar infrarrealistas y que, reconoce, influyeron mucho en ella. Aunque, poco a poco empez\u00f3 a tomar su propio ritmo. Sin duda, no le gustan las clasificaciones, pues, aunque alguna vez Vicente Quirarte la incluy\u00f3 en la poes\u00eda de la <em>Coloquialidad,<\/em> ella no puede ubicarse en ninguna, cada libro escrito marca otros caminos y otras inspiraciones. Le han dicho que hace poes\u00eda urbana, poes\u00eda feminista, del exilio, amorosa o er\u00f3tica.<\/p>\n\n\n\n<p class=\"wp-block-paragraph\">Lo que s\u00ed puede afirmarse es que su primer libro, fue una excelente tarjeta de presentaci\u00f3n en el mundo de la poes\u00eda, recibi\u00f3 cr\u00edticas favorables, fue entrevistada y actualmente la primera edici\u00f3n del libro, ya no es posible conseguirse. Fue becaria del Centro Mexicano de Escritores en 1982-1983, donde comenz\u00f3 a trabajar los poemas que luego present\u00f3 en su siguiente libro <em>Alabanza<\/em> <em>escribo<\/em> (1989), un libro optimista y con perspectiva optimista. Fue calificada como heredera de la tradici\u00f3n de Rosario Castellanos por la fuerza en el uso de la iron\u00eda. Jos\u00e9 Joaqu\u00edn Blanco (1997) asegur\u00f3 que Galv\u00e1n era una de las poetas m\u00e1s le\u00eddas de su generaci\u00f3n, que su voz destacaba por cr\u00edtica e ingeniosa.<\/p>\n\n\n\n<p class=\"wp-block-paragraph\">Despu\u00e9s, se fue a vivir a Londres y se convirti\u00f3 en una viajera que recorri\u00f3 varios lugares del mundo. Ello qued\u00f3 reflejado en otro libro, <em>Netzahualc\u00f3yotl recorre las islas<\/em> (1997), poemario donde la veremos oscilando entre dos pa\u00edses y destacar\u00e1 en su tono esa insistencia de saberse extranjera. Aislamiento y diferencias, nostalgia y melancol\u00eda, estar lejos le provoca escarbar esa geograf\u00eda donde naci\u00f3 y que seguramente la ha formado, la distingue de otras culturas, delatando un exilio interior, el recorrido de su propio cuerpo y los cambios que como mujer observa en \u00e9l, sobre todo en el momento de la maternidad. Ana Chouci\u00f1o Fern\u00e1ndez (2010), al analizar la obra, no duda en denominarla poes\u00eda del exilio. Un reconocimiento a su trayectoria se ve reflejado en <em>Incandescente<\/em> (2010), antolog\u00eda que re\u00fane sus tres libros de poemas. Jos\u00e9 Joaqu\u00edn Blanco afirma:<\/p>\n\n\n\n<p class=\"wp-block-paragraph\">\u201cEs asombrosa la cantidad de cosas que Kyra Galv\u00e1n puede decir en su poes\u00eda: su manera de conversar, de divagar, en desvariar, siempre con la agudeza, la iron\u00eda y la punter\u00eda de llamar a las cosas por su nombre, para enseguida ponerlas en contacto con todos los nombres de todas las dem\u00e1s, siempre con una frescura y una sonrisa: una ligereza de plenitud\u201d.<\/p>\n\n\n\n<p class=\"wp-block-paragraph\">En ese mismo a\u00f1o sali\u00f3 a la luz <em>Speculum Caelestis. Espejo celestial<\/em>, resultado de un proyecto que trabaj\u00f3 con una beca que le otorg\u00f3 el Fondo Nacional para la Cultura y las Artes. As\u00ed entre met\u00e1foras invita a un paseo por el sistema solar, demuestra que cada planeta puede inspirar un verso, que la luna sigue siendo el astro m\u00e1s preferido de quienes escriben poemas y que todo cuerpo celeste tiene que ver con cualquier ser terrestre. Tres a\u00f1os despu\u00e9s, en 2013, dio a conocer <em>Poes\u00eda es jerogl\u00edfico<\/em>, nuevamente en la contraportada encontramos una bella manera de delatar el contenido:<\/p>\n\n\n\n<pre class=\"wp-block-verse\"><em><strong>\u201cA estos signos (jerogl\u00edficos) se le denominaban literalmente \u201cpalabras divinas\u201d porque adem\u00e1s de comunicar ideas ten\u00edan el poder descomunal de preservar la vida en el m\u00e1s all\u00e1, proteger contra el mal, causar sufrimiento o ayudar al sol a remontar los peligros de la oscuridad y renacer cada ma\u00f1ana. Jerogl\u00edfico como magia pura encapsulada en un cartucho\u201d.<\/strong><\/em><\/pre>\n\n\n\n<p class=\"wp-block-paragraph\">El a\u00f1o 2013 es significativo pues tambi\u00e9n publica <em>Artificio del duelo<\/em>, la manera de difundir el libro en diferentes escenarios fue poderosa, pues eligieron una descripci\u00f3n desgarradora para sacudirse la muerte de su madre y aligerar el peso de ese dolor. Su m\u00e1s reciente material, es <em>Anatom\u00eda de la escritura<\/em> (2018), se destac\u00f3 que la obra es:<\/p>\n\n\n\n<pre class=\"wp-block-verse\"><em><strong>\u2026 un art\u00edfice del lenguaje que ensaya ahora otro registro en su labor po\u00e9tica e indaga en los or\u00edgenes y sentidos de la escritura, la historia fascinante de c\u00f3mo nacieron las palabras contadas con las palabras de un largo poema, incluso antes de que los primeros hombres y mujeres las intuyeran. Anatom\u00eda de la escritura es un canto \u00e9pico a la escritura que va de la complejidad abstracta e intelectual de los jerogl\u00edficos egipcios, los ideogramas chinos y las runas vikingas, hasta llegar al cursor palpitante de las computadoras.<\/strong><\/em><\/pre>\n\n\n\n<p class=\"wp-block-paragraph\">La creatividad de Kyra Galv\u00e1n promete m\u00e1s poes\u00eda, aunque tambi\u00e9n ha explorado la narrativa. Su primera novela fue <em>Los indecibles pecados de Sor Juana<\/em> (2010) y le han seguido: <em>El perfume de la Faraona<\/em> (2013, novela infantil), <em>El coraz\u00f3n de plata<\/em> (2014), <em>El sello de la lib\u00e9lula<\/em> (2017) y <em>La visi\u00f3n de Malintzin<\/em> (2022). Es as\u00ed como esta poeta, economista y tambi\u00e9n fot\u00f3grafa, estudiosa de la historia del arte, traductora y maestra, ya que orienta a mucha gente en sus talleres de literatura, forma parte de la poes\u00eda mexicana. Su sensibilidad ha tocado la pandemia y confinamiento vividos en estos dos \u00faltimos a\u00f1os, el poema <em>Pandemia 2020<\/em>, reflejan una circunstancia social concreta y una serie de reacciones ante ella:<\/p>\n\n\n\n<pre class=\"wp-block-verse\"><em><strong>\u00bfQu\u00e9 es el miedo sino el instinto\nrecorriendo lento un t\u00fanel sin fondo?\nAzorada recorro la mansi\u00f3n\ndonde habita el miedo.\nMis manos buscan asidero,\nmis ojos rastrean los destellos de luz\ny la camelia inerme de mi pensamiento\nes colibr\u00ed en pausa.\nMis pies tartamudean al dar el paso,\ny mi conciencia trastabilla\ncomo una brizna de abeja enloquecida\nenfrentada a la mortalidad.\nAnte la amenaza invisible\nel hogar se cierra sobre m\u00ed\ncomo una flor al anochecer\nen un cuento de terror\u2026\nSue\u00f1o\ny al abrir los ojos olvido,\npermanece una vaga sensaci\u00f3n:\nde enemigos\ny de una terrible batalla\nque se libra\nen hospitales.<\/strong><\/em>\n<\/pre>\n","protected":false},"excerpt":{"rendered":"<p>La Feria Universitaria del Libro (FUL), organizada por la Universidad Aut\u00f3noma del estado de Hidalgo fue una fiesta de letras y voces, entre ellas las de Kyra Galv\u00e1n<\/p>\n","protected":false},"author":3,"featured_media":31337,"comment_status":"open","ping_status":"open","sticky":false,"template":"","format":"standard","meta":{"_monsterinsights_skip_tracking":false,"footnotes":""},"categories":[693,201,202,35],"tags":[459],"class_list":["post-55706","post","type-post","status-publish","format-standard","has-post-thumbnail","category-693","category-bellas-y-airosas","category-elvira-hernandez-carballido","category-opinion","tag-opinion"],"_links":{"self":[{"href":"https:\/\/redsemlac.com\/semmexico\/wp-json\/wp\/v2\/posts\/55706","targetHints":{"allow":["GET"]}}],"collection":[{"href":"https:\/\/redsemlac.com\/semmexico\/wp-json\/wp\/v2\/posts"}],"about":[{"href":"https:\/\/redsemlac.com\/semmexico\/wp-json\/wp\/v2\/types\/post"}],"author":[{"embeddable":true,"href":"https:\/\/redsemlac.com\/semmexico\/wp-json\/wp\/v2\/users\/3"}],"replies":[{"embeddable":true,"href":"https:\/\/redsemlac.com\/semmexico\/wp-json\/wp\/v2\/comments?post=55706"}],"version-history":[{"count":0,"href":"https:\/\/redsemlac.com\/semmexico\/wp-json\/wp\/v2\/posts\/55706\/revisions"}],"wp:featuredmedia":[{"embeddable":true,"href":"https:\/\/redsemlac.com\/semmexico\/wp-json\/wp\/v2\/media\/31337"}],"wp:attachment":[{"href":"https:\/\/redsemlac.com\/semmexico\/wp-json\/wp\/v2\/media?parent=55706"}],"wp:term":[{"taxonomy":"category","embeddable":true,"href":"https:\/\/redsemlac.com\/semmexico\/wp-json\/wp\/v2\/categories?post=55706"},{"taxonomy":"post_tag","embeddable":true,"href":"https:\/\/redsemlac.com\/semmexico\/wp-json\/wp\/v2\/tags?post=55706"}],"curies":[{"name":"wp","href":"https:\/\/api.w.org\/{rel}","templated":true}]}}