{"id":55703,"date":"2022-09-07T09:41:19","date_gmt":"2022-09-07T15:41:19","guid":{"rendered":"https:\/\/redsemlac.com\/semmexico\/?p=55703"},"modified":"2023-07-21T19:13:16","modified_gmt":"2023-07-22T00:13:16","slug":"permiso-menstrual-de-8-horas-al-mes-propuso-la-senadora-veronica-delgadillo-garcia","status":"publish","type":"post","link":"https:\/\/redsemlac.com\/semmexico\/permiso-menstrual-de-8-horas-al-mes-propuso-la-senadora-veronica-delgadillo-garcia\/","title":{"rendered":"Permiso menstrual de 8 horas al mes, propuso la senadora Ver\u00f3nica Delgadillo Garc\u00eda"},"content":{"rendered":"\n<ul class=\"wp-block-list\"><li><strong>Es una oportunidad para dejar de estigmatizar a la menstruaci\u00f3n.<\/strong><\/li><\/ul>\n\n\n\n<p class=\"wp-block-paragraph\"><strong>Micaela M\u00e1rquez<\/strong><\/p>\n\n\n\n<p class=\"wp-block-paragraph\">SemM\u00e9xico, Ciudad de M\u00e9xico, 7 de septiembre del 2022.- La senadora Ver\u00f3nica Delgadillo Garc\u00eda, de Movimiento Ciudadano, propuso que las personas trabajadoras con vivencias menstruales gocen de permiso en la jornada laboral de 8 horas al mes, sin que se afecte su salario, antig\u00fcedad, pago de primas, vacaciones, bonos e incentivos u otros derechos.<\/p>\n\n\n\n<p class=\"wp-block-paragraph\">Destac\u00f3 que el permiso menstrual tambi\u00e9n es una oportunidad para dejar de estigmatizar a la menstruaci\u00f3n y que se comiencen a romper estigmas para garantizar las condiciones dignas que necesitan las personas para llevar de la mejor manera su vivencia menstrual, comenzando con un nuevo lenguaje.&nbsp;<\/p>\n\n\n\n<p class=\"wp-block-paragraph\">\u201cQueremos un permiso para todas las mujeres que tienen vivencias menstruales, para que puedan faltar a trabajar y que no se les descuente el d\u00eda\u201d, dijo.<\/p>\n\n\n\n<p class=\"wp-block-paragraph\">Es importante, porque hay personas que tienen vivencias menstruales tan dolorosas que se pueden desmayar, vomitar, sufrir migra\u00f1a y otros s\u00edntomas. Los dolores menstruales, en algunas ocasiones, pueden sentirse o compararse con el dolor de un infarto. Y as\u00ed vamos a trabajar, porque se nos ha acostumbrado a vivir con dolor.&nbsp;<\/p>\n\n\n\n<p class=\"wp-block-paragraph\">\u201cDe este tema se habla muy poco o casi no se habla porque hay tab\u00faes y un mont\u00f3n de estigmas, creencias, ideas colectivas que hacen ver a la menstruaci\u00f3n como algo malo, sucio, como algo que tenemos que ocultar\u201d.<\/p>\n\n\n\n<p class=\"wp-block-paragraph\">Tambi\u00e9n cuestion\u00f3 que, al referirse a productos para la menstruaci\u00f3n, se diga productos higi\u00e9nicos, como si las personas que est\u00e1n menstruando, fueran sucias.<\/p>\n\n\n\n<p class=\"wp-block-paragraph\">De acuerdo a los datos de UNICEF, las mujeres y personas menstruantes pasan 3 mil d\u00edas de su vida menstruando, con una duraci\u00f3n de entre 2 a 7 d\u00edas cada mes.<\/p>\n\n\n\n<p class=\"wp-block-paragraph\">En la iniciativa se precisa que tiene como finalidad establecer la posibilidad de un descanso para aquellas mujeres y personas menstruantes que se vean imposibilitadas de llevar a cabo su jornada laboral a causa de los malestares f\u00edsicos que pudieran presentarse durante su periodo menstrual.<\/p>\n\n\n\n<p class=\"wp-block-paragraph\">Para llevar lo anteriormente mencionado, se propone adicionar una serie de disposiciones a la Ley Federal del Trabajo y a la Ley Federal de los Trabajadores al Servicio del Estado, para que se establezca el derecho a un descanso de ocho horas al mes, con goce de sueldo para las mujeres y personas menstruantes que as\u00ed lo requieran.<\/p>\n\n\n\n<p class=\"wp-block-paragraph\">Se precisa en la propuesta que, la menstruaci\u00f3n debe ser entendida simplemente como un proceso biol\u00f3gico y natural de las ni\u00f1as, mujeres y personas menstruantes en edad reproductiva, y que suele estar presente entre los 12 y los 51 a\u00f1os de edad. \u00a0<\/p>\n\n\n\n<p class=\"wp-block-paragraph\">Al concluir su presentaci\u00f3n sentenci\u00f3 que \u201cpor el bien de nuestra sociedad, con el objetivo de hacer un M\u00e9xico m\u00e1s justo, m\u00e1s igualitario y una sociedad que hable abiertamente de la menstruaci\u00f3n, sin estigmas, empujamos esta iniciativa e invitamos a todas y todos los legisladores que comencemos hablar, con claridad y franqueza, sobre la menstruaci\u00f3n\u201d.\u00a0<\/p>\n\n\n\n<p class=\"wp-block-paragraph\">A la iniciativa se sumaron senadoras de varias fuerzas pol\u00edticas, entre ellas del Partido Acci\u00f3n Nacional y Morena.\u00a0<\/p>\n\n\n\n<p class=\"wp-block-paragraph\">SEM\/MG<\/p>\n","protected":false},"excerpt":{"rendered":"<p>Es una oportunidad para dejar de estigmatizar a la menstruaci\u00f3n.<\/p>\n","protected":false},"author":3,"featured_media":55704,"comment_status":"open","ping_status":"open","sticky":false,"template":"","format":"standard","meta":{"_monsterinsights_skip_tracking":false,"footnotes":""},"categories":[693,50],"tags":[],"class_list":["post-55703","post","type-post","status-publish","format-standard","has-post-thumbnail","category-693","category-congreso"],"_links":{"self":[{"href":"https:\/\/redsemlac.com\/semmexico\/wp-json\/wp\/v2\/posts\/55703","targetHints":{"allow":["GET"]}}],"collection":[{"href":"https:\/\/redsemlac.com\/semmexico\/wp-json\/wp\/v2\/posts"}],"about":[{"href":"https:\/\/redsemlac.com\/semmexico\/wp-json\/wp\/v2\/types\/post"}],"author":[{"embeddable":true,"href":"https:\/\/redsemlac.com\/semmexico\/wp-json\/wp\/v2\/users\/3"}],"replies":[{"embeddable":true,"href":"https:\/\/redsemlac.com\/semmexico\/wp-json\/wp\/v2\/comments?post=55703"}],"version-history":[{"count":0,"href":"https:\/\/redsemlac.com\/semmexico\/wp-json\/wp\/v2\/posts\/55703\/revisions"}],"wp:featuredmedia":[{"embeddable":true,"href":"https:\/\/redsemlac.com\/semmexico\/wp-json\/wp\/v2\/media\/55704"}],"wp:attachment":[{"href":"https:\/\/redsemlac.com\/semmexico\/wp-json\/wp\/v2\/media?parent=55703"}],"wp:term":[{"taxonomy":"category","embeddable":true,"href":"https:\/\/redsemlac.com\/semmexico\/wp-json\/wp\/v2\/categories?post=55703"},{"taxonomy":"post_tag","embeddable":true,"href":"https:\/\/redsemlac.com\/semmexico\/wp-json\/wp\/v2\/tags?post=55703"}],"curies":[{"name":"wp","href":"https:\/\/api.w.org\/{rel}","templated":true}]}}