{"id":55700,"date":"2022-09-07T09:28:27","date_gmt":"2022-09-07T15:28:27","guid":{"rendered":"https:\/\/redsemlac.com\/semmexico\/?p=55700"},"modified":"2023-07-21T19:13:16","modified_gmt":"2023-07-22T00:13:16","slug":"plataformas-politicas-de-mujeres-un-foro-para-la-mejora-de-la-calidad-en-la-representacion-politica","status":"publish","type":"post","link":"https:\/\/redsemlac.com\/semmexico\/plataformas-politicas-de-mujeres-un-foro-para-la-mejora-de-la-calidad-en-la-representacion-politica\/","title":{"rendered":"Plataformas pol\u00edticas de mujeres, un foro para la mejora de la calidad en la representaci\u00f3n pol\u00edtica"},"content":{"rendered":"\n<ul class=\"wp-block-list\"><li><strong>Hay muchos liderazgos de mujeres en todos los niveles y no est\u00e1 claro los canales para llegar a un espacio de representaci\u00f3n pol\u00edtica.<\/strong><strong><\/strong><\/li><\/ul>\n\n\n\n<p class=\"wp-block-paragraph\"><strong>Elda Montiel<\/strong><\/p>\n\n\n\n<p class=\"wp-block-paragraph\">SemM\u00e9xico, Ciudad de M\u00e9xico, 7 de septiembre del 2022.- En la apertura del Foro de experiencias internacionales \u201cPlataformas pol\u00edticas: impulsando representaciones democr\u00e1ticas y nuevos liderazgos\u201d, el consejero presidente del Instituto Nacional Electoral (INE), Lorenzo C\u00f3rdova Vianello expres\u00f3 que las plataformas pol\u00edticas de mujeres como mecanismos para mejorar la calidad de la representaci\u00f3n pol\u00edtica y la construcci\u00f3n de nuevos espacios para la participaci\u00f3n ciudadana, son importantes para el presente y futuro de las democracias del mundo y M\u00e9xico.<\/p>\n\n\n\n<p class=\"wp-block-paragraph\">\u201cHa iniciado un nuevo activismo social, especialmente, pero no solo en Am\u00e9rica Latina, un activismo que surge en gran medida de las movilizaciones sociales de defensa de los derechos de las personas m\u00e1s vulnerables y excluidas en contra de los abusos del poder en general y de la violencia en contra de las mujeres en particular, una nueva forma de activismo y movilizaci\u00f3n social\u201d, dijo C\u00f3rdova Vianello frente a los participantes representantes de las Plataformas de M\u00e9xico, Colombia, Brasil y Estados Unidos.<\/p>\n\n\n\n<p class=\"wp-block-paragraph\">Agreg\u00f3 el presidente del INE, que se trata de buscar maneras para revitalizar nuestro arreglo democr\u00e1tico tan comprometido por los dif\u00edciles tiempos que asolan la democracia en todo el mundo.<\/p>\n\n\n\n<p class=\"wp-block-paragraph\">El desencanto con la pol\u00edtica y la falta de confianza en las y los pol\u00edticos en los parlamentos y los partidos como pilares fundamentales de todo sistema democr\u00e1tico, llevan entre nosotros ya demasiado tiempo recre\u00e1ndose, multiplic\u00e1ndose, difundi\u00e9ndose peligrosamente.<\/p>\n\n\n\n<p class=\"wp-block-paragraph\">Es revolucionario buscar el cambio profundo sin pensar en refundar o revertir las instituciones. Esta forma de hacer pol\u00edtica reconoce que los partidos pol\u00edticos, con todo y sus carencias, pero tambi\u00e9n con sus fortalezas y canalizaci\u00f3n de demandas son parte necesaria de la pol\u00edtica democr\u00e1tica, coment\u00f3.<\/p>\n\n\n\n<p class=\"wp-block-paragraph\">Se trata de hacer y entender la pol\u00edtica como un instrumento colectivo para redignificarla y resignificar la representaci\u00f3n pol\u00edtica como el espacio en el que todas y todos cabemos; las mayor\u00edas, pero sin duda tambi\u00e9n las minor\u00edas. &nbsp;<\/p>\n\n\n\n<p class=\"wp-block-paragraph\">Lorenzo C\u00f3rdova les dio la bienvenida para buscar de la mano de los partidos y la sociedad civil, una agenda de cambio efectiva e incluyente, que ampl\u00ede aut\u00e9nticamente las oportunidades de desarrollo social, las expectativas de un mejor futuro y de un presente m\u00e1s alentador para nuestras sociedades.<\/p>\n\n\n\n<h2 class=\"wp-block-heading\"><strong>M\u00e1s de la mitad de habitantes del mundo, a\u00fan no puede ejercer sus derechos<\/strong><\/h2>\n\n\n\n<p class=\"wp-block-paragraph\">La Consejera Dania Ravel Cuevas enfatiz\u00f3 que \u201cel mundo nunca hab\u00eda sido tan democr\u00e1tico como ahora que son 144 pa\u00edses de 210 los que viven bajo el modelo de un Estado Democr\u00e1tico de Derecho. Sin embargo, m\u00e1s de la mitad de la poblaci\u00f3n sigue sin poder ejercer plenamente sus derechos humanos dentro de los cuales est\u00e1n, desde luego, los derechos pol\u00edticos y electorales\u201d.<\/p>\n\n\n\n<p class=\"wp-block-paragraph\">Llam\u00f3 a las plataformas pol\u00edticas a seguir trabajando a favor de los derechos de las mujeres y su pleno ejercicio. \u201cDebemos de seguir tomando acciones espec\u00edficas para ir cerrando esa brecha de desigualdad\u201d.<\/p>\n\n\n\n<p class=\"wp-block-paragraph\">La desigualdad en la participaci\u00f3n pol\u00edtica de las mujeres que les impiden llegar a tomar espacios de decisi\u00f3n es una de las principales razones de las plataformas pol\u00edticas de M\u00e9xico y Colombia.<\/p>\n\n\n\n<p class=\"wp-block-paragraph\">Mariana Niembro Mart\u00ednez de \u201cAuna\u201d en M\u00e9xico refiri\u00f3 que \u201clas mujeres quieren participar en pol\u00edtica pero no est\u00e1 claro c\u00f3mo pueden acceder a estos cargos,\u201d si tienes que ser militante y todo el camino que tienes que pasar, porque sabemos que los se\u00f1ores de los partidos pol\u00edticos son los que deciden que mujeres cumplen para tener esas candidaturas.<\/p>\n\n\n\n<p class=\"wp-block-paragraph\">Hay muchos liderazgos de mujeres en todos los niveles y no est\u00e1 claro los canales para llegar a un espacio de representaci\u00f3n pol\u00edtica, por eso nace \u201cAuna\u201d, como brazo de participaci\u00f3n pol\u00edtica, complementar a los partidos pol\u00edticos y la necesidad de que no nos sentimos representadas en los partidos pol\u00edticos.<\/p>\n\n\n\n<p class=\"wp-block-paragraph\">Valentina Enciso de \u201cLas Artemisas\u201den Colombia, refiri\u00f3 que naci\u00f3 porque se percataron de la necesidad de que las mujeres empezaran a participar en pol\u00edtica y como ciudadanas ten\u00edan un rol importante para tomar decisiones. Nos dimos cuenta que las agendas que llegaban a los legislativos eran f\u00e1cil que se archivaran, por lo que empezamos a mirar que est\u00e1 pasando a nivel territorial con la participaci\u00f3n pol\u00edtica de mujeres de manera descentralizada.<\/p>\n\n\n\n<p class=\"wp-block-paragraph\">Para Tainah Pereira de \u201cMujeres Negras Deciden\u201d de Brasil comparti\u00f3 que el movimiento al que pertenece \u201cconstruye colectivamente una plataforma de impulso de mujeres negras en la pol\u00edtica y estas mujeres son, todas ellas, lideranzas colectivas. Es decir, mujeres que trabajan de una forma muy pr\u00f3xima a los movimientos sociales de base y que consultan a este grupo expandido que las acompa\u00f1a a la hora de tomar decisiones\u201d.<\/p>\n\n\n\n<p class=\"wp-block-paragraph\">En la agenda con las construcciones, con el ambiente y el entorno de esas mujeres es fundamental, porque en el proceso de disputa electoral o la pol\u00edtica electoral muy dif\u00edcilmente, ellas, van a poder hacerlo solas. Entonces es fundamental que todo el grupo alrededor de ellas est\u00e9 fortalecido y que sea un grupo igualmente comprometido con esa agenda, agreg\u00f3.<\/p>\n\n\n\n<h2 class=\"wp-block-heading\"><strong>Nuevas formas para nuevas representaciones y formas de hacer campa\u00f1as democr\u00e1ticas<\/strong><\/h2>\n\n\n\n<p class=\"wp-block-paragraph\">La consejera Claudia Zavala P\u00e9rez&nbsp; puso \u00e9nfasis en los objetivos espec\u00edficos del foro que es dar a conocer los procesos que cumplen las plataformas en distintos pa\u00edses y contextos para detectar e invitar a representantes de grupos subrepresentados con candidaturas y cargos de elecci\u00f3n.<\/p>\n\n\n\n<p class=\"wp-block-paragraph\">Sensibilizar sobre la oferta de formaci\u00f3n y acompa\u00f1amiento de las plataformas, complementaria a los partidos pol\u00edticos y contribuir a los procesos de educaci\u00f3n e involucramiento c\u00edvico para impulsar nuevas representaciones y nuevas formas de hacer campa\u00f1as democr\u00e1ticas.<\/p>\n\n\n\n<p class=\"wp-block-paragraph\">Para M\u00f3nica Tapia cofundadora de \u201cAuna\u201d M\u00e9xico realizar pol\u00edtica va m\u00e1s all\u00e1 de un partido o del gobierno. Es necesario que en el pa\u00eds se logre ampliar la noci\u00f3n de este \u00e1mbito y del espacio c\u00edvico, por eso impulsan nuevas representaciones pol\u00edticas con liderazgos de mujeres.<\/p>\n\n\n\n<p class=\"wp-block-paragraph\">Precis\u00f3 que se han organizado para encontrar a nuevas l\u00edderes de comunidades, mujeres que est\u00e9n cerca de los problemas, de las soluciones, de las propuestas y de las causas. Las propuestas que se han trabajado incluyen transformaciones en la igualdad de g\u00e9nero, en la construcci\u00f3n de la paz y de la justicia, de la protecci\u00f3n del medio ambiente, de las pol\u00edticas de bienestar y de finanzas p\u00fablicas y econom\u00eda para la igualdad.<\/p>\n\n\n\n<p class=\"wp-block-paragraph\">La directora pol\u00edtica nacional de \u201cNew American Leaders\u201d Basilisa Alonso refiri\u00f3 que capacitan a l\u00edderes de la comunidad migrante mexicana en Estados Unidos porque es importante que la comunidad participe en la vida pol\u00edtica.<\/p>\n\n\n\n<p class=\"wp-block-paragraph\">\u201cNosotros los invitamos a tener entrenamientos donde los capacitamos con las herramientas para poder postularse para oficina, que puede incluir aspectos como contar su historia personal, c\u00f3mo hacer una campa\u00f1a de forma aut\u00e9ntica, que involucre a la comunidad\u201d.<\/p>\n\n\n\n<p class=\"wp-block-paragraph\">La abogada Adelaida Roa Roa detall\u00f3 que&nbsp;\u201cOcupar la Pol\u00edtica\u201den Colombia acompa\u00f1a a las candidaturas, siempre de la mano con organizaciones de la sociedad civil para prepararlas, para que aprendan a co-construir agendas para dialogar con estas candidaturas y aportar a las campa\u00f1as. Nosotros no queremos imponer una agenda, imponer un lugar, lo que queremos es que se siga manteniendo una democracia plural.<\/p>\n\n\n\n<h2 class=\"wp-block-heading\"><strong>Los partidos pol\u00edticos carecen de igualdad para las mujeres: Carla Humphrey<\/strong><\/h2>\n\n\n\n<p class=\"wp-block-paragraph\">El consejero Mart\u00edn Faz que coordin\u00f3 una de las mesas del evento advirti\u00f3 que la crisis de representatividad en la cultura c\u00edvica tambi\u00e9n se manifiesta en la ruptura del tejido social y en una enorme desconfianza ciudadana en las instituciones. Por eso, se\u00f1al\u00f3, el INE elabor\u00f3 la \u201cEstrategia Nacional de la Cultura C\u00edvica\u201d que tiene como tres grandes ejes; la verdad que es la generaci\u00f3n de conocimientos e informaci\u00f3n para sensibilizar a la ciudadan\u00eda sobre los derechos y ejercerlos, el di\u00e1logo y la exigencia. &nbsp;&nbsp;<\/p>\n\n\n\n<p class=\"wp-block-paragraph\">Por otra parte, la Consejera Carla Humphrey asever\u00f3 que \u201cel primer freno de la participaci\u00f3n pol\u00edtica de las mujeres son precisamente los partidos pol\u00edticos. Esos espacios en los que ellos no se dan cuenta que son violentos contra las mujeres, que son violentos para sus aspiraciones p\u00fablicas y que claramente, desde lo que vemos, es muy dif\u00edcil abrirlos para que las mujeres puedan competir en condiciones de igualdad\u201d.<\/p>\n\n\n\n<p class=\"wp-block-paragraph\">\u201cNo quisi\u00e9ramos acciones afirmativas, no quisi\u00e9ramos paridad, siempre y cuando pudi\u00e9ramos tener estos \u00f3rganos integrados de forma plural, de forma que se refleje la integraci\u00f3n social de cada uno de nuestros pa\u00edses y de que podamos competir en igualdad de condiciones\u201d, mencion\u00f3.<\/p>\n\n\n\n<p class=\"wp-block-paragraph\">En este sentido, Humphrey estim\u00f3 que las plataformas pol\u00edticas \u201ctienen la virtud muy importante de crear estas sinergias, lo que nos dicen aqu\u00ed de Colombia, de Brasil, de Estados Unidos creo que es muy importante para ver hacia d\u00f3nde podemos ir, qu\u00e9 otras acciones podemos estar planteando desde la instituci\u00f3n electoral, en este caso la administrativa, pero tambi\u00e9n la jurisdiccional\u201d.<\/p>\n\n\n\n<p class=\"wp-block-paragraph\">Adem\u00e1s del INE, las instituciones convocantes a este foro fueron:&nbsp;A\u00fana.Igualdad, diversidad, pluralidad;&nbsp;Feminismos; la&nbsp;Friedrich-Ebert-Stiftung&nbsp;y el&nbsp;Instituto Update.<\/p>\n\n\n\n<p class=\"wp-block-paragraph\">SEM\/MG<\/p>\n","protected":false},"excerpt":{"rendered":"<p>Hay muchos liderazgos de mujeres en todos los niveles y no est\u00e1 claro los canales para llegar a un espacio de representaci\u00f3n pol\u00edtica.<\/p>\n","protected":false},"author":3,"featured_media":55701,"comment_status":"open","ping_status":"open","sticky":false,"template":"","format":"standard","meta":{"_monsterinsights_skip_tracking":false,"footnotes":""},"categories":[693,51],"tags":[],"class_list":["post-55700","post","type-post","status-publish","format-standard","has-post-thumbnail","category-693","category-ejecutivo"],"_links":{"self":[{"href":"https:\/\/redsemlac.com\/semmexico\/wp-json\/wp\/v2\/posts\/55700","targetHints":{"allow":["GET"]}}],"collection":[{"href":"https:\/\/redsemlac.com\/semmexico\/wp-json\/wp\/v2\/posts"}],"about":[{"href":"https:\/\/redsemlac.com\/semmexico\/wp-json\/wp\/v2\/types\/post"}],"author":[{"embeddable":true,"href":"https:\/\/redsemlac.com\/semmexico\/wp-json\/wp\/v2\/users\/3"}],"replies":[{"embeddable":true,"href":"https:\/\/redsemlac.com\/semmexico\/wp-json\/wp\/v2\/comments?post=55700"}],"version-history":[{"count":0,"href":"https:\/\/redsemlac.com\/semmexico\/wp-json\/wp\/v2\/posts\/55700\/revisions"}],"wp:featuredmedia":[{"embeddable":true,"href":"https:\/\/redsemlac.com\/semmexico\/wp-json\/wp\/v2\/media\/55701"}],"wp:attachment":[{"href":"https:\/\/redsemlac.com\/semmexico\/wp-json\/wp\/v2\/media?parent=55700"}],"wp:term":[{"taxonomy":"category","embeddable":true,"href":"https:\/\/redsemlac.com\/semmexico\/wp-json\/wp\/v2\/categories?post=55700"},{"taxonomy":"post_tag","embeddable":true,"href":"https:\/\/redsemlac.com\/semmexico\/wp-json\/wp\/v2\/tags?post=55700"}],"curies":[{"name":"wp","href":"https:\/\/api.w.org\/{rel}","templated":true}]}}