{"id":55697,"date":"2022-09-07T08:32:29","date_gmt":"2022-09-07T14:32:29","guid":{"rendered":"https:\/\/redsemlac.com\/semmexico\/?p=55697"},"modified":"2023-07-21T19:13:17","modified_gmt":"2023-07-22T00:13:17","slug":"el-derecho-al-cuidado-desde-una-perspectiva-feminista","status":"publish","type":"post","link":"https:\/\/redsemlac.com\/semmexico\/el-derecho-al-cuidado-desde-una-perspectiva-feminista\/","title":{"rendered":"El derecho al cuidado desde una perspectiva feminista"},"content":{"rendered":"\n<ul class=\"wp-block-list\"><li><strong>El 94 por ciento de las personas que cuidan son mujeres, al igual que el 97 por ciento de las trabajadoras que solicitan reducci\u00f3n de jornada para cuidar.<\/strong><\/li><\/ul>\n\n\n\n<p class=\"wp-block-paragraph\"><strong>Redacci\u00f3n<\/strong><\/p>\n\n\n\n<p class=\"wp-block-paragraph\">SemM\u00e9xico\/AmecoPress, Madrid, Espa\u00f1a, 7 de septiembre del 2022.-&nbsp;Todas las personas, estemos en la etapa que estemos, de una manera u otra, con diferente intensidad, requerimos de cuidados a lo largo de nuestra vida. \u201cSon indispensables y fundamentales para el sostenimiento de la vida misma\u201d, afirm\u00f3 Antonia Morillas, directora del Instituto de las Mujeres, durante una rueda de prensa conjunta con Luis Barriga, director general del Instituto de Mayores y Servicios Sociales (IMSERSO), en el Palacio de la Magdalena de Santander. La duod\u00e9cima semana de los Cursos de Verano de la Universidad Internacional Men\u00e9ndez Pelayo (UIMP) acoge dos cursos sobre cuidados: por un lado el de \u201cCuidados de larga duraci\u00f3n en Espa\u00f1a\u201d, organizado en colaboraci\u00f3n con el IMSERSO, y por otro, \u201cEl derecho al cuidado desde una perspectiva feminista\u201d, con el Instituto de las Mujeres.<\/p>\n\n\n\n<p class=\"wp-block-paragraph\">\u00c1ngela Rodr\u00edguez, Secretaria de Estado de Igualdad y contra la Violencia de G\u00e9nero, e Ignacio \u00c1lvarez, Secretario de Estado de Derechos Sociales, inauguraron el curso \u201cEl derecho al cuidado desde una perspectiva feminista\u201d. En su intervenci\u00f3n, destac\u00f3 la importancia de los cuidados para el sostenimiento de la vida y la necesidad del dise\u00f1o de pol\u00edticas que permitan el desarrollo del trabajo de cuidados en condiciones de igualdad y dignidad. No solo para quienes cuidan sino tambi\u00e9n para quienes necesitan ser cuidados. De hecho, el trabajo de cuidados supone un 15 por ciento del PIB.<\/p>\n\n\n\n<p class=\"wp-block-paragraph\">\u201cLos cuidados son el cuarto pilar del estado de bienestar y que, por tanto, hay que desarrollar y construir una infraestructura estatal que garantice la reorganizaci\u00f3n de los cuidados para lograr eliminar la brecha de g\u00e9nero y la desigualdad en el sector\u201d, recalc\u00f3 Ignacio \u00c1lvarez, Secretario de Estado de Derechos Sociales.<\/p>\n\n\n\n<p class=\"wp-block-paragraph\">El Comisario de Empleo y Derechos Sociales de la UE, Nicolas Schmit, quien intervino de forma virtual en la presentaci\u00f3n del curso organizado por el Instituto de las Mujeres, adelant\u00f3 que este mes se re\u00fane la Comisi\u00f3n para presentar la Estrategia Europea de Cuidados con el objetivo de aunar esfuerzos para mejorar el sector.<\/p>\n\n\n\n<h2 class=\"wp-block-heading\"><strong>Necesidad de una perspectiva feminista<\/strong><\/h2>\n\n\n\n<p class=\"wp-block-paragraph\">Es importante recordar que el 94 por ciento de las personas que cuidan son mujeres, al igual que el 97 por ciento de las trabajadoras que solicitan reducci\u00f3n de jornada para cuidar. Y tambi\u00e9n, como denunci\u00f3 Morillas, que el sector de los cuidados es un sector precarizado, poco reconocido y fuertemente feminizado. La directora precis\u00f3 que las medidas actuales son \u201cmuy escasas\u201d en esta materia.<\/p>\n\n\n\n<p class=\"wp-block-paragraph\">Por ello, se\u00f1al\u00f3 la importancia de \u201cconciliaci\u00f3n responsable\u201d y afirm\u00f3 que, para hablar de este concepto, \u201ctenemos que hablar de la corresponsabilidad de los hombres, de las administraciones p\u00fablicas y de unos usos del tiempo diferentes y una organizaci\u00f3n del mercado laboral distinta\u201d, de manera que sit\u00fae en el centro \u201clas necesidades de las personas\u201d.<\/p>\n\n\n\n<p class=\"wp-block-paragraph\">El curso \u2018El derecho al cuidado desde una perspectiva feminista\u2019 pretende \u00ababrir una reflexi\u00f3n sobre las medidas que se deben promover en nuestro pa\u00eds para garantizar el derecho al cuidado\u00bb. Espec\u00edficamente, la directora del Instituto de las Mujeres abog\u00f3 por \u201creconocer el derecho al cuidado como derecho humano y blindarlo en el marco normativo para garantizar su accesibilidad universal y transformar la econom\u00eda para que el cuidado de la vida sea lo prioritario\u201d. Para ello se necesita impulsar pol\u00edticas p\u00fablicas que garanticen la corresponsabilidad del Estado en los cuidados y tambi\u00e9n en el entorno dom\u00e9stico, a fin de hacer posible una reorganizaci\u00f3n del tiempo. Adem\u00e1s, son imprescindibles pol\u00edticas que garanticen los derechos de las trabajadoras del hogar en condiciones de dignidad. En ese sentido, la directora ha celebrado durante el curso, a aprobaci\u00f3n en el Consejo de Ministros del Real Decreto que reconoce por fin los derechos de las trabajadoras del hogar, respondiendo a una demanda hist\u00f3rica<\/p>\n\n\n\n<p class=\"wp-block-paragraph\">Luis Alberto Barriga apunt\u00f3 que \u201ces fundamental poner en agenda y en el debate social lo que se est\u00e1 haciendo en materia de cuidados\u201d desde las pol\u00edticas p\u00fablicas para saber \u201ccu\u00e1les son las reformas imprescindibles que debemos acometer\u201d. Con respecto al compromiso de las instituciones, el director del IMSERSO, se\u00f1al\u00f3 que \u201chay una cuesti\u00f3n clave que es la responsabilidad p\u00fablica\u201d. Hay que luchar contra \u201ctodo enfoque que ponga por delante lo mercantil a los derechos de las personas\u201d ya que, en su opini\u00f3n, no es el enfoque \u201cid\u00f3neo\u201d.<\/p>\n\n\n\n<p class=\"wp-block-paragraph\">SEM\/MG<\/p>\n","protected":false},"excerpt":{"rendered":"<p>El 94 por ciento de las personas que cuidan son mujeres, al igual que el 97 por ciento de las trabajadoras que solicitan reducci\u00f3n de jornada para cuidar.<\/p>\n","protected":false},"author":3,"featured_media":55698,"comment_status":"open","ping_status":"open","sticky":false,"template":"","format":"standard","meta":{"_monsterinsights_skip_tracking":false,"footnotes":""},"categories":[693,53],"tags":[],"class_list":["post-55697","post","type-post","status-publish","format-standard","has-post-thumbnail","category-693","category-internacional"],"_links":{"self":[{"href":"https:\/\/redsemlac.com\/semmexico\/wp-json\/wp\/v2\/posts\/55697","targetHints":{"allow":["GET"]}}],"collection":[{"href":"https:\/\/redsemlac.com\/semmexico\/wp-json\/wp\/v2\/posts"}],"about":[{"href":"https:\/\/redsemlac.com\/semmexico\/wp-json\/wp\/v2\/types\/post"}],"author":[{"embeddable":true,"href":"https:\/\/redsemlac.com\/semmexico\/wp-json\/wp\/v2\/users\/3"}],"replies":[{"embeddable":true,"href":"https:\/\/redsemlac.com\/semmexico\/wp-json\/wp\/v2\/comments?post=55697"}],"version-history":[{"count":0,"href":"https:\/\/redsemlac.com\/semmexico\/wp-json\/wp\/v2\/posts\/55697\/revisions"}],"wp:featuredmedia":[{"embeddable":true,"href":"https:\/\/redsemlac.com\/semmexico\/wp-json\/wp\/v2\/media\/55698"}],"wp:attachment":[{"href":"https:\/\/redsemlac.com\/semmexico\/wp-json\/wp\/v2\/media?parent=55697"}],"wp:term":[{"taxonomy":"category","embeddable":true,"href":"https:\/\/redsemlac.com\/semmexico\/wp-json\/wp\/v2\/categories?post=55697"},{"taxonomy":"post_tag","embeddable":true,"href":"https:\/\/redsemlac.com\/semmexico\/wp-json\/wp\/v2\/tags?post=55697"}],"curies":[{"name":"wp","href":"https:\/\/api.w.org\/{rel}","templated":true}]}}