{"id":55695,"date":"2022-09-07T08:27:04","date_gmt":"2022-09-07T14:27:04","guid":{"rendered":"https:\/\/redsemlac.com\/semmexico\/?p=55695"},"modified":"2023-07-21T19:13:17","modified_gmt":"2023-07-22T00:13:17","slug":"mirada-violeta-visitamexicofeminicida-de-nuevo-leon-a-guadalajara-de-debanhi-a-luz-raquel","status":"publish","type":"post","link":"https:\/\/redsemlac.com\/semmexico\/mirada-violeta-visitamexicofeminicida-de-nuevo-leon-a-guadalajara-de-debanhi-a-luz-raquel\/","title":{"rendered":"Mirada Violeta| #VisitaM\u00e9xicoFeminicida, de Nuevo Le\u00f3n a Guadalajara, de Debanhi a Luz Raquel"},"content":{"rendered":"\n<p class=\"wp-block-paragraph\"><strong>Mar\u00eda Guadalupe Ramos Ponce<\/strong><\/p>\n\n\n\n<p class=\"wp-block-paragraph\">SemM\u00e9xico, Guadalajara, Jalisco, 7 de septiembre del 2022.- Visita M\u00e9xico Feminicida es una intervenci\u00f3n en el espacio p\u00fablico, que llevan a cabo los grupos feministas del pa\u00eds para visibilizar la situaci\u00f3n de violencia que viven las mujeres en M\u00e9xico.<\/p>\n\n\n\n<p class=\"wp-block-paragraph\">El colectivo Fuimos Todxs instal\u00f3 este 3 de septiembre, las letras \u201cM\u00e9xico Feminicida\u201d en Monterrey y Jalisco.<\/p>\n\n\n\n<p class=\"wp-block-paragraph\">Las letras de colores se asemejan a la campa\u00f1a de turismo \u201cVisita M\u00e9xico\u201d y se parecen a las que se utilizan com\u00fanmente para promover el turismo en el pa\u00eds.<\/p>\n\n\n\n<p class=\"wp-block-paragraph\">En Nuevo Le\u00f3n las letras de \u201cM\u00e9xico Feminicida\u201d se instalaron afuera del Palacio de Gobierno, en la explanada de los H\u00e9roes. Seg\u00fan se\u00f1ala Frin\u00e9 Salguero, integrante del Colectivo que intervino la explanada en Nuevo Le\u00f3n:<\/p>\n\n\n\n<p class=\"wp-block-paragraph\">\u201cAntes de ser asesinada, Debanhi Escobar comparti\u00f3 su deseo por visitar distintos lugares para subir a redes sociales fotograf\u00edas en los letreros caracter\u00edsticos que invitan al turismo en distintas partes del pa\u00eds, pero este sue\u00f1o fue interrumpido\u201d.<\/p>\n\n\n\n<p class=\"wp-block-paragraph\">A Debanhi Escobar la asesinaron y abandonaron su cuerpo al interior de una cisterna. Las autoridades la encontraron el 22 de abril e intentaron culpar a Debanhi de su muerte. Sin embargo, la familia y colectivos feministas apoyaron el caso para que las autoridades lo investiguen como feminicidio y detengan a los responsables.<\/p>\n\n\n\n<p class=\"wp-block-paragraph\">De forma simult\u00e1nea, las letras tambi\u00e9n se colocaron en Guadalajara, afuera de Palacio de Gobierno. En Jalisco se destaca el caso de Luz Raquel Padilla, asesinada en julio de 2022. A Luz Raquel la rociaron con alcohol y quemaron viva en un parque del municipio de Zapopan.<\/p>\n\n\n\n<p class=\"wp-block-paragraph\">Luz Raquel era activista y defensora de las personas con discapacidad, era mam\u00e1 de un peque\u00f1o con autismo severo y denunci\u00f3 que era acosada por su vecino, Sergio Ismael, quien la amenaz\u00f3 precisamente con quemarla viva. Su caso ha causado profunda indignaci\u00f3n social por el manejo revictimizante de la propia Fiscal\u00eda del Estado de Jalisco, que en rueda de prensa se\u00f1al\u00f3 que Luz Raquel se inmol\u00f3 por propia voluntad y se autoamenaz\u00f3. Ahora el Congreso del Estado, especialmente la Junta de Coordinaci\u00f3n Pol\u00edtica se vuelve c\u00f3mplice de los atropellos de la Fiscal\u00eda, al citar al Fiscal y a algunos funcionarios, a puerta cerrada y solo con ese grupo y no en el pleno legislativo, es decir, una comparecencia a modo, en lo oscurito y sin transparencia.<\/p>\n\n\n\n<p class=\"wp-block-paragraph\">El gobierno de Jalisco fue m\u00e1s r\u00e1pido en quitar las letras de \u201cM\u00e9xico Feminicida\u201d que en atender las denuncias por violencia contra las mujeres. En Guadalajara pas\u00f3 en cuesti\u00f3n de horas despu\u00e9s de que el colectivo coloc\u00f3 el letrero de Visit M\u00e9xico Feminicida en el centro hist\u00f3rico de Guadalajara. Vemos en un video que circula las redes sociales la manera en que la Polic\u00eda del Estado acerca una camioneta al lugar y suben a la unidad las letras para llev\u00e1rselas.<\/p>\n\n\n\n<p class=\"wp-block-paragraph\">El simbolismo de las letras que fueron colocadas tanto en Guadalajara como en Monterrey, obligan al Estado a no olvidar que la promoci\u00f3n tur\u00edstica al mundo, oculta una de las realidades m\u00e1s dolorosas que se vive en estas ciudades, como lo es la violencia feminicida.<\/p>\n\n\n\n<p class=\"wp-block-paragraph\">La intervenci\u00f3n del espacio p\u00fablico, es un reclamo del movimiento feminista que hace una reformulaci\u00f3n de la imagen urbana para recordarnos las violencias feminicidas que se viven en M\u00e9xico. Esa funci\u00f3n ha tenido la colocaci\u00f3n de las \u201cAntimonumentas\u201d en varias ciudades del pa\u00eds, incluyendo Ciudad de M\u00e9xico y Guadalajara. Lo mismo sucedi\u00f3 con la intervenci\u00f3n a la ex glorieta a Col\u00f3n en la Ciudad de M\u00e9xico, para renombrarla como la \u201cGlorieta de las Mujeres que Luchan\u201d, en donde lograron poner en el pedestal la imagen de una ni\u00f1a con el pu\u00f1o en alto. La escultura sigue ah\u00ed, junto con un listado amplio de nombres de mujeres defensoras y luchadoras sociales.<\/p>\n\n\n\n<p class=\"wp-block-paragraph\">El gobierno de Jalisco justific\u00f3 el retiro de las letras \u201cM\u00e9xico Feminicida\u201d al se\u00f1alar que \u201cEl centro es de todos y hay que mantenerlo limpio\u201d. No, la intervenci\u00f3n que hicieron las colectivas feministas, no es basura; es arte que conmueve y transforma. La intervenci\u00f3n art\u00edstica no genera violencia, sino que encuentra la forma m\u00e1s simb\u00f3lica y significativa para retratarla.<\/p>\n\n\n\n<p class=\"wp-block-paragraph\">En Monterrey asesinaron a Debhani, en Jalisco a Luz Raquel y la polic\u00eda (esa que presurosa retir\u00f3 los letreros), a\u00fan no encuentra a los responsables de esos dos feminicidios.<\/p>\n\n\n\n<p class=\"wp-block-paragraph\">Quitar las letras de \u201cM\u00e9xico Feminicida\u201d no elimina la realidad de las 11 mujeres asesinadas cada d\u00eda en M\u00e9xico, ni borra la tragedia que significa que en Jalisco, en lo que va del a\u00f1o, son 125 mujeres asesinadas, 10 de ellas en los \u00faltimos 8 d\u00edas.<\/p>\n\n\n\n<p class=\"wp-block-paragraph\">Vicecoordinadora de CLADEM en M\u00e9xico<\/p>\n\n\n\n<p class=\"wp-block-paragraph\">Profesora Investigadora de la UdeG.<\/p>\n\n\n\n<p class=\"wp-block-paragraph\"><a href=\"http:\/\/medium.com\/dra-lupitaramos\" target=\"_blank\" rel=\"noreferrer noopener\">medium.com\/dra-lupitaramos<\/a><\/p>\n\n\n\n<p class=\"wp-block-paragraph\">@dralupitaramosp<\/p>\n\n\n\n<p class=\"wp-block-paragraph\"><a href=\"mailto:lupitaramosponce@gmail.com\" target=\"_blank\" rel=\"noreferrer noopener\">lupitaramosponce@gmail.com<\/a><\/p>\n\n\n\n<p class=\"wp-block-paragraph\">Canal de Youtoube Dra. Lupita Ramos.<\/p>\n\n\n\n<p class=\"wp-block-paragraph\"><a href=\"https:\/\/www.youtube.com\/channel\/UCQ_bKrt9f4rkb7VST7-sYrg\">https:\/\/www.youtube.com\/channel\/UCQ_bKrt9f4rkb7VST7-sYrg<\/a><\/p>\n\n\n\n<p class=\"wp-block-paragraph\"><a href=\"http:\/\/www.cladem.org\/\" target=\"_blank\" rel=\"noreferrer noopener\">www.cladem.org<\/a><\/p>\n\n\n\n<p class=\"wp-block-paragraph\"><a href=\"mailto:clademjalsc@gmail.com.mx\" target=\"_blank\" rel=\"noreferrer noopener\">clademjalsc@gmail.com<\/a><\/p>\n","protected":false},"excerpt":{"rendered":"<p> Visita M\u00e9xico Feminicida es una intervenci\u00f3n en el espacio p\u00fablico, que llevan a cabo los grupos feministas del pa\u00eds para visibilizar la situaci\u00f3n de violencia que viven las mujeres en M\u00e9xico.<\/p>\n","protected":false},"author":3,"featured_media":8967,"comment_status":"open","ping_status":"open","sticky":false,"template":"","format":"standard","meta":{"_monsterinsights_skip_tracking":false,"footnotes":""},"categories":[693,91,35],"tags":[459],"class_list":["post-55695","post","type-post","status-publish","format-standard","has-post-thumbnail","category-693","category-lupita-ramos-ponce","category-opinion","tag-opinion"],"_links":{"self":[{"href":"https:\/\/redsemlac.com\/semmexico\/wp-json\/wp\/v2\/posts\/55695","targetHints":{"allow":["GET"]}}],"collection":[{"href":"https:\/\/redsemlac.com\/semmexico\/wp-json\/wp\/v2\/posts"}],"about":[{"href":"https:\/\/redsemlac.com\/semmexico\/wp-json\/wp\/v2\/types\/post"}],"author":[{"embeddable":true,"href":"https:\/\/redsemlac.com\/semmexico\/wp-json\/wp\/v2\/users\/3"}],"replies":[{"embeddable":true,"href":"https:\/\/redsemlac.com\/semmexico\/wp-json\/wp\/v2\/comments?post=55695"}],"version-history":[{"count":0,"href":"https:\/\/redsemlac.com\/semmexico\/wp-json\/wp\/v2\/posts\/55695\/revisions"}],"wp:featuredmedia":[{"embeddable":true,"href":"https:\/\/redsemlac.com\/semmexico\/wp-json\/wp\/v2\/media\/8967"}],"wp:attachment":[{"href":"https:\/\/redsemlac.com\/semmexico\/wp-json\/wp\/v2\/media?parent=55695"}],"wp:term":[{"taxonomy":"category","embeddable":true,"href":"https:\/\/redsemlac.com\/semmexico\/wp-json\/wp\/v2\/categories?post=55695"},{"taxonomy":"post_tag","embeddable":true,"href":"https:\/\/redsemlac.com\/semmexico\/wp-json\/wp\/v2\/tags?post=55695"}],"curies":[{"name":"wp","href":"https:\/\/api.w.org\/{rel}","templated":true}]}}