{"id":55691,"date":"2022-09-06T15:39:40","date_gmt":"2022-09-06T21:39:40","guid":{"rendered":"https:\/\/redsemlac.com\/semmexico\/?p=55691"},"modified":"2023-07-21T19:13:17","modified_gmt":"2023-07-22T00:13:17","slug":"amlo-ha-sido-omiso-e-indiferente-ante-la-violencia-contra-mujeres-y-ninas-senadora-lopez-rabadan","status":"publish","type":"post","link":"https:\/\/redsemlac.com\/semmexico\/amlo-ha-sido-omiso-e-indiferente-ante-la-violencia-contra-mujeres-y-ninas-senadora-lopez-rabadan\/","title":{"rendered":"AMLO ha sido omiso e indiferente ante la violencia contra mujeres y ni\u00f1as: senadora L\u00f3pez Rabad\u00e1n"},"content":{"rendered":"\n<ul class=\"wp-block-list\"><li><strong>Primer Congreso Internacional de Colectivo 50+1.<\/strong><\/li><li><strong>Siete de cada diez mujeres han sufrido alg\u00fan tipo de violencia y no se tiene una agenda espec\u00edfica, ni acciones que se encaminen a su protecci\u00f3n integral.<\/strong><strong><\/strong><\/li><\/ul>\n\n\n\n<p class=\"wp-block-paragraph\"><strong>Elda Montiel<\/strong><\/p>\n\n\n\n<p class=\"wp-block-paragraph\">SemM\u00e9xico, Ciudad de M\u00e9xico, 6 de septiembre del 2022.- En el Primer Congreso Internacional del Colectivo 50+1, la senadora panista e integrante del colectivo, Kenia L\u00f3pez Rabad\u00e1n, asegur\u00f3 que el presidente Andr\u00e9s Manuel L\u00f3pez Obrador le ha dado la espalda a las mujeres y no ha sido un aliado en la lucha para conseguir la igualdad de oportunidades y seguridad.&nbsp;<\/p>\n\n\n\n<p class=\"wp-block-paragraph\">La senadora hizo \u00e9nfasis en que la violencia en contra de mujeres y ni\u00f1as va en aumento, m\u00e1s de 10 mujeres son asesinadas a diario y una de cada tres mujeres que desaparecen en este pa\u00eds son mujeres. Adem\u00e1s, de que 7 de cada 10 mujeres han sufrido alg\u00fan tipo de violencia. Por lo que considera que \u201cla presente administraci\u00f3n ha sido omisa e indiferente ante la violencia que sufren a diario mujeres y ni\u00f1as\u201d. Acusa que no se tiene una agenda espec\u00edfica, ni acciones que se encaminen a su protecci\u00f3n integral.<\/p>\n\n\n\n<p class=\"wp-block-paragraph\">En lo que va de esta administraci\u00f3n han sido asesinadas 15 mil 700 mujeres y desaparecido m\u00e1s de 9 mil 300 mujeres, por lo que es urgente que se tomen acciones que erradiquen esta situaci\u00f3n y se garantice que los delitos que se comentan en contra de las mujeres, ni\u00f1as y adolescentes sean castigados.<\/p>\n\n\n\n<figure class=\"wp-block-image size-large\"><a href=\"https:\/\/redsemlac.com\/semmexico\/wp-content\/uploads\/2022\/09\/kenia-2.jpg\"><img decoding=\"async\" src=\"https:\/\/redsemlac.com\/semmexico\/wp-content\/uploads\/2022\/09\/kenia-2-1024x605.jpg\" alt=\"\" class=\"wp-image-55693\"\/><\/a><\/figure>\n\n\n\n<p class=\"wp-block-paragraph\">La senadora expres\u00f3 que en este nuevo per\u00edodo ordinario de sesiones en el Congreso, se debe priorizar la agenda de g\u00e9nero, pues est\u00e1 pendiente que se defina en el C\u00f3digo Penal Nacional sanciones para los delitos cometidos en contra de las mujeres como la tipificaci\u00f3n de los ataques de \u00e1cido.<\/p>\n\n\n\n<p class=\"wp-block-paragraph\">Especific\u00f3 que a pesar de que a nivel federal el delito de feminicidio se encuentra tipificado al igual que en todas las entidades federativas, es lamentable que no se garantice el acceso sin distingos a la justicia. \u201cEl feminicidio no debe estar al arbitrio de ning\u00fan gobernador, de ninguna ideolog\u00eda pol\u00edtica, de ning\u00fan color\u201d.<\/p>\n\n\n\n<p class=\"wp-block-paragraph\">Lo que es imprescindible, afirm\u00f3, es que se establezcan para todos los casos, protocolos de atenci\u00f3n, investigaci\u00f3n y se homologuen los precedentes judiciales. Es deber del Estado mexicano evitar que queden sin castigo todos los casos y otorgar garant\u00eda de no repetici\u00f3n para las v\u00edctimas y sus familias. As\u00ed como que la igualdad salarial y la perspectiva de g\u00e9nero sea el eje rector en todas las pol\u00edticas p\u00fablicas que se implementen.<\/p>\n\n\n\n<p class=\"wp-block-paragraph\">Kenia L\u00f3pez Rabad\u00e1n extern\u00f3 su preocupaci\u00f3n por la situaci\u00f3n de violencia que viven las mujeres en la Ciudad de M\u00e9xico.<\/p>\n\n\n\n<p class=\"wp-block-paragraph\">El Primer Congreso del Colectivo 50+1 se llev\u00f3 a cabo en Puerto Vallarta, Jalisco, reuni\u00f3 a mujeres l\u00edderes en distintos sectores que enfocan sus esfuerzos para lograr pol\u00edticas p\u00fablicas que protejan a mujeres, ni\u00f1as, ni\u00f1os y adolescentes en todo el territorio nacional.<\/p>\n\n\n\n<p class=\"wp-block-paragraph\">Entre los temas que se abordaron fueron: Objetivo 5 de la agenda 2030 de la ONU; Retos para la igualdad de oportunidades; Mujeres en el ejercicio del Poder;&nbsp;C\u00f3mo&nbsp;potenciar tu liderazgo; Leyes de crecimiento. Rompiendo techos de cristal, las mujeres en la toma de decisiones.<\/p>\n\n\n\n<p class=\"wp-block-paragraph\">SEM\/MG<\/p>\n","protected":false},"excerpt":{"rendered":"<p>Siete de cada diez mujeres han sufrido alg\u00fan tipo de violencia y no se tiene una agenda espec\u00edfica, ni acciones que se encaminen a su protecci\u00f3n integral.<\/p>\n","protected":false},"author":3,"featured_media":55692,"comment_status":"open","ping_status":"open","sticky":false,"template":"","format":"standard","meta":{"_monsterinsights_skip_tracking":false,"footnotes":""},"categories":[693,50],"tags":[],"class_list":["post-55691","post","type-post","status-publish","format-standard","has-post-thumbnail","category-693","category-congreso"],"_links":{"self":[{"href":"https:\/\/redsemlac.com\/semmexico\/wp-json\/wp\/v2\/posts\/55691","targetHints":{"allow":["GET"]}}],"collection":[{"href":"https:\/\/redsemlac.com\/semmexico\/wp-json\/wp\/v2\/posts"}],"about":[{"href":"https:\/\/redsemlac.com\/semmexico\/wp-json\/wp\/v2\/types\/post"}],"author":[{"embeddable":true,"href":"https:\/\/redsemlac.com\/semmexico\/wp-json\/wp\/v2\/users\/3"}],"replies":[{"embeddable":true,"href":"https:\/\/redsemlac.com\/semmexico\/wp-json\/wp\/v2\/comments?post=55691"}],"version-history":[{"count":0,"href":"https:\/\/redsemlac.com\/semmexico\/wp-json\/wp\/v2\/posts\/55691\/revisions"}],"wp:featuredmedia":[{"embeddable":true,"href":"https:\/\/redsemlac.com\/semmexico\/wp-json\/wp\/v2\/media\/55692"}],"wp:attachment":[{"href":"https:\/\/redsemlac.com\/semmexico\/wp-json\/wp\/v2\/media?parent=55691"}],"wp:term":[{"taxonomy":"category","embeddable":true,"href":"https:\/\/redsemlac.com\/semmexico\/wp-json\/wp\/v2\/categories?post=55691"},{"taxonomy":"post_tag","embeddable":true,"href":"https:\/\/redsemlac.com\/semmexico\/wp-json\/wp\/v2\/tags?post=55691"}],"curies":[{"name":"wp","href":"https:\/\/api.w.org\/{rel}","templated":true}]}}