{"id":55685,"date":"2022-09-06T15:04:30","date_gmt":"2022-09-06T21:04:30","guid":{"rendered":"https:\/\/redsemlac.com\/semmexico\/?p=55685"},"modified":"2023-07-21T19:13:17","modified_gmt":"2023-07-22T00:13:17","slug":"oaxaca-primer-estado-ocupado-en-erradicar-la-obesidad-y-diabetes","status":"publish","type":"post","link":"https:\/\/redsemlac.com\/semmexico\/oaxaca-primer-estado-ocupado-en-erradicar-la-obesidad-y-diabetes\/","title":{"rendered":"Oaxaca, primer estado ocupado en erradicar la obesidad y diabetes"},"content":{"rendered":"\n<ul class=\"wp-block-list\"><li><strong>Oaxaca es el primer estado de la Rep\u00fablica en prohibir la venta directa de bebidas azucaradas y alimentos envasados con alto contenido cal\u00f3rico a menores de edad.<\/strong><\/li><li><strong>Fresvinda Eduviges Hern\u00e1ndez Cadena, mujer mixteca nacida en Santiago Chazumba, es la cocinera que aport\u00f3 el contenido del recetario que contempla diversas recetas&nbsp; de comida, aguas y postres.<\/strong><\/li><\/ul>\n\n\n\n<p class=\"wp-block-paragraph\"><strong>Redacci\u00f3n<\/strong><\/p>\n\n\n\n<p class=\"wp-block-paragraph\">SemM\u00e9xico, Oaxaca de Ju\u00e1rez, 6 de septiembre del 2022.- En el marco de la campa\u00f1a \u201cPor el derecho a una alimentaci\u00f3n sana y nutritiva\u201d se present\u00f3 hoy \u201cEl recetario de la T\u00eda Edu\u201d &nbsp;en la Galer\u00eda de la Facultad de Bellas Artes de la Universidad Aut\u00f3noma \u201cBenito Ju\u00e1rez\u201d de Oaxaca (UABJO).<\/p>\n\n\n\n<p class=\"wp-block-paragraph\">Oaxaca es el primer estado de la Rep\u00fablica en prohibir la venta directa de bebidas azucaradas y alimentos envasados con alto contenido cal\u00f3rico a menores de edad, reforma legal en vigor desde el 4 de septiembre del 2020. En este contexto, en octubre, diversas organizaciones de la sociedad civil iniciaron la campa\u00f1a #OaxacaSinChatarra y desde entonces se han difundido diversos materiales con el objetivo de contribuir a generar conciencia y cambiar la l\u00f3gica de la alimentaci\u00f3n basada en productos chatarra para abonar a un alimentaci\u00f3n sana y nutritiva.<\/p>\n\n\n\n<p class=\"wp-block-paragraph\">\u201cEl recetario de la T\u00eda Edu\u201d contempla una serie de recetas de comida, aguas frescas y postres econ\u00f3micos, as\u00ed como productos de consumo local, muy accesibles en Oaxaca&nbsp; como son el ma\u00edz,&nbsp; la calabaza, la tuna, los granos, el frijol y los chiles. Adem\u00e1s de la gu\u00eda con la gran variedad de especias que permiten la preparaci\u00f3n de una extensa gama de platillos de alto valor nutritivo y sabor exquisito.<\/p>\n\n\n\n<p class=\"wp-block-paragraph\">As\u00ed como la informaci\u00f3n de la gastronom\u00eda local, que incluye alimentos como el chocolate, quesillo, chapulines, tlayudas, tamales y muchas variedades de mole.<\/p>\n\n\n\n<p class=\"wp-block-paragraph\">La \u201cT\u00eda Edu\u201d, Fresvinda Eduviges Hern\u00e1ndez Cadena, es una cocinera mixteca nacida en Olleras de Bustamante, agencia municipal de Santiago Chazumba; ella, como muchas mujeres oaxaque\u00f1as a\u00fan conserva la sabidur\u00eda ancestral de la cocina tradicional, la cual es transmitida de generaci\u00f3n en generaci\u00f3n.<\/p>\n\n\n\n<p class=\"wp-block-paragraph\">Ella comparti\u00f3 sus recetas como aporte fundamental a la apuesta de largo plazo para dejar de consumir bebidas azucaradas y alimentos envasados con alto contenido cal\u00f3rico, que solo da\u00f1an la salud y afectan al medio ambiente.<\/p>\n\n\n\n<figure class=\"wp-block-gallery has-nested-images columns-2 is-cropped wp-block-gallery-1 is-layout-flex wp-block-gallery-is-layout-flex\">\n<figure class=\"wp-block-image size-large\"><a href=\"https:\/\/redsemlac.com\/semmexico\/wp-content\/uploads\/2022\/09\/oaxaca-2.jpg\"><img decoding=\"async\" data-id=\"55687\" src=\"https:\/\/redsemlac.com\/semmexico\/wp-content\/uploads\/2022\/09\/oaxaca-2-1024x766.jpg\" alt=\"\" class=\"wp-image-55687\"\/><\/a><\/figure>\n\n\n\n<figure class=\"wp-block-image size-large\"><a href=\"https:\/\/redsemlac.com\/semmexico\/wp-content\/uploads\/2022\/09\/oaxaca-1.jpg\"><img decoding=\"async\" data-id=\"55688\" src=\"https:\/\/redsemlac.com\/semmexico\/wp-content\/uploads\/2022\/09\/oaxaca-1-1024x766.jpg\" alt=\"\" class=\"wp-image-55688\"\/><\/a><\/figure>\n\n\n\n<figure class=\"wp-block-image size-large\"><a href=\"https:\/\/redsemlac.com\/semmexico\/wp-content\/uploads\/2022\/09\/305616274_2049264442130527_6310008959330547355_n.jpg\"><img decoding=\"async\" data-id=\"55686\" src=\"https:\/\/redsemlac.com\/semmexico\/wp-content\/uploads\/2022\/09\/305616274_2049264442130527_6310008959330547355_n-1024x682.jpg\" alt=\"\" class=\"wp-image-55686\"\/><\/a><\/figure>\n<\/figure>\n\n\n\n<p class=\"wp-block-paragraph\">Durante la presentaci\u00f3n, la co-directora de Consorcio para el Di\u00e1logo Parlamentario y la Equidad, A.C., Y\u00e9sica S\u00e1nchez Maya, record\u00f3 que recientemente se cumplieron dos a\u00f1os de la entrada en vigor de la reforma que proh\u00edbe la distribuci\u00f3n, venta o regalo de comida chatarra a la ni\u00f1ez y adolescencia, sin embargo, en Oaxaca existe una deuda pendiente para su aplicaci\u00f3n, acot\u00f3.<\/p>\n\n\n\n<p class=\"wp-block-paragraph\">Esto, dijo, \u201ccoloca sobre la mesa la reflexi\u00f3n sobre c\u00f3mo y con qu\u00e9 nos alimentamos y cu\u00e1l es el impacto de este tipo de productos en la salud y en el medio ambiente\u201d; reflexi\u00f3n que se volvi\u00f3 fundamental, sobre todo, en el contexto de la pandemia por el Covid-19.<\/p>\n\n\n\n<p class=\"wp-block-paragraph\">\u201cFrente a estos desaf\u00edos, diversas organizaciones discutimos qu\u00e9 hacer, al inicio era una campa\u00f1a, pero ahora consideramos que es una apuesta por un cambio de conciencia; discutimos c\u00f3mo seguir y como parte de esos avances, se presenta este recetario que tiene como origen los videos que ha grabado la T\u00eda Edu cada s\u00e1bado, y nuestra intenci\u00f3n fue decir: no es dif\u00edcil, se prepara muy r\u00e1pido, no es caro y fortalece la econom\u00eda local\u201d, indic\u00f3, S\u00e1nchez Maya.<\/p>\n\n\n\n<p class=\"wp-block-paragraph\">En tanto,&nbsp; Paulina Maga\u00f1a Carbajal, Coordinadora de la Campa\u00f1a Salud Alimentaria, el Poder del Consumidor consider\u00f3 que el Recetario de la T\u00eda Edu busca rescatar la cultura alimentaria en Oaxaca frente a la invasi\u00f3n de los productos chatarra.<\/p>\n\n\n\n<p class=\"wp-block-paragraph\">\u201cEstamos atravesando por una transformaci\u00f3n alimentaria que podemos considerar como una crisis porque ha tenido impacto en temas de salud. Las cifras dicen que alrededor del 32 por ciento de las ni\u00f1as y ni\u00f1os en&nbsp; Oaxaca viven con sobrepeso y\/o obesidad y el 10.5% de las personas viven con diabetes\u201d, se\u00f1al\u00f3.<\/p>\n\n\n\n<p class=\"wp-block-paragraph\">Y destac\u00f3 que la mortalidad por diabetes en Oaxaca se ha duplicado en 10 a\u00f1os, lo cual ha sido principalmente en poblaciones ind\u00edgenas, \u201csabemos que esta alimentaci\u00f3n tradicional y alimentos regionales est\u00e1n cada vez menos presentes en nuestra mesa\u201d.<\/p>\n\n\n\n<p class=\"wp-block-paragraph\">Al respecto, la T\u00eda Edu coment\u00f3 c\u00f3mo fue la experiencia que tuvo en la elaboraci\u00f3n de este recetario y c\u00f3mo se integr\u00f3 al Centro De Apoyo Para La Educaci\u00f3n Y Creatividad Calpulli A.C.<\/p>\n\n\n\n<p class=\"wp-block-paragraph\">Respecto a la comida que elabora, dijo: \u201cHay varios platillos muy ricos que les gusta mucho a las ni\u00f1as y ni\u00f1os. Yo me esmero para hacerlos; porque quien comparte la comida, no pasa solo la vida. Por ejemplo, est\u00e1n los huazontles que son ricos, las acelgas, los quintoniles que le llamamos quelites. Y m\u00e1s que nada el amaranto, que nunca hace falta aqu\u00ed en la cocina para enriquecer las comidas que se preparan\u201d.<\/p>\n\n\n\n<p class=\"wp-block-paragraph\">Por su parte, Eduardo Torres del Centro de Apoyo al Movimiento Popular (Campo A.C.), consider\u00f3 que es necesario colocar el foco de atenci\u00f3n en revalorar, sin romanticismo alguno, la cocina y la agricultura local oaxaque\u00f1a.<\/p>\n\n\n\n<p class=\"wp-block-paragraph\">\u201cEs imperativo voltear la mirada, a lo que han sido y son los aportes nutricionales de la milpa, entendida esta como el sistema agr\u00edcola productivo de origen mesoamericano, basado en el policultivo de ma\u00edz, frijol, calabaza, chile, quelites, hierbas medicinales ya arom\u00e1ticas\u201d, subray\u00f3.<\/p>\n\n\n\n<p class=\"wp-block-paragraph\">El recetario ser\u00e1 distribuido de manera gratuita con la finalidad de concientizar sobre los cambios de h\u00e1bitos alimenticios, para que ello redunde en una buena alimentaci\u00f3n, salud y bienestar no solo de las ni\u00f1as, ni\u00f1os y adolescentes, sino tambi\u00e9n de la poblaci\u00f3n en general.<\/p>\n\n\n\n<p class=\"wp-block-paragraph\">Por el derecho a una alimentaci\u00f3n sana y nutritiva #OaxacaSinChatarra<\/p>\n\n\n\n<p class=\"wp-block-paragraph\">SEM\/MG<\/p>\n","protected":false},"excerpt":{"rendered":"<p>Oaxaca es el primer estado de la Rep\u00fablica en prohibir la venta directa de bebidas azucaradas y alimentos envasados con alto contenido cal\u00f3rico a menores de edad.<\/p>\n","protected":false},"author":3,"featured_media":55689,"comment_status":"open","ping_status":"open","sticky":false,"template":"","format":"standard","meta":{"_monsterinsights_skip_tracking":false,"footnotes":""},"categories":[693,54],"tags":[662,149,146],"class_list":["post-55685","post","type-post","status-publish","format-standard","has-post-thumbnail","category-693","category-mujeres","tag-oaxacasinchatarra","tag-mujeres","tag-oaxaca"],"_links":{"self":[{"href":"https:\/\/redsemlac.com\/semmexico\/wp-json\/wp\/v2\/posts\/55685","targetHints":{"allow":["GET"]}}],"collection":[{"href":"https:\/\/redsemlac.com\/semmexico\/wp-json\/wp\/v2\/posts"}],"about":[{"href":"https:\/\/redsemlac.com\/semmexico\/wp-json\/wp\/v2\/types\/post"}],"author":[{"embeddable":true,"href":"https:\/\/redsemlac.com\/semmexico\/wp-json\/wp\/v2\/users\/3"}],"replies":[{"embeddable":true,"href":"https:\/\/redsemlac.com\/semmexico\/wp-json\/wp\/v2\/comments?post=55685"}],"version-history":[{"count":0,"href":"https:\/\/redsemlac.com\/semmexico\/wp-json\/wp\/v2\/posts\/55685\/revisions"}],"wp:featuredmedia":[{"embeddable":true,"href":"https:\/\/redsemlac.com\/semmexico\/wp-json\/wp\/v2\/media\/55689"}],"wp:attachment":[{"href":"https:\/\/redsemlac.com\/semmexico\/wp-json\/wp\/v2\/media?parent=55685"}],"wp:term":[{"taxonomy":"category","embeddable":true,"href":"https:\/\/redsemlac.com\/semmexico\/wp-json\/wp\/v2\/categories?post=55685"},{"taxonomy":"post_tag","embeddable":true,"href":"https:\/\/redsemlac.com\/semmexico\/wp-json\/wp\/v2\/tags?post=55685"}],"curies":[{"name":"wp","href":"https:\/\/api.w.org\/{rel}","templated":true}]}}