{"id":55682,"date":"2022-09-06T14:44:17","date_gmt":"2022-09-06T20:44:17","guid":{"rendered":"https:\/\/redsemlac.com\/semmexico\/?p=55682"},"modified":"2023-07-21T19:13:17","modified_gmt":"2023-07-22T00:13:17","slug":"la-paridad-dista-de-ser-sustantiva-porque-las-mujeres-no-ocupan-lugares-de-poder-exponen-en-libro","status":"publish","type":"post","link":"https:\/\/redsemlac.com\/semmexico\/la-paridad-dista-de-ser-sustantiva-porque-las-mujeres-no-ocupan-lugares-de-poder-exponen-en-libro\/","title":{"rendered":"La paridad dista de ser sustantiva porque las mujeres no ocupan lugares de poder, exponen en libro"},"content":{"rendered":"\n<ul class=\"wp-block-list\"><li><strong>Los partidos pol\u00edticos no prev\u00e9n la violencia pol\u00edtica contra las mujeres: Dania Ravel Cuevas&nbsp;<\/strong><\/li><\/ul>\n\n\n\n<p class=\"wp-block-paragraph\"><strong>Elda Montiel &nbsp;<\/strong><\/p>\n\n\n\n<p class=\"wp-block-paragraph\">SemM\u00e9xico, Ciudad de M\u00e9xico, 6 de septiembre 2022.- La paridad sustantiva est\u00e1 lejos de ser una realidad, pues las mujeres no est\u00e1n en posiciones de poder y los protocolos para prevenir la violencia pol\u00edtica contra las mujeres en raz\u00f3n de g\u00e9nero est\u00e1n lejos de ser implementados por las c\u00fapulas de los partidos pol\u00edticos. Dicho esto durante la presentaci\u00f3n del libro \u201cLa paridad, una realidad a\u00fan por construir en los congresos locales de M\u00e9xico\u201d, organizado por la Universidad Nacional Aut\u00f3noma de M\u00e9xico.<\/p>\n\n\n\n<p class=\"wp-block-paragraph\">En el marco de la IV Feria Internacional del libro de las Universitarias y los Universitarios, el consejero electoral Mart\u00edn Faz expres\u00f3 que \u201clos derechos pol\u00edticos de las mujeres no son concesiones, sino resultado de las luchas de los movimientos feministas\u201d al referirse al \u201clent\u00edsimo y accidentado camino del reconocimiento y ejercicio efectivo de los derechos pol\u00edticos de las mujeres, lo que constituye una clara prueba de la violencia pol\u00edtica ejercida en su contra\u201d.<\/p>\n\n\n\n<p class=\"wp-block-paragraph\">El consejero electoral hizo una recapitulaci\u00f3n de la lucha por los derechos pol\u00edticos de las mujeres, que incluye la llamada reforma de \u201cParidad en todo\u201d de 2019, as\u00ed como los lineamientos del INE para garantizar la paridad en las gubernaturas y subray\u00f3 que este recorrido da cuenta del estado que guarda.<\/p>\n\n\n\n<p class=\"wp-block-paragraph\">La coordinadora de dicha presentaci\u00f3n, Aid\u00e9 Hern\u00e1ndez Garc\u00eda, quien es especialista en Ciencia Pol\u00edtica, encabez\u00f3 la investigaci\u00f3n de la Red de Investigaci\u00f3n sobre Mujeres en la Pol\u00edtica, destac\u00f3 que el principal hallazgo es que no se ha logrado la paridad sustantiva, a pesar del n\u00famero de mujeres en los congresos locales al no ocupar lugares de poder, porque sigue la cultura patriarcal.<\/p>\n\n\n\n<h3 class=\"wp-block-heading\"><strong>Falta de voluntad en partidos pol\u00edticos: Dania Ravel Cuevas<\/strong><\/h3>\n\n\n\n<p class=\"wp-block-paragraph\">La falta de voluntad al interior de los partidos pol\u00edticos es parte del problema para impulsar las acciones, prevenir y combatir la violencia pol\u00edtica contra las mujeres por raz\u00f3n de g\u00e9nero, expres\u00f3 la consejera Dania Ravel Cuevas.<\/p>\n\n\n\n<p class=\"wp-block-paragraph\">Consider\u00f3 que es momento de que los partidos pol\u00edticos pasen de un compromiso meramente discursivo a uno real, asever\u00f3, pues a pesar de que han firmado convenios durante los procesos electorales 2017-2018 para implementar protocolos de prevenci\u00f3n, atenci\u00f3n, sanci\u00f3n y reparaci\u00f3n en materia de violencia pol\u00edtica por raz\u00f3n de g\u00e9nero, pr\u00e1cticamente no los han implementado.<\/p>\n\n\n\n<p class=\"wp-block-paragraph\">De acuerdo al art\u00edculo segundo transitorio de los Lineamientos para Prevenir, Atender, Reparar y Erradicar la Violencia Pol\u00edtica contra las Mujeres por Raz\u00f3n de G\u00e9nero al interior de los partidos pol\u00edticos se estableci\u00f3 que una vez que concluyera el Proceso Electoral Federal 2021 ten\u00edan que hacer modificaciones a sus documentos b\u00e1sicos, antes del 31 de octubre.<\/p>\n\n\n\n<p class=\"wp-block-paragraph\">Solo tres partidos pol\u00edticos han cumplido, Movimiento Ciudadano (MC), Partido del Trabajo (PT) y el Partido de la Revoluci\u00f3n Democr\u00e1tica (PRD). El Partido Revolucionario Institucional (PRI) est\u00e1 en an\u00e1lisis, mientras que faltan por presentar modificaciones el Partido Acci\u00f3n Nacional (PAN), Movimiento Regeneraci\u00f3n Nacional (MORENA) y el Partido Verde Ecologista (PVEM).<\/p>\n\n\n\n<p class=\"wp-block-paragraph\">Durante el Segundo Taller de Sensibilizaci\u00f3n en materia de Violencia Pol\u00edtica contra las Mujeres en Raz\u00f3n de G\u00e9nero (VPMRG), en el marco de los procesos electorales para integrantes de los Comit\u00e9s Ejecutivos Nacionales y Locales de partidos pol\u00edticos.<\/p>\n\n\n\n<p class=\"wp-block-paragraph\">Las democracias contempor\u00e1neas no pueden concebirse sin mujeres, por eso debemos redoblar esfuerzos para que las generaciones venideras puedan vivir libres de violencia pol\u00edtica contra las mujeres por raz\u00f3n de g\u00e9nero y, sobre todo, en condiciones igualitarias, libres de cualquier tipo de discriminaci\u00f3n, expres\u00f3 la consejera Dania Ravel Cuevas.<\/p>\n\n\n\n<p class=\"wp-block-paragraph\">Hay mucho camino por andar, dijo, pero tambi\u00e9n es bueno reconocer que hemos avanzado mucho, porque eso tambi\u00e9n se convierte en un aliciente para seguir trabajando en esta materia.<\/p>\n\n\n\n<p class=\"wp-block-paragraph\">Tambi\u00e9n dijo que es una respuesta natural que haya crecido la violencia pol\u00edtica contra las mujeres, proceso tras proceso, porque ya se tiene la paridad en las postulaciones y se tienen mecanismos para atenderla y visibilizarla, porque es un problema latente que no se ha logrado erradicar.&nbsp;<\/p>\n\n\n\n<p class=\"wp-block-paragraph\">Refiri\u00f3 que en conversaci\u00f3n con mujeres de los partidos pol\u00edticos le han se\u00f1alado que es importante que se dirijan a quienes los presiden para que la sensibilizaci\u00f3n y capacitaci\u00f3n permee de la c\u00fapula hacia abajo, porque en general las bases ya est\u00e1n bastante convencidas en el tema.<\/p>\n\n\n\n<p class=\"wp-block-paragraph\">El gran n\u00famero de quejas en materia de violencia pol\u00edtica contra las mujeres por raz\u00f3n de g\u00e9nero en el INE corresponden al \u00e1mbito de competencia de los Organismos P\u00fablicos Locales Electorales y, otros tanto, a los partidos pol\u00edticos, porque son actos que ocurrieron al interior de los partidos.<\/p>\n\n\n\n<p class=\"wp-block-paragraph\">Tambi\u00e9n como resultado de la reforma en materia de violencia pol\u00edtica contra las mujeres por raz\u00f3n de g\u00e9nero en octubre del 2020 se pidi\u00f3 a los partidos pol\u00edticos generar condiciones de igualdad en las contiendas generales para que se les asignara al menos el 40 por ciento de los recursos para campa\u00f1as a sus candidatas, y al menos el 40 por ciento de los tiempos en radio y televisi\u00f3n a los cuales tienen derecho los propios partidos pol\u00edticos en los procesos electorales, y en particular en el periodo de campa\u00f1as.&nbsp;<\/p>\n\n\n\n<p class=\"wp-block-paragraph\">Esto para ir generando un piso m\u00e1s parejo y porque no basta con postular un n\u00famero igualitario de hombres y mujeres si no se les dan las mismas herramientas para que puedan competir en las campa\u00f1as, coment\u00f3 la consejera Ravel Cuevas.<\/p>\n\n\n\n<p class=\"wp-block-paragraph\">En el marco del proceso electoral federal 2020-2021, 78 partidos pol\u00edticos no cumplieron con asignar por lo menos el 40 por ciento de los recursos para campa\u00f1as, por lo que fueron sancionados con multas que oscilaron entre un mill\u00f3n 500 mil pesos.<\/p>\n\n\n\n<p class=\"wp-block-paragraph\">En el Proceso Electoral Local 2021-2022 \u00fanicamente el PAN fue sancionado por no cumplir con esta disposici\u00f3n.<\/p>\n\n\n\n<p class=\"wp-block-paragraph\">Respecto al tema de radio y televisi\u00f3n que les den al menos el 40 por ciento en radio y televisi\u00f3n a sus candidatas, en el marco del Proceso Electoral Federal 2020-2021, \u00fanicamente fue sancionado el partido Encuentro Solidario por no cumplir con esta disposici\u00f3n y en esencia debo decirles que fue porque hubo una gran reticencia de su parte de utilizar lenguaje incluyente en sus spots y ello llev\u00f3 a que se contabilizaran para beneficio de los candidatos y no de las candidatas.<\/p>\n\n\n\n<p class=\"wp-block-paragraph\">Precis\u00f3 que en los procesos electorales locales que tuvimos en 2022, en Quintana Roo, de los partidos que pautaron promocionales identificables para el cargo de diputaciones, todos cumplieron con destinar al menos el 40 por ciento a sus candidatas.<\/p>\n\n\n\n<p class=\"wp-block-paragraph\">En el marco del proceso local de Durango, de los materiales pautados para ayuntamientos, PAN, PRI, PRD y Movimiento Ciudadano cumplieron con destinar al menos el 40 por ciento a las candidaturas de mujeres y el Partido del Trabajo fue el \u00fanico que no cumpli\u00f3.<\/p>\n\n\n\n<p class=\"wp-block-paragraph\">No se tienen datos de Hidalgo, Oaxaca, Tamaulipas y Aguascalientes, porque esta medici\u00f3n se hace en las entidades federativas donde hay elecciones para renovar el Congreso o ayuntamientos, pero no para gubernaturas.<\/p>\n\n\n\n<p class=\"wp-block-paragraph\">Expreso que se tiene que caminar porque el reparto de los recursos de campa\u00f1as para las candidatas sea el 50-50, para que sea consistente con la postulaci\u00f3n paritaria e igual para la presencia en los spots en radio y televisi\u00f3n a los cuales tienen derecho pautar los partidos pol\u00edticos.<\/p>\n\n\n\n<p class=\"wp-block-paragraph\">Tambi\u00e9n considero importante que se aplique en todos los lugares donde se postulan mujeres, \u201clos bloques de competitividad\u201d, que se mande a las mujeres a los lugares en donde verdaderamente son competitivos los partidos pol\u00edticos quelas est\u00e1n postulando. Esto est\u00e1 bastante superado en el \u00e1mbito de las candidaturas para diputaciones, de las candidaturas a ayuntamientos, pero sigue siendo un tab\u00fa para las gubernaturas.<\/p>\n\n\n\n<h3 class=\"wp-block-heading\"><strong>La soluci\u00f3n a la violencia pol\u00edtica contra las mujeres tiene que venir de los partidos pol\u00edticos: Norma de la Cruz<\/strong><\/h3>\n\n\n\n<p class=\"wp-block-paragraph\">La Consejera Norma De la Cruz dijo que la violencia pol\u00edtica contra las mujeres en raz\u00f3n de g\u00e9nero, \u201cnos afecta desproporcionalmente, pero la soluci\u00f3n tiene que venir de manera transversal\u201d y, en este caso, de los partidos pol\u00edticos.<\/p>\n\n\n\n<p class=\"wp-block-paragraph\">A partir del 14 de abril de 2020, un d\u00eda despu\u00e9s de que se aprob\u00f3 la reforma en materia de Violencia Pol\u00edtica contra las Mujeres en Raz\u00f3n de G\u00e9nero y hasta el 24 de agosto de 2022, el INE ha recibido 219 quejas, denuncias o Vistas en esta materia, precis\u00f3 la Consejera De la Cruz.<\/p>\n\n\n\n<p class=\"wp-block-paragraph\">Del total, 34 se declararon incompetencias del Instituto y se redirigieron a los partidos pol\u00edticos. \u201cDe ah\u00ed nos habla de los grandes espacios de mejora que todav\u00eda quedan en los institutos pol\u00edticos y es muy curioso, porque cuando les damos seguimiento a las denuncias, una se declar\u00f3 la existencia de la infracci\u00f3n; 10 la inexistencia; dos procedimientos fueron conciliados; cinco infundados; uno sobrese\u00eddo; uno no presentado y 14 desechados\u201d, puntualiz\u00f3.<\/p>\n\n\n\n<p class=\"wp-block-paragraph\">Es decir, cuando se ven los resultados, \u201cpareciera que la atenci\u00f3n o la respuesta a las v\u00edctimas no es la que est\u00e1n esperando, la que necesitan\u201d, asever\u00f3 la presidenta de la Comisi\u00f3n de Igualdad de G\u00e9nero y No Discriminaci\u00f3n del INE.<\/p>\n\n\n\n<p class=\"wp-block-paragraph\">Al compartir la actualizaci\u00f3n del Registro Nacional de Personas Sancionadas en Materia de Violencia Pol\u00edtica contra las Mujeres en Raz\u00f3n de G\u00e9nero, De la Cruz dio cuenta que \u201cen este momento tenemos 246 personas que est\u00e1n en el listado: 40 de \u00e9stas son mujeres y 206 son hombres. De \u00e9stas, 79 se ubican en Oaxaca; 34 en Veracruz; 23 en Tabasco; 15 en Baja California y 14 en Chiapas. \u00c9stos son los cinco estados con m\u00e1s personas sancionadas\u201d.<\/p>\n\n\n\n<p class=\"wp-block-paragraph\">Respecto a los partidos pol\u00edticos, de acuerdo con los datos del Registro, el 19.5 % de las personas sancionadas tienen el cargo de presidente o presidenta municipal, a\u00f1adi\u00f3 Norma De la Cruz. \u201cEstas presidentas o presidentes municipales, muy pocos, llegaron como candidatos o candidatas independientes; estas personas llegaron a esas posiciones nominadas por partidos\u201d, de ah\u00ed la importancia de sensibilizar a los institutos pol\u00edticos.<\/p>\n\n\n\n<p class=\"wp-block-paragraph\">El taller es organizado por la Fiscal\u00eda Especializada en Materia de Delitos Electorales de la Fiscal\u00eda General de la Rep\u00fablica (FGR), a trav\u00e9s de la Direcci\u00f3n General de Pol\u00edtica Criminal y Vinculaci\u00f3n y por el INE, a trav\u00e9s de la Unidad T\u00e9cnica de Igualdad de G\u00e9nero y No Discriminaci\u00f3n.<\/p>\n\n\n\n<p class=\"wp-block-paragraph\">En su intervenci\u00f3n, Mar\u00eda de los \u00c1ngeles Lozano, a nombre del Titular de la Fiscal\u00eda Especializada en Delitos Electorales, Jos\u00e9 Agust\u00edn Ortiz Pinchetti, agradeci\u00f3 la asistencia y participaci\u00f3n de la Consejera Dania Ravel, as\u00ed como de todas y todos los integrantes de los partidos pol\u00edticos.<\/p>\n\n\n\n<p class=\"wp-block-paragraph\">\u201cEstos talleres tienen como objetivo generar un espacio de colaboraci\u00f3n entre las instituciones y los partidos pol\u00edticos para identificar, a trav\u00e9s de las experiencias, las \u00e1reas de oportunidad y l\u00edneas de acci\u00f3n tendientes a prevenir, atender, investigar, sancionar y erradicar la Violencia Pol\u00edtica contra las Mujeres en Raz\u00f3n de G\u00e9nero, en los espacios en que tienen influencia los partidos pol\u00edticos y en sus acciones de vinculaci\u00f3n con la sociedad mexicana\u201d, precis\u00f3 Lozano Mac Donald.<\/p>\n\n\n\n<p class=\"wp-block-paragraph\">SEM\/MG<\/p>\n","protected":false},"excerpt":{"rendered":"<p>Los partidos pol\u00edticos no prev\u00e9n la violencia pol\u00edtica contra las mujeres: Dania Ravel Cuevas\u00a0<\/p>\n","protected":false},"author":3,"featured_media":55683,"comment_status":"open","ping_status":"open","sticky":false,"template":"","format":"standard","meta":{"_monsterinsights_skip_tracking":false,"footnotes":""},"categories":[693,51],"tags":[],"class_list":["post-55682","post","type-post","status-publish","format-standard","has-post-thumbnail","category-693","category-ejecutivo"],"_links":{"self":[{"href":"https:\/\/redsemlac.com\/semmexico\/wp-json\/wp\/v2\/posts\/55682","targetHints":{"allow":["GET"]}}],"collection":[{"href":"https:\/\/redsemlac.com\/semmexico\/wp-json\/wp\/v2\/posts"}],"about":[{"href":"https:\/\/redsemlac.com\/semmexico\/wp-json\/wp\/v2\/types\/post"}],"author":[{"embeddable":true,"href":"https:\/\/redsemlac.com\/semmexico\/wp-json\/wp\/v2\/users\/3"}],"replies":[{"embeddable":true,"href":"https:\/\/redsemlac.com\/semmexico\/wp-json\/wp\/v2\/comments?post=55682"}],"version-history":[{"count":0,"href":"https:\/\/redsemlac.com\/semmexico\/wp-json\/wp\/v2\/posts\/55682\/revisions"}],"wp:featuredmedia":[{"embeddable":true,"href":"https:\/\/redsemlac.com\/semmexico\/wp-json\/wp\/v2\/media\/55683"}],"wp:attachment":[{"href":"https:\/\/redsemlac.com\/semmexico\/wp-json\/wp\/v2\/media?parent=55682"}],"wp:term":[{"taxonomy":"category","embeddable":true,"href":"https:\/\/redsemlac.com\/semmexico\/wp-json\/wp\/v2\/categories?post=55682"},{"taxonomy":"post_tag","embeddable":true,"href":"https:\/\/redsemlac.com\/semmexico\/wp-json\/wp\/v2\/tags?post=55682"}],"curies":[{"name":"wp","href":"https:\/\/api.w.org\/{rel}","templated":true}]}}