{"id":55677,"date":"2022-09-06T14:04:31","date_gmt":"2022-09-06T20:04:31","guid":{"rendered":"https:\/\/redsemlac.com\/semmexico\/?p=55677"},"modified":"2023-07-21T19:13:17","modified_gmt":"2023-07-22T00:13:17","slug":"una-politica-camaleonica-liz-truss-oficialmente-primera-ministra-del-reino-unido","status":"publish","type":"post","link":"https:\/\/redsemlac.com\/semmexico\/una-politica-camaleonica-liz-truss-oficialmente-primera-ministra-del-reino-unido\/","title":{"rendered":"Una pol\u00edtica camale\u00f3nica, Liz Truss, oficialmente, Primera Ministra del Reino Unido"},"content":{"rendered":"\n<ul class=\"wp-block-list\"><li><strong>Tercera mujer nombrada como ministra conservadora, determinante y decidida, admira a Margaret Thacher, dice una periodista.<\/strong><\/li><li><strong>La Reina Isabel II le da el benepl\u00e1cito en su palacio de Belmoral, en Escocia.<\/strong><\/li><\/ul>\n\n\n\n<p class=\"wp-block-paragraph\"><strong>Redacci\u00f3n<\/strong><\/p>\n\n\n\n<p class=\"wp-block-paragraph\">SemM\u00e9xico\/Agencias, Londres, 6 de septiembre del 2022.-Hoy en la propiedad de la Reina Isabel II, Liz Truss, fue nombrada oficialmente primera ministra, en una ceremonia en el palacio de Balmoral, en Escocia.<\/p>\n\n\n\n<p class=\"wp-block-paragraph\">La nueva ministra del Reino Unido es definida como una pol\u00edtica camale\u00f3nica, que ha pasado de ser una abolicionista radical, a una abanderada de la derecha conservadora euroesc\u00e9ptica. Un tiempo fue liberal y dem\u00f3crata, pero en la pr\u00e1ctica est\u00e1 en contra de las y los integrantes de la administraci\u00f3n p\u00fablica, por lo que piensa reducirles el salario.<\/p>\n\n\n\n<p class=\"wp-block-paragraph\">Llega en un momento de crisis econ\u00f3mica del Reino Unido y a liderar un partido -el conservador- en crisis.<\/p>\n\n\n\n<h2 class=\"wp-block-heading\"><strong>De sus cr\u00edticos y compromisos<\/strong><\/h2>\n\n\n\n<p class=\"wp-block-paragraph\">Liz Truss, fue elegida por el Parlamento en 2010, quien, en un per\u00edodo de tiempo relativamente corto y por s\u00ed sola, con fuerza pol\u00edtica, persigue su agenda con un vigor implacable y un entusiasmo inequ\u00edvoco.<\/p>\n\n\n\n<p class=\"wp-block-paragraph\">Con amplia mayor\u00eda -81 mil 326 votos, contra 60 mil 399 de su rival Rishi Sunak- el Partido Conservador de Gran Breta\u00f1a la eligi\u00f3 el lunes 5 de septiembre; era la secretaria de Relaciones Exteriores, y ser\u00e1, al mismo tiempo, Jefa de Estado y l\u00edder de su partido. Ello dio enormidad de votos, tras la renuncia de Boris Johnson. En dicho proceso, solamente pudieron votar 180 mil miembros del Partido Conservador que pagan cuotas.<\/p>\n\n\n\n<p class=\"wp-block-paragraph\">Truss prometi\u00f3 aumentar el gasto en defensa y reducir los impuestos, pero no ha dicho c\u00f3mo abordar\u00e1 el encarecimiento del costo de vida. Dado que las facturas de energ\u00eda de los hogares aumentar\u00e1n hasta 80 por ciento el pr\u00f3ximo mes, se calcula que uno de cada tres hogares enfrentar\u00e1 escasez de combustible este invierno, dejando a millones de personas eligiendo entre comer y calentar sus hogares.<\/p>\n\n\n\n<p class=\"wp-block-paragraph\">La contienda de dos meses dej\u00f3 a Gran Breta\u00f1a con un vac\u00edo de poder en un momento en que los consumidores, los trabajadores y las empresas exig\u00edan la acci\u00f3n del gobierno para mitigar el impacto del alza de los precios de los alimentos y la energ\u00eda.<\/p>\n\n\n\n<p class=\"wp-block-paragraph\">El Banco de Inglaterra ha pronosticado que la inflaci\u00f3n se incrementar\u00e1 13,3 % en octubre, un m\u00e1ximo de 42 a\u00f1os, lo que amenaza con empujar a Gran Breta\u00f1a a una recesi\u00f3n prolongada.<\/p>\n\n\n\n<figure class=\"wp-block-image size-full\"><a href=\"https:\/\/redsemlac.com\/semmexico\/wp-content\/uploads\/2022\/09\/primera-ministra-1.jpg\"><img loading=\"lazy\" decoding=\"async\" width=\"1024\" height=\"576\" src=\"https:\/\/redsemlac.com\/semmexico\/wp-content\/uploads\/2022\/09\/primera-ministra-1.jpg\" alt=\"\" class=\"wp-image-55678\"\/><\/a><\/figure>\n\n\n\n<p class=\"wp-block-paragraph\">La nueva ministra amenaza con eliminar toda la legislaci\u00f3n restante de la UE en el Reino Unido y anular el acuerdo de Brexit que Johnson negoci\u00f3 con Bruselas de una manera que la UE cree que es ilegal. Tambi\u00e9n culp\u00f3 a Francia y a la UE por los controles fronterizos en Dover, el principal puerto entre el Reino Unido y Francia.<\/p>\n\n\n\n<p class=\"wp-block-paragraph\">Cuanto m\u00e1s se acercaba al poder, m\u00e1s brit\u00e1nicos se preguntaban c\u00f3mo ser\u00eda Truss en el cargo de primera ministra. Ha hecho campa\u00f1a para liderar las agendas m\u00e1s conservadoras. Se comprometi\u00f3 a reducir los impuestos desde el primer d\u00eda, romper las regulaciones de la UE y alentar el crecimiento del sector privado con un impuesto de sociedades bajo. Ella ha dicho que no impondr\u00e1 un impuesto sobre las ganancias inesperadas a las empresas de energ\u00eda a pesar de que registraron enormes ganancias durante la crisis energ\u00e9tica y del costo de vida.<\/p>\n\n\n\n<p class=\"wp-block-paragraph\">Los cr\u00edticos han dicho que los recortes de impuestos que prometi\u00f3 conducir\u00edan a una inflaci\u00f3n a\u00fan mayor y aumentos en las tasas de inter\u00e9s en medio de una recesi\u00f3n pronosticada. Tambi\u00e9n se han planteado preguntas sobre una promesa que Truss hizo de reducir los salarios del sector p\u00fablico, lo que supuestamente le ahorr\u00f3 al p\u00fablico 8 mil 800 millones de d\u00f3lares americanos.<\/p>\n\n\n\n<p class=\"wp-block-paragraph\">Sus cr\u00edticos han cuestionado su econom\u00eda, y el alboroto por la insensibilidad percibida hacia los trabajadores del sector p\u00fablico oblig\u00f3 a Truss a cambiar de sentido.<\/p>\n\n\n\n<p class=\"wp-block-paragraph\">Julian Glover, periodista y redactora de discursos del ex primer ministro David Cameron, fue una universitaria contempor\u00e1nea de Truss y recuerda rasgos en ella que todav\u00eda son reconocibles hoy: determinada pero desenfocada.<\/p>\n\n\n\n<h2 class=\"wp-block-heading\"><strong>Ella de perfil<\/strong><\/h2>\n\n\n\n<ul class=\"wp-block-list\"><li>Liz Truss, es Mary Elizabeth Truss, de 47 a\u00f1os, estudi\u00f3 filosof\u00eda, econom\u00eda y pol\u00edtica en el Merton College, en Oxford.<\/li><li>Ha sido titular de diferentes \u00f3rganos del gobierno brit\u00e1nico, entre los que destacan la Secretar\u00eda de Medio Ambiente, la Secretar\u00eda de Justicia y la Secretar\u00eda de Relaciones Exteriores.<\/li><li>En septiembre de 2019 fue nombrada ministra de la Mujer e Igualdad del Reino Unido, lo que no significa simpat\u00eda con la agenda de las mujeres feministas.<\/li><li>Liz Truss es la tercera mujer en la historia de Reino Unido en desempe\u00f1arse como primera ministra.<\/li><li>Truss se ha declarado admiradora de Thatcher, quien, al igual que ella, formaba parte del Partido Conservador brit\u00e1nico. Sin embargo, en declaraciones con GB News dijo que le molesta que comparen a todas las mujeres pol\u00edticas con la ex primera ministra. Pretendiendo separarse de dicha imagen y defini\u00f3 su propia l\u00ednea como parte de un nuevo periodo para el Reino Unido.<\/li><li>La agencia AP inform\u00f3 que este d\u00eda delinear\u00e1 las l\u00edneas de su proyecto de pa\u00eds.<\/li><li>A diferencia de sus colegas del gabinete educados en forma privada, Truss fue a una escuela p\u00fablica en Leeds y luego gan\u00f3 un lugar en la Universidad de Oxford. All\u00ed integrante activa de los Dem\u00f3cratas Liberales, un partido de oposici\u00f3n centrista que durante mucho tiempo ha sido un oponente efectivo de los Conservadores en gran parte de Inglaterra.<\/li><li>Durante su tiempo como liberal dem\u00f3crata, Truss apoy\u00f3 la legalizaci\u00f3n del cannabis y la abolici\u00f3n de la familia real, posiciones que est\u00e1n en total desacuerdo con lo que la mayor\u00eda considerar\u00eda el conservadurismo dominante en 2022.<\/li><li>Truss declar\u00f3 que se uni\u00f3 a los conservadores en 1996, solo dos a\u00f1os despu\u00e9s de que pronunci\u00f3 un discurso en una conferencia liberal dem\u00f3crata pidiendo el fin de la monarqu\u00eda.<\/li><\/ul>\n\n\n\n<p class=\"wp-block-paragraph\">SEM\/MG<\/p>\n","protected":false},"excerpt":{"rendered":"<p>Tercera mujer nombrada como ministra conservadora, determinante y decidida, admira a Margaret Thacher, dice una periodista.<\/p>\n","protected":false},"author":3,"featured_media":55679,"comment_status":"open","ping_status":"open","sticky":false,"template":"","format":"standard","meta":{"_monsterinsights_skip_tracking":false,"footnotes":""},"categories":[693,53],"tags":[],"class_list":["post-55677","post","type-post","status-publish","format-standard","has-post-thumbnail","category-693","category-internacional"],"_links":{"self":[{"href":"https:\/\/redsemlac.com\/semmexico\/wp-json\/wp\/v2\/posts\/55677","targetHints":{"allow":["GET"]}}],"collection":[{"href":"https:\/\/redsemlac.com\/semmexico\/wp-json\/wp\/v2\/posts"}],"about":[{"href":"https:\/\/redsemlac.com\/semmexico\/wp-json\/wp\/v2\/types\/post"}],"author":[{"embeddable":true,"href":"https:\/\/redsemlac.com\/semmexico\/wp-json\/wp\/v2\/users\/3"}],"replies":[{"embeddable":true,"href":"https:\/\/redsemlac.com\/semmexico\/wp-json\/wp\/v2\/comments?post=55677"}],"version-history":[{"count":0,"href":"https:\/\/redsemlac.com\/semmexico\/wp-json\/wp\/v2\/posts\/55677\/revisions"}],"wp:featuredmedia":[{"embeddable":true,"href":"https:\/\/redsemlac.com\/semmexico\/wp-json\/wp\/v2\/media\/55679"}],"wp:attachment":[{"href":"https:\/\/redsemlac.com\/semmexico\/wp-json\/wp\/v2\/media?parent=55677"}],"wp:term":[{"taxonomy":"category","embeddable":true,"href":"https:\/\/redsemlac.com\/semmexico\/wp-json\/wp\/v2\/categories?post=55677"},{"taxonomy":"post_tag","embeddable":true,"href":"https:\/\/redsemlac.com\/semmexico\/wp-json\/wp\/v2\/tags?post=55677"}],"curies":[{"name":"wp","href":"https:\/\/api.w.org\/{rel}","templated":true}]}}