{"id":55645,"date":"2022-09-06T10:45:09","date_gmt":"2022-09-06T16:45:09","guid":{"rendered":"https:\/\/redsemlac.com\/semmexico\/?p=55645"},"modified":"2023-07-21T19:13:18","modified_gmt":"2023-07-22T00:13:18","slug":"arranco-el-primer-festival-las-heroinas-de-la-independencia-oaxaca","status":"publish","type":"post","link":"https:\/\/redsemlac.com\/semmexico\/arranco-el-primer-festival-las-heroinas-de-la-independencia-oaxaca\/","title":{"rendered":"Arranc\u00f3 el primer Festival \u201cLas hero\u00ednas de la Independencia\u201d, Oaxaca"},"content":{"rendered":"\n<ul class=\"wp-block-list\"><li><strong>Homenaje a las mujeres que contribuyeron a la construcci\u00f3n de la Patria.<\/strong><\/li><\/ul>\n\n\n\n<p class=\"wp-block-paragraph\"><strong>Redacci\u00f3n<\/strong><\/p>\n\n\n\n<p class=\"wp-block-paragraph\">SemM\u00e9xico. Oaxaca. 06 de septiembre&nbsp; 2022.- Este lunes, La Alameda de Le\u00f3n en la ciudad de Oaxaca, fue el escenario de apertura del Festival \u201cLas Hero\u00ednas de la Independencia\u201d, un homenaje a las mujeres que contribuyeron a la construcci\u00f3n de la Patria.<\/p>\n\n\n\n<p class=\"wp-block-paragraph\">Arte, m\u00fasica, teatro, gastronom\u00eda, cine, poes\u00eda y m\u00e1s, que visibilizar\u00e1 el esfuerzo y valor de las mujeres que han contribuido a la construcci\u00f3n de una cultura de paz y sobre todo, en la lucha de Independencia.&nbsp;<\/p>\n\n\n\n<figure class=\"wp-block-image size-large\"><a href=\"https:\/\/redsemlac.com\/semmexico\/wp-content\/uploads\/2022\/09\/PROGRAMA-OFICIALF-scaled.jpg\"><img decoding=\"async\" src=\"https:\/\/redsemlac.com\/semmexico\/wp-content\/uploads\/2022\/09\/PROGRAMA-OFICIALF-724x1024.jpg\" alt=\"\" class=\"wp-image-55649\"\/><\/a><\/figure>\n\n\n\n<p class=\"wp-block-paragraph\">Con el Llamado del Caracol, dio inicio el ritual de Salutaci\u00f3n a los Cuatro Rumbos como pre\u00e1mbulo a la ceremonia inaugural encabezada por la directora general del Colectivo \u201cLas hero\u00ednas\u201d, Martha Toledo Mar.<\/p>\n\n\n\n<p class=\"wp-block-paragraph\">Seguido de la conferencia \u00abTres golpes de tac\u00f3n\u00bb sobre la vida y obra de Do\u00f1a Josefa Ortiz de Dom\u00ednguez, la cual fue impartida por la historiadora y escritora, Dra. Rebeca Orozco, en el Museo de los Pintores Oaxaque\u00f1os (MUPO).<\/p>\n\n\n\n<p class=\"wp-block-paragraph\">M\u00e1s tarde, con la participaci\u00f3n de integrantes del Instituto Municipal de la Mujer de Oaxaca de Ju\u00e1rez, se llev\u00f3 a cabo el C\u00edrculo de Lectura sobre el libro \u201cAdictas a la Insurgencia\u201d, de la Dra. Celia del Palacio. \u201cEste libro sirvi\u00f3 de base para escribir varias de las canciones que se presentar\u00e1n en los conciertos del pr\u00f3ximo viernes y s\u00e1bado\u201d, coment\u00f3 Toledo Mar.<\/p>\n\n\n\n<p class=\"wp-block-paragraph\">El Festival \u201cLas hero\u00ednas de la Independencia\u201d continuar\u00e1 hasta el pr\u00f3ximo domingo 12 de septiembre con un concierto de clausura en la Plaza de la Danza.<\/p>\n\n\n\n<p class=\"wp-block-paragraph\">SEM\/MG<\/p>\n","protected":false},"excerpt":{"rendered":"<p>Homenaje a las mujeres que contribuyeron a la construcci\u00f3n de la Patria.<\/p>\n","protected":false},"author":3,"featured_media":55646,"comment_status":"open","ping_status":"open","sticky":false,"template":"","format":"standard","meta":{"_monsterinsights_skip_tracking":false,"footnotes":""},"categories":[693,54],"tags":[],"class_list":["post-55645","post","type-post","status-publish","format-standard","has-post-thumbnail","category-693","category-mujeres"],"_links":{"self":[{"href":"https:\/\/redsemlac.com\/semmexico\/wp-json\/wp\/v2\/posts\/55645","targetHints":{"allow":["GET"]}}],"collection":[{"href":"https:\/\/redsemlac.com\/semmexico\/wp-json\/wp\/v2\/posts"}],"about":[{"href":"https:\/\/redsemlac.com\/semmexico\/wp-json\/wp\/v2\/types\/post"}],"author":[{"embeddable":true,"href":"https:\/\/redsemlac.com\/semmexico\/wp-json\/wp\/v2\/users\/3"}],"replies":[{"embeddable":true,"href":"https:\/\/redsemlac.com\/semmexico\/wp-json\/wp\/v2\/comments?post=55645"}],"version-history":[{"count":0,"href":"https:\/\/redsemlac.com\/semmexico\/wp-json\/wp\/v2\/posts\/55645\/revisions"}],"wp:featuredmedia":[{"embeddable":true,"href":"https:\/\/redsemlac.com\/semmexico\/wp-json\/wp\/v2\/media\/55646"}],"wp:attachment":[{"href":"https:\/\/redsemlac.com\/semmexico\/wp-json\/wp\/v2\/media?parent=55645"}],"wp:term":[{"taxonomy":"category","embeddable":true,"href":"https:\/\/redsemlac.com\/semmexico\/wp-json\/wp\/v2\/categories?post=55645"},{"taxonomy":"post_tag","embeddable":true,"href":"https:\/\/redsemlac.com\/semmexico\/wp-json\/wp\/v2\/tags?post=55645"}],"curies":[{"name":"wp","href":"https:\/\/api.w.org\/{rel}","templated":true}]}}