{"id":55616,"date":"2022-09-05T13:47:07","date_gmt":"2022-09-05T19:47:07","guid":{"rendered":"https:\/\/redsemlac.com\/semmexico\/?p=55616"},"modified":"2023-07-21T19:13:19","modified_gmt":"2023-07-22T00:13:19","slug":"afecta-el-instituto-politecnico-nacional-a-maestras-y-recorta-inscripcion-estudiantil","status":"publish","type":"post","link":"https:\/\/redsemlac.com\/semmexico\/afecta-el-instituto-politecnico-nacional-a-maestras-y-recorta-inscripcion-estudiantil\/","title":{"rendered":"Afecta el Instituto Polit\u00e9cnico Nacional a maestras y recorta inscripci\u00f3n estudiantil"},"content":{"rendered":"\n<ul class=\"wp-block-list\"><li><strong>Viene de un decreto de marzo, por \u00f3rdenes de AMLO, que quit\u00f3 al Instituto 3 fuentes de ingresos.<\/strong><\/li><li><strong>Ces\u00f3 la construcci\u00f3n de aulas y quieren ahorrarse plazas: responsabilidad de la SEP.<\/strong><\/li><\/ul>\n\n\n\n<p class=\"wp-block-paragraph\"><strong>Sara Lovera<\/strong><\/p>\n\n\n\n<p class=\"wp-block-paragraph\">SemM\u00e9xico, Ciudad de M\u00e9xico, 5 de septiembre del 2022.- \u00bfQu\u00e9 har\u00e1 una profesora del Instituto Polit\u00e9cnico Nacional a quien le quitan sus 21 horas de clase en la Escuela Superior de Ingenier\u00eda Mec\u00e1nica de Zacatenco, del Instituto Polit\u00e9cnico Nacional? Lesiona sus derechos laborales y su empoderamiento; pidi\u00f3 ayuda al Instituto Nacional de las Mujeres, desde abril, junto a otras profesoras, advirti\u00f3 que habr\u00eda conflicto.<\/p>\n\n\n\n<p class=\"wp-block-paragraph\">Ir al desempleo, \u00bfpor razones burocr\u00e1ticas? Una queja de Araceli Garc\u00eda Rico y Diana Ver\u00f3nica Santill\u00e1n Mart\u00ednez, es la punta del iceberg de una serie de acciones semejantes a cientos de maestras y maestros. Ellas desde abril, acudieron a la oficina de defensa de los derechos humanos del IPN y comentan que estas acciones dejan en claro que en esta administraci\u00f3n las mujeres, no valen. Pero, adem\u00e1s, las quejosas, afirman que han sufrido hostigamiento laboral y hay alumnado que ha documentado abusos sexuales.<\/p>\n\n\n\n<p class=\"wp-block-paragraph\">Estas acciones, que llenan las oficinas del IPN, ya han generado conflictos en la base estudiantil y en la docente. Marchas que iniciaron la semana pasada y paros a partir del 2 de septiembre. El IPN es considerado como una de las 3 universidades m\u00e1s importantes de M\u00e9xico, con 55 carreras de licenciatura e ingenier\u00edas, y m\u00e1s de 17 mil profesores y profesoras, 55 por ciento mujeres y 190 mil estudiantes, 40 por ciento mujeres.<\/p>\n\n\n\n<p class=\"wp-block-paragraph\">Todo ello no es atribuible a cuestiones de mal manejo en la opini\u00f3n p\u00fablica, y afirman que se trata de asuntos pol\u00edtico electorales. Se olvida que el primero de marzo pasado, por \u00f3rdenes del presidente Andr\u00e9s Manuel L\u00f3pez Obrador, se quit\u00f3 a la direcci\u00f3n del IPN tres \u00f3rganos sustantivos y por supuesto, presupuesto. Ahora el conflicto, menos plazas, cero interinatos \u2013que crean derechos- y reducci\u00f3n de ingresos a estudiantes y omisiones. &nbsp;O sea, una decisi\u00f3n que hace 5 meses estall\u00f3 al comenzar las clases presenciales.<\/p>\n\n\n\n<p class=\"wp-block-paragraph\">Te puede interesar: <a href=\"https:\/\/www.ipn.mx\/imageninstitucional\/comunicados\/ver-comunicado.html?y=2021&amp;n=170&amp;t=6\">https:\/\/www.ipn.mx\/imageninstitucional\/comunicados\/ver-comunicado.html?y=2021&amp;n=170&amp;t=6<\/a><\/p>\n\n\n\n<p class=\"wp-block-paragraph\">Sostienen las quejosas que desde el primero de septiembre, entraron en paro indefinido 11 dependencias del Instituto Polit\u00e9cnico Nacional, desde su creaci\u00f3n, siendo presidente de la Rep\u00fablica L\u00e1zaro C\u00e1rdenas del R\u00edo, es una instituci\u00f3n de educaci\u00f3n superior que pertenece a la Secretar\u00eda de Educaci\u00f3n P\u00fablica y que, desde el primero de marzo, una decisi\u00f3n presidencial, puso en crisis.<\/p>\n\n\n\n<p class=\"wp-block-paragraph\">Esta semana entraron en paro indefinido, y realizar\u00e1n asambleas con pliego de peticiones, de estudiantes y docentes. Escuela Nacional de Ciencias Biol\u00f3gicas ENCB en el Casco y Zacateco; Escuela Superior de F\u00edsica Matem\u00e1ticas ESFM, Escuela Superior de Ingenier\u00eda y Arquitectura ESIA en asamblea permanente.<\/p>\n\n\n\n<p class=\"wp-block-paragraph\">Escuela Superior de Ingenier\u00eda Textil ESIT, espera respuesta a pliego petitorio; Escuela Superior de Medicina, ESM; Escuela Superior de Ingenier\u00eda Mec\u00e1nica y El\u00e9ctrica ESIME, ambas con pliego y asamblea; Unidad Profesional Interdisciplinaria de Biotecnolog\u00eda UPIBI, Unidad Profesional Interdisciplinaria de Ingenier\u00eda y Ciencias Sociales y Administrativas UPICSA, UPIIG Unidad Profesional Interdisciplinaria de Ingenier\u00eda, campus Guanajuato, en paro indefinido y Voca 7, paro activo.<\/p>\n\n\n\n<p class=\"wp-block-paragraph\">Todas estas escuelas, con miles de estudiantes y profesorado, refieren una administraci\u00f3n sin respuestas. A la que le quit\u00f3 el gobierno de la 4T atribuciones, lesionando su Ley Org\u00e1nica. La docente que ha quedado sin sus 21 horas, no es la \u00fanica. Cientos han solicitado soluci\u00f3n desde el 22 de agosto, al cese de sus contratos, apenas unos d\u00edas antes del comienzo de clases y a m\u00e1s de 10 d\u00edas advirtieron, que un efecto domin\u00f3 conflictivo suceder\u00eda, faltaran docentes y las autoridades no han respondido a escuelas que mantienen pliegos de peticiones, paros, asambleas y protestas. Estos hechos indican que ha sido el recorte presupuestal, afectado por razones ideol\u00f3gicas, disminuyendo la vida acad\u00e9mica del IPN.<\/p>\n\n\n\n<h2 class=\"wp-block-heading\"><strong>Situaci\u00f3n<\/strong><\/h2>\n\n\n\n<p class=\"wp-block-paragraph\">Al retornar a clases en el IPN, salieron a flote reclamos de las y los estudiantes por lo que afirman es \u201cincapacidad\u201d de las autoridades para incrementar la matr\u00edcula; la inconformidad es por la manera de \u201cajustar\u201d plazas e interinatos, contratos desaparecidos. &nbsp;Las demandas del alumnado tienen que ver con la generaci\u00f3n de estos interinatos laborales para las y los profesores, como la compa\u00f1era Araceli Garc\u00eda Rico, a quien quitaron su trabajo y est\u00e1n con el temor de no tener clases; el profesorado que en su mayor\u00eda es contratado por horas; no se extiende la matricula por falta de espacios f\u00edsicos para la asistencia a clases presenciales, as\u00ed como la modernizaci\u00f3n de la red y los servicios de Internet.<\/p>\n\n\n\n<p class=\"wp-block-paragraph\">La justificaci\u00f3n de las autoridades centrales, presidencia de la Rep\u00fablica, &nbsp;es que el funcionariado del IPN tienen m\u00e1s atenci\u00f3n en cuestiones pol\u00edticas y partidistas, y por tanto desatienden los reclamos expresados en los pliegos petitorios, &#8211; con paros ahora esperando respuestas o con asambleas activas, en contra de una matr\u00edcula, que genera tres tipos de alumnado, los de \u201cprimera\u201d, aquellos que asisten a clases presenciales; los de \u201csegunda\u201d, que las toman de forma h\u00edbrida (de forma presencial y remota), y los de \u201ctercera\u201d, que han sido rechazados porque no tuvieron a su disposici\u00f3n los instrumentos para aplicar sus ex\u00e1menes.<\/p>\n\n\n\n<h2 class=\"wp-block-heading\"><strong>Antecedentes de la crisis un decreto de AMLO<\/strong><\/h2>\n\n\n<div class=\"wp-block-image\">\n<figure class=\"aligncenter size-full\"><a href=\"https:\/\/redsemlac.com\/semmexico\/wp-content\/uploads\/2022\/09\/IPN-1.jpg\"><img loading=\"lazy\" decoding=\"async\" width=\"581\" height=\"775\" src=\"https:\/\/redsemlac.com\/semmexico\/wp-content\/uploads\/2022\/09\/IPN-1.jpg\" alt=\"\" class=\"wp-image-55618\"\/><\/a><\/figure>\n<\/div>\n\n<div class=\"wp-block-image\">\n<figure class=\"aligncenter size-full\"><a href=\"https:\/\/redsemlac.com\/semmexico\/wp-content\/uploads\/2022\/09\/IPN-2.jpg\"><img loading=\"lazy\" decoding=\"async\" width=\"576\" height=\"777\" src=\"https:\/\/redsemlac.com\/semmexico\/wp-content\/uploads\/2022\/09\/IPN-2.jpg\" alt=\"\" class=\"wp-image-55619\"\/><\/a><\/figure>\n<\/div>\n\n\n<p class=\"wp-block-paragraph\">El pasado primero de marzo la secretaria de Educaci\u00f3n P\u00fablica expidi\u00f3, en el Diario Oficial de la Federaci\u00f3n, un Acuerdo seg\u00fan el cual \u201clas entidades paraestatales coordinadas por la SEP se agrupan en subsectores y se designa a los suplentes para presidir sus \u00f3rganos de gobierno o equivalentes\u201d. Seg\u00fan lo ah\u00ed dispuesto, se faculta al presidente de la Rep\u00fablica para dicho agrupamiento \u201ccuando as\u00ed convenga para facilitar su coordinaci\u00f3n y dar congruencia al funcionamiento de las citadas entidades\u201d.<\/p>\n\n\n\n<p class=\"wp-block-paragraph\">Resultado de ello, 15 entidades paraestatales de la SEP (descentralizadas, empresas de participaci\u00f3n estatal, fideicomisos p\u00fablicos) se agrupan en dos subsectores, educaci\u00f3n y deporte, correspondiendo a la Subsecretar\u00eda de Educaci\u00f3n Superior la coordinaci\u00f3n de tres dependencias: Centro de Investigaci\u00f3n y Estudios Avanzados del Instituto Polit\u00e9cnico Nacional (CINVESTAV), Comisi\u00f3n de Operaci\u00f3n y Fomento de Actividades Acad\u00e9micas del Instituto Polit\u00e9cnico Nacional (COFFAA), Patronato de Obras e Instalaciones del Instituto Polit\u00e9cnico Nacional (POI).<\/p>\n\n\n\n<p class=\"wp-block-paragraph\">El primero, como se consigna en el nombre oficial, tiene o debe guardar una relaci\u00f3n estrecha con el IPN. Adem\u00e1s, a este \u00faltimo se debe la creaci\u00f3n y pertenencia de la COFAA y del POI.<\/p>\n\n\n\n<p class=\"wp-block-paragraph\">El Acuerdo suscit\u00f3 de inmediato una reacci\u00f3n en las dos instituciones, principalmente en varios grupos de acad\u00e9micos del IPN y, en menor medida, en el Cinvestav.&nbsp;<\/p>\n\n\n\n<p class=\"wp-block-paragraph\">Su molestia y cr\u00edtica, lo atribuyen principalmente a un prop\u00f3sito avieso: forma parte de los intentos del gobierno de la Cuarta Transformaci\u00f3n por avasallar instituciones p\u00fablicas de educaci\u00f3n superior.<\/p>\n\n\n\n<p class=\"wp-block-paragraph\">A una semana del acontecimiento sorprende que las entidades involucradas, desde la Presidencia de la Rep\u00fablica, pasando por la SEP y las dos instituciones de educaci\u00f3n superior e investigaci\u00f3n, no hayan expresado una posici\u00f3n oficial a ese respecto. Hab\u00eda cierre de actividades. Por eso la molestia renaci\u00f3 al iniciar las clases presenciales.<\/p>\n\n\n\n<ul class=\"wp-block-list\"><li>Hay que se\u00f1alar que en 1982, el Congreso de la Uni\u00f3n aprob\u00f3 la Ley Org\u00e1nica del IPN, actualmente vigente; all\u00ed se atribuye la titularidad del \u00f3rgano de gobierno de las tres entidades, al director general del Instituto.<\/li><\/ul>\n\n\n\n<ul class=\"wp-block-list\"><li>El Acuerdo de este 2022 ratifica lo ya resuelto en 2018: la Subsecretar\u00eda de Educaci\u00f3n Superior como titular de su \u00f3rgano de gobierno. Una pregunta salta de inmediato: \u00bfera necesario repetir lo de tres a\u00f1os atr\u00e1s y con ello actualizar el peligro relativo a que, tomado como m\u00f3vil, se avive un avispero pol\u00edtico, como parece estar sucediendo?<\/li><\/ul>\n\n\n\n<ul class=\"wp-block-list\"><li>Lo relativo al \u201cavispero\u201d ya est\u00e1 circulando en redes, principalmente, y en algunos medios. Algunos ejemplos: a) para el Ejecutivo Federal y la SEP, \u201cel IPN no existe y no es importante\u201d; b) los tres organismos \u201cpasaron a depender directamente de la SEP\u201d; c) el trato que se le da al Cinvestav es el de \u201cuna oficina burocr\u00e1tica\u201d; d) se proponen foros de discusi\u00f3n y asambleas en el IPN, \u201chay que actuar . . . movilic\u00e9monos\u201d; e) \u201cse pretende una separaci\u00f3n total entre IPN y Cinvestav\u201d; f) \u201crecobremos para el Instituto sus \u00f3rganos auxiliares\u201d.<\/li><\/ul>\n\n\n\n<p class=\"wp-block-paragraph\">Ese decreto de marzo y la cuesti\u00f3n de fondo se da en otro terreno: el pol\u00edtico. El referente a quienes consideran un agravio al IPN quitarle la titularidad de los \u00f3rganos de gobierno de los tres organismos. Si pas\u00f3 inadvertido en 2018 ahora ya no lo es m\u00e1s.<\/p>\n\n\n\n<p class=\"wp-block-paragraph\">De acuerdo con ello, el principal fundamento para modificar la tradici\u00f3n de m\u00e1s de medio siglo se localiz\u00f3 en la Ley Federal de Entidades Paraestatales, Art. 8, referente a la facultad de \u201cestablecer pol\u00edticas de desarrollo para las entidades del sector\u201d.<\/p>\n\n\n\n<figure class=\"wp-block-gallery has-nested-images columns-1 is-cropped wp-block-gallery-1 is-layout-flex wp-block-gallery-is-layout-flex\">\n<figure class=\"wp-block-image size-large\"><a href=\"https:\/\/redsemlac.com\/semmexico\/wp-content\/uploads\/2022\/09\/IPN-3.jpg\"><img loading=\"lazy\" decoding=\"async\" width=\"473\" height=\"1024\" data-id=\"55620\" src=\"https:\/\/redsemlac.com\/semmexico\/wp-content\/uploads\/2022\/09\/IPN-3.jpg\" alt=\"\" class=\"wp-image-55620\"\/><\/a><\/figure>\n\n\n\n<figure class=\"wp-block-image size-large\"><a href=\"https:\/\/redsemlac.com\/semmexico\/wp-content\/uploads\/2022\/09\/IPN-5.jpg\"><img loading=\"lazy\" decoding=\"async\" width=\"1080\" height=\"958\" data-id=\"55622\" src=\"https:\/\/redsemlac.com\/semmexico\/wp-content\/uploads\/2022\/09\/IPN-5.jpg\" alt=\"\" class=\"wp-image-55622\"\/><\/a><\/figure>\n\n\n\n<figure class=\"wp-block-image size-large\"><a href=\"https:\/\/redsemlac.com\/semmexico\/wp-content\/uploads\/2022\/09\/IPN-4.jpg\"><img loading=\"lazy\" decoding=\"async\" width=\"899\" height=\"1599\" data-id=\"55621\" src=\"https:\/\/redsemlac.com\/semmexico\/wp-content\/uploads\/2022\/09\/IPN-4.jpg\" alt=\"\" class=\"wp-image-55621\"\/><\/a><\/figure>\n<\/figure>\n\n\n\n<p class=\"wp-block-paragraph\">Todo se justific\u00f3 por \u201ccorrupci\u00f3n\u201d no demostrada hasta ahora y si con barruntos conflictivos, que quieren explicaciones sencillas, de una crisis generada desde la presidencia de la Rep\u00fablica, y que saltaron al comenzar las clases presenciales.<\/p>\n\n\n\n<p class=\"wp-block-paragraph\">Los opinadores pol\u00edticos, afirman, \u201cuna mano\u201d est\u00e1 generando conflictos en el IPN, o sea, no es consecuencia de medidas administrativas que han lesionado derechos, f\u00e1cil. Tema de la Secretar\u00eda de Educaci\u00f3n P\u00fablica.<\/p>\n\n\n\n<p class=\"wp-block-paragraph\">SEM\/MG<\/p>\n","protected":false},"excerpt":{"rendered":"<p>Viene de un decreto de marzo, por \u00f3rdenes de AMLO, que quit\u00f3 al Instituto 3 fuentes de ingresos.<\/p>\n","protected":false},"author":3,"featured_media":55623,"comment_status":"open","ping_status":"open","sticky":false,"template":"","format":"standard","meta":{"_monsterinsights_skip_tracking":false,"footnotes":""},"categories":[693,51],"tags":[],"class_list":["post-55616","post","type-post","status-publish","format-standard","has-post-thumbnail","category-693","category-ejecutivo"],"_links":{"self":[{"href":"https:\/\/redsemlac.com\/semmexico\/wp-json\/wp\/v2\/posts\/55616","targetHints":{"allow":["GET"]}}],"collection":[{"href":"https:\/\/redsemlac.com\/semmexico\/wp-json\/wp\/v2\/posts"}],"about":[{"href":"https:\/\/redsemlac.com\/semmexico\/wp-json\/wp\/v2\/types\/post"}],"author":[{"embeddable":true,"href":"https:\/\/redsemlac.com\/semmexico\/wp-json\/wp\/v2\/users\/3"}],"replies":[{"embeddable":true,"href":"https:\/\/redsemlac.com\/semmexico\/wp-json\/wp\/v2\/comments?post=55616"}],"version-history":[{"count":0,"href":"https:\/\/redsemlac.com\/semmexico\/wp-json\/wp\/v2\/posts\/55616\/revisions"}],"wp:featuredmedia":[{"embeddable":true,"href":"https:\/\/redsemlac.com\/semmexico\/wp-json\/wp\/v2\/media\/55623"}],"wp:attachment":[{"href":"https:\/\/redsemlac.com\/semmexico\/wp-json\/wp\/v2\/media?parent=55616"}],"wp:term":[{"taxonomy":"category","embeddable":true,"href":"https:\/\/redsemlac.com\/semmexico\/wp-json\/wp\/v2\/categories?post=55616"},{"taxonomy":"post_tag","embeddable":true,"href":"https:\/\/redsemlac.com\/semmexico\/wp-json\/wp\/v2\/tags?post=55616"}],"curies":[{"name":"wp","href":"https:\/\/api.w.org\/{rel}","templated":true}]}}