{"id":55610,"date":"2022-09-05T13:39:53","date_gmt":"2022-09-05T19:39:53","guid":{"rendered":"https:\/\/redsemlac.com\/semmexico\/?p=55610"},"modified":"2023-07-21T19:13:19","modified_gmt":"2023-07-22T00:13:19","slug":"presidente-municipal-de-pijijiapan-chiapas-gasta-68-mil-pesos-en-mariscos-de-un-fondo-que-el-dif-federal-le-dio-para-apoyar-a-la-ninez-migrante","status":"publish","type":"post","link":"https:\/\/redsemlac.com\/semmexico\/presidente-municipal-de-pijijiapan-chiapas-gasta-68-mil-pesos-en-mariscos-de-un-fondo-que-el-dif-federal-le-dio-para-apoyar-a-la-ninez-migrante\/","title":{"rendered":"Presidente municipal de Pijijiapan Chiapas gasta 68 mil pesos en mariscos de un fondo que el DIF federal le dio para apoyar a la ni\u00f1ez migrante"},"content":{"rendered":"\n<ul class=\"wp-block-list\"><li><strong>Los recursos destinados al albergue de los migrantes, han tenido otro destino.<\/strong><strong><\/strong><\/li><\/ul>\n\n\n\n<p class=\"wp-block-paragraph\"><strong>Gabriela Couti\u00f1o<\/strong><\/p>\n\n\n\n<p class=\"wp-block-paragraph\">SemM\u00e9xico, San Crist\u00f3bal de las Casas, 5 de septiembre del 2022.- Camar\u00f3n, pargo, r\u00f3balo, mojarra, liseta y bagre bajo el concepto de \u201cmariscos\u201d, en la correspondiente factura de fecha 31 de diciembre de 2021, es lo que la presidencia municipal de Pijijiapan a cargo de Carlos Alberto Albores Lima, pag\u00f3 a un proveedor y que forma parte de las comprobaciones del proyecto que el Ayuntamiento firm\u00f3 con el DIF nacional por un monto de 5 millones de pesos.<\/p>\n\n\n\n<p class=\"wp-block-paragraph\">El gasto en \u201cmariscos\u201d fue por casi 68 mil pesos. Corresponde a un proyecto que tiene por finalidad el \u201cFortalecimiento de los ni\u00f1os y ni\u00f1as migrantes en Pijijiapan\u201d.<\/p>\n\n\n\n<figure class=\"wp-block-gallery has-nested-images columns-1 is-cropped wp-block-gallery-1 is-layout-flex wp-block-gallery-is-layout-flex\">\n<figure class=\"wp-block-image size-large\"><a href=\"https:\/\/redsemlac.com\/semmexico\/wp-content\/uploads\/2022\/09\/nota-3.jpg\"><img loading=\"lazy\" decoding=\"async\" width=\"991\" height=\"666\" data-id=\"55613\" src=\"https:\/\/redsemlac.com\/semmexico\/wp-content\/uploads\/2022\/09\/nota-3.jpg\" alt=\"\" class=\"wp-image-55613\"\/><\/a><\/figure>\n\n\n\n<figure class=\"wp-block-image size-large\"><a href=\"https:\/\/redsemlac.com\/semmexico\/wp-content\/uploads\/2022\/09\/nota-4.jpg\"><img loading=\"lazy\" decoding=\"async\" width=\"1112\" height=\"840\" data-id=\"55614\" src=\"https:\/\/redsemlac.com\/semmexico\/wp-content\/uploads\/2022\/09\/nota-4.jpg\" alt=\"\" class=\"wp-image-55614\"\/><\/a><\/figure>\n<\/figure>\n\n\n\n<p class=\"wp-block-paragraph\">Este gasto fue -de acuerdo a la factura- realizado el 31 de diciembre de 2021, casi tres meses despu\u00e9s de que Carlos Albores Lima tomara protesta como presidente municipal de Pijijiapan.<\/p>\n\n\n\n<p class=\"wp-block-paragraph\">Cualquiera que conozca los temas migratorios sabr\u00e1 que los mariscos no son un alimento adecuado para quien acumula kil\u00f3metros de viaje en condiciones precarias. Con toda seguridad le provocar\u00e1 lo que los nutri\u00f3logos conocen como la \u201cdiarrea del viajero\u201d.<\/p>\n\n\n\n<p class=\"wp-block-paragraph\">Por supuesto, tampoco los mariscos son la mejor dieta para un ni\u00f1o o ni\u00f1a migrante.<\/p>\n\n\n\n<p class=\"wp-block-paragraph\">El 15 de septiembre del 2021, Pijijiapan como muchos otros municipios de Chiapas en donde es visible el fen\u00f3meno migratorio, celebr\u00f3 un convenio con el DIF federal y el estatal. El monto global del convenio de Coordinaci\u00f3n entre DIF federal y el estatal fue de 78.1 millones de pesos.<\/p>\n\n\n\n<p class=\"wp-block-paragraph\">Por ejemplo, a Tuxtla Guti\u00e9rrez se le dispersaron 7.8 millones de pesos, a Berrioz\u00e1bal le correspondieron 18.2 millones, a Palenque 12.4 millones, a Huixtla 13.3 millones tambi\u00e9n de pesos y la Trinitaria, 25.2 millones; entre otros municipios.<\/p>\n\n\n<div class=\"wp-block-image\">\n<figure class=\"alignleft size-medium is-resized\"><a href=\"https:\/\/redsemlac.com\/semmexico\/wp-content\/uploads\/2022\/09\/nota-2.jpg\"><img loading=\"lazy\" decoding=\"async\" src=\"https:\/\/redsemlac.com\/semmexico\/wp-content\/uploads\/2022\/09\/nota-2-208x300.jpg\" alt=\"\" class=\"wp-image-55612\" width=\"320\" height=\"462\"\/><\/a><\/figure>\n<\/div>\n\n\n<p class=\"wp-block-paragraph\">En el caso de Pijijiapan el documento fue firmado por la anterior administraci\u00f3n que obviamente; de acuerdo a los tiempos, ejerci\u00f3 poco de ese recurso. El recurso para Pijijiapan era de 5.2 millones de pesos.<\/p>\n\n\n\n<p class=\"wp-block-paragraph\">El convenio firmado dictaba que el \u201cproyecto que se realice con este recurso, no podr\u00e1 ser cedido, concesionado, modificado, ni enajenado para su operaci\u00f3n y deber\u00e1 aplicarse \u00fanicamente en los Centros de Asistencia Social, Establecimientos Asistenciales\u201d.<\/p>\n\n\n\n<p class=\"wp-block-paragraph\">Incluso, el ayuntamiento pijijiapaneco se obligaba a que los recursos \u201cdeber\u00e1n destinarse, \u00fanica y exclusivamente para los fines del proyecto autorizado. Asimismo, se deber\u00e1 permitir que se lleven a cabo todas las acciones tendientes a la verificaci\u00f3n y comprobaci\u00f3n de la correcta aplicaci\u00f3n de los recursos presupuestarios asignados\u201d.<\/p>\n\n\n\n<p class=\"wp-block-paragraph\">Incluso dentro del convenio, que ten\u00eda una duraci\u00f3n del 15 de septiembre al 3 de diciembre, de ese a\u00f1o; se pag\u00f3 n\u00f3mina; rubro no contemplado en el proyecto.<\/p>\n\n\n\n<p class=\"wp-block-paragraph\">La ciudadan\u00eda pijijiapaneca ten\u00eda como parte de la rumorolog\u00eda local, la casi certeza de que durante esta administraci\u00f3n los recursos destinados al albergue de los migrantes, han tenido otro destino. El rumor fue ya confirmado con la factura de compras de mariscos.<\/p>\n\n\n\n<p class=\"wp-block-paragraph\">Adem\u00e1s, el Ayuntamiento realiza campa\u00f1as de donaci\u00f3n para los migrantes. Quienes pueden, realizan su donativo de manera desinteresada; sin embargo, ahora ya no hay certeza del destino final de las donaciones.<\/p>\n\n\n\n<p class=\"wp-block-paragraph\">SEM\/MG<\/p>\n","protected":false},"excerpt":{"rendered":"<p>Los recursos destinados al albergue de los migrantes, han tenido otro destino.<\/p>\n","protected":false},"author":3,"featured_media":55611,"comment_status":"open","ping_status":"open","sticky":false,"template":"","format":"standard","meta":{"_monsterinsights_skip_tracking":false,"footnotes":""},"categories":[693,51],"tags":[],"class_list":["post-55610","post","type-post","status-publish","format-standard","has-post-thumbnail","category-693","category-ejecutivo"],"_links":{"self":[{"href":"https:\/\/redsemlac.com\/semmexico\/wp-json\/wp\/v2\/posts\/55610","targetHints":{"allow":["GET"]}}],"collection":[{"href":"https:\/\/redsemlac.com\/semmexico\/wp-json\/wp\/v2\/posts"}],"about":[{"href":"https:\/\/redsemlac.com\/semmexico\/wp-json\/wp\/v2\/types\/post"}],"author":[{"embeddable":true,"href":"https:\/\/redsemlac.com\/semmexico\/wp-json\/wp\/v2\/users\/3"}],"replies":[{"embeddable":true,"href":"https:\/\/redsemlac.com\/semmexico\/wp-json\/wp\/v2\/comments?post=55610"}],"version-history":[{"count":0,"href":"https:\/\/redsemlac.com\/semmexico\/wp-json\/wp\/v2\/posts\/55610\/revisions"}],"wp:featuredmedia":[{"embeddable":true,"href":"https:\/\/redsemlac.com\/semmexico\/wp-json\/wp\/v2\/media\/55611"}],"wp:attachment":[{"href":"https:\/\/redsemlac.com\/semmexico\/wp-json\/wp\/v2\/media?parent=55610"}],"wp:term":[{"taxonomy":"category","embeddable":true,"href":"https:\/\/redsemlac.com\/semmexico\/wp-json\/wp\/v2\/categories?post=55610"},{"taxonomy":"post_tag","embeddable":true,"href":"https:\/\/redsemlac.com\/semmexico\/wp-json\/wp\/v2\/tags?post=55610"}],"curies":[{"name":"wp","href":"https:\/\/api.w.org\/{rel}","templated":true}]}}