{"id":5561,"date":"2017-09-09T01:59:14","date_gmt":"2017-09-09T01:59:14","guid":{"rendered":"https:\/\/redsemlac.com\/semmexico\/?p=5561"},"modified":"2023-07-21T14:25:16","modified_gmt":"2023-07-21T19:25:16","slug":"aun-6-de-cada-100-mujeres-y-4-de-cada-100-hombres-no-saben-leer-ni-escribir","status":"publish","type":"post","link":"https:\/\/redsemlac.com\/semmexico\/aun-6-de-cada-100-mujeres-y-4-de-cada-100-hombres-no-saben-leer-ni-escribir\/","title":{"rendered":"A\u00fan 6 de cada 100 mujeres y 4 de cada 100 hombres no saben leer ni escribir"},"content":{"rendered":"\n<p class=\"wp-block-paragraph\"><a href=\"https:\/\/www.semmexico.com\/gallery-post.php?id=2881#\">Redacci\u00f3n<\/a><\/p>\n\n\n\n<p class=\"wp-block-paragraph\">SemM\u00e9xico, Cd. de M\u00e9xico, 8 septiembre 2017. El diputado Carlos Guti\u00e9rrez Garc\u00eda, del grupo parlamentario del Nueva Alianza, indic\u00f3 la necesidad de impulsar en M\u00e9xico programas que aumenten la comprensi\u00f3n ling\u00fc\u00edstica y cognitiva, adem\u00e1s de reducir el analfabetismo, porque a\u00fan seis de cada 100 mujeres y cuatro de cada 100 hombres no saben leer ni escribir.<br><br>En el marco de la conmemoraci\u00f3n del D\u00eda Internacional de la Alfabetizaci\u00f3n, este 8 de septiembre, el legislador destac\u00f3 que en el pa\u00eds se redujo el porcentaje de personas analfabetas mayores de 15 a\u00f1os, al pasar de 25.8 a 5.5 por ciento de 1970 a 2015, pero falta mucho por hacer.<br><br>En un comunicado, indic\u00f3 que a pesar de que M\u00e9xico cuenta con programas para combatir el analfabetismo, como los del Instituto Nacional para la Educaci\u00f3n de los Adultos (INEA) o el programa \u201cJ\u00f3venes por un M\u00e9xico Alfabetizado\u201d, que impulsa el Instituto Mexicano de la Juventud (Imjuve), es necesario que m\u00e1s instituciones se sumen a combatir esta problem\u00e1tica social.<br><br>\u201cLa alfabetizaci\u00f3n es tambi\u00e9n una fuerza motriz del desarrollo sostenible, ya que incentiva la participaci\u00f3n de mexicanos en el mercado laboral, mejora la salud, la alimentaci\u00f3n, reduce la pobreza y ampl\u00eda las oportunidades de desarrollo a lo largo de la vida\u201d, sostuvo el diputado.<br><br>A nivel mundial, dijo, el analfabetismo aqueja a 750 millones de j\u00f3venes y personas adultas quienes carecen de conocimientos de lectura y escritura, as\u00ed como a 250 millones de ni\u00f1as, ni\u00f1os que no consiguen adquirir las capacidades b\u00e1sicas de lectoescritura.<br><br>Finalmente, afirm\u00f3 que \u201cel analfabetismo es un problema mundial y su erradicaci\u00f3n debe ser abordada desde los tres niveles de gobierno\u201d.<br><br>SEM\/am\/lr<br><br><\/p>\n","protected":false},"excerpt":{"rendered":"<p>Redacci\u00f3n SemM\u00e9xico, Cd. de M\u00e9xico, 8 septiembre 2017. El diputado Carlos Guti\u00e9rrez Garc\u00eda, del grupo parlamentario del Nueva Alianza, indic\u00f3 la necesidad de impulsar en M\u00e9xico programas que aumenten la comprensi\u00f3n ling\u00fc\u00edstica y cognitiva, adem\u00e1s de reducir el analfabetismo, porque a\u00fan seis de cada 100 mujeres y cuatro de cada 100 hombres no saben leer [&hellip;]<\/p>\n","protected":false},"author":3,"featured_media":5562,"comment_status":"open","ping_status":"open","sticky":false,"template":"","format":"standard","meta":{"_monsterinsights_skip_tracking":false,"footnotes":""},"categories":[687,50],"tags":[],"class_list":["post-5561","post","type-post","status-publish","format-standard","has-post-thumbnail","category-687","category-congreso"],"_links":{"self":[{"href":"https:\/\/redsemlac.com\/semmexico\/wp-json\/wp\/v2\/posts\/5561","targetHints":{"allow":["GET"]}}],"collection":[{"href":"https:\/\/redsemlac.com\/semmexico\/wp-json\/wp\/v2\/posts"}],"about":[{"href":"https:\/\/redsemlac.com\/semmexico\/wp-json\/wp\/v2\/types\/post"}],"author":[{"embeddable":true,"href":"https:\/\/redsemlac.com\/semmexico\/wp-json\/wp\/v2\/users\/3"}],"replies":[{"embeddable":true,"href":"https:\/\/redsemlac.com\/semmexico\/wp-json\/wp\/v2\/comments?post=5561"}],"version-history":[{"count":0,"href":"https:\/\/redsemlac.com\/semmexico\/wp-json\/wp\/v2\/posts\/5561\/revisions"}],"wp:featuredmedia":[{"embeddable":true,"href":"https:\/\/redsemlac.com\/semmexico\/wp-json\/wp\/v2\/media\/5562"}],"wp:attachment":[{"href":"https:\/\/redsemlac.com\/semmexico\/wp-json\/wp\/v2\/media?parent=5561"}],"wp:term":[{"taxonomy":"category","embeddable":true,"href":"https:\/\/redsemlac.com\/semmexico\/wp-json\/wp\/v2\/categories?post=5561"},{"taxonomy":"post_tag","embeddable":true,"href":"https:\/\/redsemlac.com\/semmexico\/wp-json\/wp\/v2\/tags?post=5561"}],"curies":[{"name":"wp","href":"https:\/\/api.w.org\/{rel}","templated":true}]}}