{"id":55607,"date":"2022-09-05T12:11:21","date_gmt":"2022-09-05T18:11:21","guid":{"rendered":"https:\/\/redsemlac.com\/semmexico\/?p=55607"},"modified":"2023-07-21T19:13:19","modified_gmt":"2023-07-22T00:13:19","slug":"imss-debe-informar-sobre-tamizajes-auditivos-neonatales-fallidos-inai","status":"publish","type":"post","link":"https:\/\/redsemlac.com\/semmexico\/imss-debe-informar-sobre-tamizajes-auditivos-neonatales-fallidos-inai\/","title":{"rendered":"IMSS debe informar sobre tamizajes auditivos neonatales fallidos: INAI"},"content":{"rendered":"\n<ul class=\"wp-block-list\"><li><strong>Resulta de gran importancia que la sociedad cuente con la informaci\u00f3n necesaria para evaluar la efectividad de las acciones desplegadas por las instituciones de salud: Blanca Lilia Ibarra Cadena.<\/strong><\/li><li><strong>La OMS se\u00f1ala que actualmente, en el mundo, mil 500 millones de personas viven con alg\u00fan grado de p\u00e9rdida de audici\u00f3n, refiri\u00f3 la Comisionada Presidenta del INAI.<\/strong><\/li><\/ul>\n\n\n\n<p class=\"wp-block-paragraph\"><strong>Redacci\u00f3n<\/strong><\/p>\n\n\n\n<p class=\"wp-block-paragraph\">SemM\u00e9xico, Ciudad de M\u00e9xico, 5 de septiembre del 2022.- A una persona le fue negada informaci\u00f3n acerca de la aplicaci\u00f3n de tamizajes auditivos neonatales, solicitada al Instituto Mexicano del Seguro Social (IMSS) a lo que respondieron que no realizaban. Por lo que se present\u00f3 un recurso de revisi\u00f3n ante el Instituto Nacional de Transparencia, Acceso a la Informaci\u00f3n y Protecci\u00f3n de Datos Personales (INAI)<\/p>\n\n\n\n<p class=\"wp-block-paragraph\">Al presentar el caso ante el Pleno, la Comisionada Presidenta del INAI, Blanca Lilia Ibarra Cadena, expuso que el tamiz auditivo neonatal es una prueba que permite detectar la disminuci\u00f3n de la audici\u00f3n o sordera en los reci\u00e9n nacidos; sin embargo, no se aplica de manera general, pues la Ley General de Salud se\u00f1ala que solo debe realizarse a las y los beb\u00e9s prematuros.<\/p>\n\n\n\n<p class=\"wp-block-paragraph\">Tambi\u00e9n refiri\u00f3 que, entre las principales causas de la p\u00e9rdida de la audici\u00f3n identificadas por la Organizaci\u00f3n Mundial de la Salud (OMS), se encuentran cuestiones gen\u00e9ticas, complicaciones en el parto, ciertas enfermedades infecciosas, entre otras, pero el organismo internacional acota que, en ni\u00f1as y ni\u00f1os, casi el 60 por ciento se debe a causas como otitis y complicaciones cong\u00e9nitas que pueden prevenirse con medidas de salud p\u00fablica.<\/p>\n\n\n\n<p class=\"wp-block-paragraph\">Actualmente, seg\u00fan datos de la OMS, \u201cen el mundo, mil 500 millones de personas viven con alg\u00fan grado de p\u00e9rdida de audici\u00f3n, pero proyecta que para el a\u00f1o 2050 esa cifra aumentar\u00e1 a casi dos mil 500 millones de personas\u201d.&nbsp;<\/p>\n\n\n\n<p class=\"wp-block-paragraph\">\u201cEn ese contexto, resulta de gran importancia que la sociedad mexicana cuente con toda la informaci\u00f3n necesaria para poder evaluar la efectividad de las acciones desplegadas por las instituciones de salud del Estado Mexicano\u201d, apunt\u00f3.<\/p>\n\n\n\n<p class=\"wp-block-paragraph\">Al analizar el caso, la ponencia de la Comisionada Presidenta del INAI, Blanca Lilia Ibarra Cadena, determin\u00f3 que el IMSS no llev\u00f3 a cabo una b\u00fasqueda en todas sus unidades administrativas competentes, entre las cuales se encuentra la Divisi\u00f3n de Atenci\u00f3n Prenatal, Planificaci\u00f3n Familiar y Control del Ni\u00f1o.<\/p>\n\n\n\n<p class=\"wp-block-paragraph\">De acuerdo con el Manual de Organizaci\u00f3n de la Direcci\u00f3n de Prestaciones M\u00e9dicas, a esa \u00e1rea le corresponde, entre otras funciones, analizar a nivel nacional la informaci\u00f3n respecto de los casos de los ni\u00f1os tamizados, con la finalidad de que se les proporcione atenci\u00f3n m\u00e9dica y tratamientos oportunos.<\/p>\n\n\n\n<p class=\"wp-block-paragraph\">Adem\u00e1s, seg\u00fan lo manifestado por la Direcci\u00f3n de Prestaciones M\u00e9dicas, v\u00eda alegatos, en algunas unidades m\u00e9dicas de tercer nivel de atenci\u00f3n se ha instrumentado el tamizaje auditivo como parte de los protocolos de estudio e investigaci\u00f3n o como acci\u00f3n de mejora en sus procesos de atenci\u00f3n, precisando las cantidades por a\u00f1o, de 2019 a 2021.<\/p>\n\n\n\n<p class=\"wp-block-paragraph\">Por tanto, se concluy\u00f3 que el IMSS s\u00ed cuenta con informaci\u00f3n relacionada con la cantidad de los tamizajes auditivos neonatales aplicados que fallaron en la detecci\u00f3n de alg\u00fan grado de discapacidad auditiva. Con base en estos argumentos, el Pleno del INAI resolvi\u00f3 modificar la respuesta del IMSS, a fin de que realice una b\u00fasqueda exhaustiva y razonable de la informaci\u00f3n requerida y la proporcione a la persona solicitante.<\/p>\n\n\n\n<p class=\"wp-block-paragraph\">SEM\/MG<\/p>\n\n\n\n<p class=\"wp-block-paragraph\"><\/p>\n","protected":false},"excerpt":{"rendered":"<p>Resulta de gran importancia que la sociedad cuente con la informaci\u00f3n necesaria para evaluar la efectividad de las acciones desplegadas por las instituciones de salud: Blanca Lilia Ibarra Cadena.<\/p>\n","protected":false},"author":3,"featured_media":55608,"comment_status":"open","ping_status":"open","sticky":false,"template":"","format":"standard","meta":{"_monsterinsights_skip_tracking":false,"footnotes":""},"categories":[693,51],"tags":[],"class_list":["post-55607","post","type-post","status-publish","format-standard","has-post-thumbnail","category-693","category-ejecutivo"],"_links":{"self":[{"href":"https:\/\/redsemlac.com\/semmexico\/wp-json\/wp\/v2\/posts\/55607","targetHints":{"allow":["GET"]}}],"collection":[{"href":"https:\/\/redsemlac.com\/semmexico\/wp-json\/wp\/v2\/posts"}],"about":[{"href":"https:\/\/redsemlac.com\/semmexico\/wp-json\/wp\/v2\/types\/post"}],"author":[{"embeddable":true,"href":"https:\/\/redsemlac.com\/semmexico\/wp-json\/wp\/v2\/users\/3"}],"replies":[{"embeddable":true,"href":"https:\/\/redsemlac.com\/semmexico\/wp-json\/wp\/v2\/comments?post=55607"}],"version-history":[{"count":0,"href":"https:\/\/redsemlac.com\/semmexico\/wp-json\/wp\/v2\/posts\/55607\/revisions"}],"wp:featuredmedia":[{"embeddable":true,"href":"https:\/\/redsemlac.com\/semmexico\/wp-json\/wp\/v2\/media\/55608"}],"wp:attachment":[{"href":"https:\/\/redsemlac.com\/semmexico\/wp-json\/wp\/v2\/media?parent=55607"}],"wp:term":[{"taxonomy":"category","embeddable":true,"href":"https:\/\/redsemlac.com\/semmexico\/wp-json\/wp\/v2\/categories?post=55607"},{"taxonomy":"post_tag","embeddable":true,"href":"https:\/\/redsemlac.com\/semmexico\/wp-json\/wp\/v2\/tags?post=55607"}],"curies":[{"name":"wp","href":"https:\/\/api.w.org\/{rel}","templated":true}]}}