{"id":55556,"date":"2022-09-05T08:30:01","date_gmt":"2022-09-05T14:30:01","guid":{"rendered":"https:\/\/redsemlac.com\/semmexico\/?p=55556"},"modified":"2023-07-21T19:13:20","modified_gmt":"2023-07-22T00:13:20","slug":"alfa-omega-ni-claudia-ni-colosio-para-la-presidencia-mexicanas-y-mexicanos-deben-analizar","status":"publish","type":"post","link":"https:\/\/redsemlac.com\/semmexico\/alfa-omega-ni-claudia-ni-colosio-para-la-presidencia-mexicanas-y-mexicanos-deben-analizar\/","title":{"rendered":"Alfa Omega| Ni Claudia Ni Colosio Para la Presidencia, mexicanas y mexicanos deben analizar"},"content":{"rendered":"\n<p class=\"has-medium-font-size wp-block-paragraph\"><strong>El Pa\u00eds Est\u00e1 Urgido de Un Conciliador y;<\/strong><\/p>\n\n\n\n<p class=\"has-medium-font-size wp-block-paragraph\"><strong>La Problem\u00e1tica Nacional En Crisis<\/strong><\/p>\n\n\n\n<p class=\"wp-block-paragraph\"><strong>Jorge Herrera Valenzuela<\/strong><\/p>\n\n\n\n<p class=\"wp-block-paragraph\">SemM\u00e9xico, Ciudad de M\u00e9xico, 5 de septiembre del 2022.- En los \u00faltimos 28 a\u00f1os la Rep\u00fablica Mexicana ha soportado a cinco presidentes sin la experiencia ni la vocaci\u00f3n para servir a los millones de habitantes. Los electores, mujeres y hombres, depositaron su voto sin meditarlo, no analizaron la trayectoria de los candidatos. De 1994 a la fecha, solo el actual trabaj\u00f3 desmedidamente para ocupar el despacho de Palacio Nacional.<\/p>\n\n\n\n<p class=\"wp-block-paragraph\">Desde hace dos a\u00f1os el tabasque\u00f1o que vive y despacha en Palacio Nacional, decidi\u00f3 abrir, extempor\u00e1neamente, la sucesi\u00f3n presidencial de 2024. El primer nombre que mencion\u00f3, como posible sucesora, fue el de <strong>Claudia Sheinbaum Pardo, <\/strong>jefa de Gobierno de la Ciudad de M\u00e9xico, inclusive en un acto en la Alcald\u00eda Gustavo A. Madero le alz\u00f3 el brazo izquierdo, en se\u00f1al de triunfo.<\/p>\n\n\n\n<p class=\"wp-block-paragraph\">D\u00edas despu\u00e9s \u201cel destapador\u201d llam\u00f3 a tres de sus colaboradores \u201ccorcholatas\u201d, a\u00f1adiendo a los secretarios de Gobernaci\u00f3n y de Relaciones Exteriores, viables a la candidatura de Morena.<\/p>\n\n\n\n<p class=\"wp-block-paragraph\">Al paso de las semanas y siguiendo la l\u00ednea presidencial, de que hablen, comenten, critiquen, publiquen pros y contras, los medios informativos est\u00e1n realizando encuestas y van calificando la supuesta popularidad de las y los precandidatos. Los de Morena, partido fundado y permanentemente dirigido por el de Macuspana, andan en plena precampa\u00f1a.<\/p>\n\n\n\n<p class=\"wp-block-paragraph\">El PAN ya est\u00e1 en movimiento con los gobernadores de Yucat\u00e1n y de Quer\u00e9taro. El PRI no oficializa nada, pero ya est\u00e1 autoapuntada la tlaxcalteca&nbsp; <strong>Beatriz Elena Paredes Rangel.<\/strong> Movimiento Ciudadano, del senador Dante Delgado, quiere convencer a <strong>Luis Donaldo Colosio Riojas <\/strong>para postularlo<strong>.<\/strong><\/p>\n\n\n\n<p class=\"wp-block-paragraph\">En las \u00faltimas semanas un grupo, a nivel nacional, est\u00e1 trabajando a favor del senador zacatecano <strong>Ricardo Monreal \u00c1vila<\/strong>, quien desde hace m\u00e1s de un a\u00f1o declar\u00f3, en el noticiero de Radio F\u00f3rmula, de Joaqu\u00edn L\u00f3pez D\u00f3riga, que estar\u00e1 su nombre en la boleta electoral. Con firmeza dijo que estar\u00eda por Morena. Reitera esa intenci\u00f3n, pero debe saber que su relaci\u00f3n con el tabasque\u00f1o es igual a la que dicho sure\u00f1o tuvo con Cuauht\u00e9moc C\u00e1rdenas Sol\u00f3rzano y Porfirio Mu\u00f1oz Ledo, sus hacedores pol\u00edticamente. Los traicion\u00f3.&nbsp;&nbsp;<\/p>\n\n\n\n<p class=\"wp-block-paragraph\">El panorama es incierto como lo es, hasta este primer s\u00e1bado de septiembre, el futuro del Pa\u00eds. Recuerden que el \u00faltimo presidente PRIista del siglo pasado, entr\u00f3 de relevo por el asesinato de Colosio Murrieta. Jam\u00e1s pens\u00f3 el economista egresado del IPN que llegar\u00eda a ese cargo. <strong>La<\/strong> <strong>Alternancia en el Poder, de 2000 a 2012, <\/strong>result\u00f3 un verdadero fiasco. Los PANistas demostraron no estar preparados para gobernar.<\/p>\n\n\n\n<p class=\"wp-block-paragraph\">Regres\u00f3 el PRI con un pol\u00edtico pueblerino, sin antecedente alguno en el \u00e1mbito federal ni legislativo. Rein\u00f3 la corrupci\u00f3n y tres del gabinete est\u00e1n bajo proceso penal, con o sin fundamento jur\u00eddico.<\/p>\n\n\n\n<p class=\"wp-block-paragraph\">Tras ese fracaso, arrib\u00f3 al poder un hombre que hizo 18 a\u00f1os de campa\u00f1a, pero no le sirvi\u00f3 para nada. No formul\u00f3 un programa nacional con soluciones a los problemas, por el contrario tiene divididos a las mexicanas y a los mexicanos. Su gabinete es de gente cien por ciento impreparada y \u00e9l mantiene su principio de \u201c<strong>nada que la Ley es la Ley<\/strong>\u201d. Ha hecho historia: ning\u00fan presidente hab\u00eda violado la Constituci\u00f3n Pol\u00edtica, todos los d\u00edas.<\/p>\n\n\n\n<p class=\"wp-block-paragraph\">Por lo comentado en p\u00e1rrafos anteriores, lleg\u00f3 el momento en que el electorado debe analizar, a detalle, a quien elige para Presidente de los Estados Unidos Mexicanos.<\/p>\n\n\n\n<h2 class=\"wp-block-heading\"><strong>Conciliar y reconstruir<\/strong><\/h2>\n\n\n\n<p class=\"wp-block-paragraph\">Quien logre ganar en las urnas la Presidencia de M\u00e9xico para el per\u00edodo 2024-2030 tiene la tarea m\u00e1s dif\u00edcil, complicada y tit\u00e1nica. Es m\u00e1s f\u00e1cil partir de cero que tener que empezar por reconstruir los da\u00f1os causados. Sale m\u00e1s barato comprar coche nuevo, despu\u00e9s un accidente, que mandarlo reparar.<\/p>\n\n\n\n<p class=\"wp-block-paragraph\">Hay que conciliar entre los grupos pol\u00edticos. Convocar a los ciudadanos y ciudadanas para trabajar unidos, como cuando ocurri\u00f3 el sismo de 1985. No habr\u00e1 progreso si no hay unidad.<\/p>\n\n\n\n<p class=\"wp-block-paragraph\">\u00bfPor qu\u00e9 titul\u00e9 el comentario en esos t\u00e9rminos tan dr\u00e1sticos?<\/p>\n\n\n\n<p class=\"wp-block-paragraph\">No porque me oponga a que una mujer gobierne a m\u00e1s de 130 millones de seres humanos. Eso es necesario y se coronar\u00eda la lucha centenaria de las mujeres. Tampoco niego se d\u00e9 oportunidad a que un joven ponga sobre su pecho la banda tricolor. L\u00e1zaro C\u00e1rdenas del R\u00edo rindi\u00f3 protesta a los 39 a\u00f1os de edad. Se enfrent\u00f3 al caudillismo y derrot\u00f3 al maximato sonorense que domin\u00f3 pol\u00edticamente durante 15 a\u00f1os.<\/p>\n\n\n\n<p class=\"wp-block-paragraph\">La doctora en Ciencias <strong>Claudia Sheinbaum Pardo, <\/strong>es una activista desde su juventud universitaria. Su preparaci\u00f3n acad\u00e9mica no est\u00e1 en duda. Su trayectoria pol\u00edtica-administrativa es en torno a la problem\u00e1tica de una Delegaci\u00f3n Pol\u00edtica, hoy Alcald\u00eda, y de la Ciudad de M\u00e9xico, la Capital Mexicana, el antiguo Distrito Federal. En las elecciones del 2021 perdi\u00f3 9 de las 16 Alcald\u00edas. El \u00fanico funcionario \u201cque funciona\u201d es <strong>Omar Garc\u00eda Harfuch. <\/strong>Tiene una \u201ccu\u00f1ota\u201d que se llama <strong>Mart\u00ed Batres Guadarrama<\/strong>.<\/p>\n\n\n\n<p class=\"wp-block-paragraph\">Fue electa para gobernar \u201cLa Joya de la Corona\u201d. Desplaz\u00f3 al PRD que estaba desde 1997. Su candidatura no la decidi\u00f3 el partido que la postul\u00f3. En Palacio Nacional se determin\u00f3 que ella y no el zacatecano Monreal \u00c1vila fuera la abanderada del joven partido pol\u00edtico que naci\u00f3 como Movimiento de Regeneraci\u00f3n Nacional. <strong>&nbsp;<\/strong><\/p>\n\n\n\n<p class=\"wp-block-paragraph\">Ha demostrado la doctora Sheinbaum Pardo que no tiene esp\u00edritu conciliatorio. Sus relaciones y trato con las Alcaldesas y los Alcaldes de otros partidos, son r\u00edspidas y el ejemplo est\u00e1 en la Cuauht\u00e9moc. Claudia no ha desempe\u00f1ado cargos que le permitan conocer lo que sucede en Durango, en Chiapas, en Colima. No ha formado parte de un gabinete presidencial ni se anota en su curriculum una diputaci\u00f3n federal o una senadur\u00eda.<\/p>\n\n\n\n<p class=\"wp-block-paragraph\">Ah, pero tiene el total respaldo del que pasar\u00e1 a la historia como <strong>el m\u00e1s poderoso Presidente de M\u00e9xico<\/strong>.<\/p>\n\n\n\n<h2 class=\"wp-block-heading\"><strong>Luis Donaldo empieza<\/strong><\/h2>\n\n\n\n<p class=\"wp-block-paragraph\">El que haya surgido la idea de encumbrar a un joven deseoso de servir a sus coterr\u00e1neos, es v\u00e1lida siempre y cuando la experiencia en el batallar nacional forme parte de su carta de presentaci\u00f3n. No lo conozco en persona, las referencias son excelentes. Le escuch\u00e9 un discurso cuando visit\u00f3 el sitio donde fue asesinado su se\u00f1or padre, en Lomas Taurinas, en Tijuana, Baja California. Impactante cada una de las frases que pronunci\u00f3 el joven que tambi\u00e9n perdi\u00f3 a su madre, <strong>Diana Laura Riojas Reyes<\/strong>.<\/p>\n\n\n\n<p class=\"wp-block-paragraph\">Cierto que el nombre de su padre es respetado y significativo. Sin embargo Colosio Riojas deber\u00e1 labrar su propio destino pol\u00edtico y lo inici\u00f3 con el pie derecho como diputado local en Nuevo Le\u00f3n. Actualmente es el Presidente Municipal de Monterrey.&nbsp; Desde hace meses lo empezaron a integrar a las listas de posibles candidatos presidenciales. Movimiento Ciudadano pretende hacerlo su \u201cgallo\u201d para el 2024. Corto es, por ahora, su recorrido. Hay tiempo para cruzar nuevas metas y percatarse de c\u00f3mo se&nbsp; juega en la pol\u00edtica nacional.<\/p>\n\n\n\n<p class=\"wp-block-paragraph\">Naci\u00f3 en Magdalena de Kino, Sonora, como su se\u00f1or padre. Hace cuatro a\u00f1os fue electo diputado del&nbsp; Congreso de Nuevo Le\u00f3n y de ah\u00ed a dirigir los destinos de su tierra adoptiva. El grave problema que confronta es el de la escasez de agua potable. Asunto que ya tuvo trato a nivel federal. Luis Donaldo cumpli\u00f3 37 a\u00f1os el pasado 31 de julio, el d\u00eda de los Ignacios.<\/p>\n\n\n\n<p class=\"wp-block-paragraph\">Dos abogados, un veracruzano y un tamaulipeco, ten\u00edan 37 a\u00f1os de edad al asumir la Presidencia de la Rep\u00fablica.<\/p>\n\n\n\n<p class=\"wp-block-paragraph\">Francisco Lagos Ch\u00e1zaro fue nombrado por villistas y zapatistas de la Convenci\u00f3n Revolucionaria de Aguascalientes, en 1915. En ese a\u00f1o tambi\u00e9n ostentaba el cargo, el coahuilense Venustiano Carranza, tras desconocer al usurpador Victoriano Huerta.<\/p>\n\n\n\n<p class=\"wp-block-paragraph\">Emilio Portes Gil fue nombrado presidente interino, tras el asesinato del presidente electo \u00c1lvaro Obreg\u00f3n. El tamaulipeco era Secretario de Gobernaci\u00f3n y lo impuso Plutarco El\u00edas Calles. En 1930 fue electo el general Pascual Ortiz Rubio, dos a\u00f1os despu\u00e9s renunci\u00f3 y termin\u00f3 el general Abelardo L. Rodr\u00edguez, en 1934.<\/p>\n\n\n\n<h2 class=\"wp-block-heading\"><strong>Sufrimos crisis<\/strong><\/h2>\n\n\n\n<p class=\"wp-block-paragraph\">El tabasque\u00f1o con su programa televisivo \u201cLa Ma\u00f1anera\u201d, de lunes a viernes desde Palacio Nacional y otros d\u00edas en los lugares donde sigue en su campa\u00f1a, ha conquistado amplia popularidad, seg\u00fan la \u00faltima encuesta del diario Reforma. Lo he comentado en este mismo espacio del diario digital que no cabe duda la audacia y su&nbsp; mente, mantienen al de Tabasco para bien o para mal, en boca de todas y odos los mexicanos e inclusive de los periodistas del extranjero.<\/p>\n\n\n\n<p class=\"wp-block-paragraph\">El ingeniero Carlos Armando Enrique Armenta despu\u00e9s de saludarme, afirm\u00f3 que nuestra econom\u00eda est\u00e1 bien. Le contest\u00e9 que no era cierto e inmediatamente expres\u00f3 \u201cNom\u00e1s vea la inflaci\u00f3n en Estados Unidos\u201d. As\u00ed como \u00e9l, hay millones de compatriotas que consideran que M\u00e9xico est\u00e1 mejor que nunca.<\/p>\n\n\n\n<p class=\"wp-block-paragraph\">La realidad es que tambi\u00e9n hay millones de mexicanas y mexicanos que ven un Pa\u00eds totalmente dividido, con una inseguridad incontenible, la violencia no cesa y las masacres ti\u00f1en la tierra con sangre humana. Hay carencia de medicamentos, especialmente para la ni\u00f1ez atacada por el c\u00e1ncer.<\/p>\n\n\n\n<p class=\"wp-block-paragraph\">La corrupci\u00f3n no disminuye. Sus medidas para militarizar va viento en popa. Los marinos ahora son obligados a desalojar a los trabajadores y jubilados de Mexicana de Aviaci\u00f3n, de los pasillos del Aeropuerto de la Ciudad de M\u00e9xico, donde estaban acampados desde hace mucho tiempo en espera de una soluci\u00f3n a su problema.<\/p>\n\n\n\n<p class=\"wp-block-paragraph\">Cierro con la sorprendente declaraci\u00f3n que el viernes \u00faltimo hizo el Presidente de la Rep\u00fablica. Es algo in\u00e9dito, como mucho de lo suyo. Expres\u00f3 p\u00fablicamente que se equivoc\u00f3 al nombrar a tres mujeres y un hombre, juristas, como Ministros de la Suprema Corte de Justicia de la Naci\u00f3n. M\u00e1s claro ni el agua. Se les nombr\u00f3 para que apoyar\u00e1n la pol\u00edtica de la 4T no el respeto a Las leyes.<\/p>\n\n\n\n<p class=\"wp-block-paragraph\"><strong>jherrerav@live.com.mx<\/strong><\/p>\n","protected":false},"excerpt":{"rendered":"<p>En los \u00faltimos 28 a\u00f1os la Rep\u00fablica Mexicana ha soportado a cinco presidentes sin la experiencia ni la vocaci\u00f3n para servir a los millones de habitantes. <\/p>\n","protected":false},"author":3,"featured_media":7843,"comment_status":"open","ping_status":"open","sticky":false,"template":"","format":"standard","meta":{"_monsterinsights_skip_tracking":false,"footnotes":""},"categories":[693,94,35],"tags":[],"class_list":["post-55556","post","type-post","status-publish","format-standard","has-post-thumbnail","category-693","category-jorge-herrera-valenzuela","category-opinion"],"_links":{"self":[{"href":"https:\/\/redsemlac.com\/semmexico\/wp-json\/wp\/v2\/posts\/55556","targetHints":{"allow":["GET"]}}],"collection":[{"href":"https:\/\/redsemlac.com\/semmexico\/wp-json\/wp\/v2\/posts"}],"about":[{"href":"https:\/\/redsemlac.com\/semmexico\/wp-json\/wp\/v2\/types\/post"}],"author":[{"embeddable":true,"href":"https:\/\/redsemlac.com\/semmexico\/wp-json\/wp\/v2\/users\/3"}],"replies":[{"embeddable":true,"href":"https:\/\/redsemlac.com\/semmexico\/wp-json\/wp\/v2\/comments?post=55556"}],"version-history":[{"count":0,"href":"https:\/\/redsemlac.com\/semmexico\/wp-json\/wp\/v2\/posts\/55556\/revisions"}],"wp:featuredmedia":[{"embeddable":true,"href":"https:\/\/redsemlac.com\/semmexico\/wp-json\/wp\/v2\/media\/7843"}],"wp:attachment":[{"href":"https:\/\/redsemlac.com\/semmexico\/wp-json\/wp\/v2\/media?parent=55556"}],"wp:term":[{"taxonomy":"category","embeddable":true,"href":"https:\/\/redsemlac.com\/semmexico\/wp-json\/wp\/v2\/categories?post=55556"},{"taxonomy":"post_tag","embeddable":true,"href":"https:\/\/redsemlac.com\/semmexico\/wp-json\/wp\/v2\/tags?post=55556"}],"curies":[{"name":"wp","href":"https:\/\/api.w.org\/{rel}","templated":true}]}}