{"id":55549,"date":"2022-09-05T08:11:22","date_gmt":"2022-09-05T14:11:22","guid":{"rendered":"https:\/\/redsemlac.com\/semmexico\/?p=55549"},"modified":"2023-07-21T19:13:20","modified_gmt":"2023-07-22T00:13:20","slug":"cuba-embarazo-adolescente-demanda-abordajes-multiples-desde-la-prensa","status":"publish","type":"post","link":"https:\/\/redsemlac.com\/semmexico\/cuba-embarazo-adolescente-demanda-abordajes-multiples-desde-la-prensa\/","title":{"rendered":"Cuba: Embarazo adolescente demanda abordajes m\u00faltiples desde la prensa"},"content":{"rendered":"\n<p class=\"wp-block-paragraph\"><strong>Redacci\u00f3n<\/strong><\/p>\n\n\n\n<p class=\"wp-block-paragraph\">SemM\u00e9xico\/SEMlac, Las Tunas, Cuba, 5 de septiembre del 2022.- La presencia de discursos homog\u00e9neos sobre los fen\u00f3menos demogr\u00e1ficos, que no particularizan en las diferencias por regi\u00f3n, g\u00e9nero, zona de residencia o edad, entre otras, estuvo entre las debilidades identificadas por periodistas durante un curso de posgrado celebrado la pasada semana en Las Tunas, a poco m\u00e1s de 600 kil\u00f3metros al este de la capital.<\/p>\n\n\n\n<p class=\"wp-block-paragraph\">\u00cdntimamente relacionada, la persistencia de discursos heteronormativos en medios de prensa, derivada de una insuficiente capacitaci\u00f3n en g\u00e9nero de periodistas y directivos, ha puesto obst\u00e1culos al tratamiento de asuntos como la baja fecundidad o el embarazo adolescente, coincidieron colegas participantes del I Curso de Posgrado Regional de Periodismo, G\u00e9nero y Din\u00e1micas Demogr\u00e1ficas: \u00abEmbarazo adolescente y sus intersecciones m\u00faltiples\u00bb.<\/p>\n\n\n\n<p class=\"wp-block-paragraph\">Adem\u00e1s de recibir entrenamientos en el empleo de estad\u00edsticas y actualizaci\u00f3n sobre el comportamiento de las din\u00e1micas demogr\u00e1ficas en Cuba, el grupo de 35 periodistas pudo debatir sobre otros factores asociados al embarazo y la nupcialidad temprana en el pa\u00eds y en sus provincias de origen: Camag\u00fcey, Las Tunas, Holgu\u00edn, Granma, Santiago de Cuba y Guant\u00e1namo.<\/p>\n\n\n\n<p class=\"wp-block-paragraph\">Una deuda que arrastramos de nuestra formaci\u00f3n como periodistas es aprender a mirar las estad\u00edsticas con lentes de mayor complejidad y poni\u00e9ndolas en contexto seg\u00fan el lugar y el momento concreto en que se construye la noticia, reflexion\u00f3 Dixie Edith Trinquete, periodista y profesora del Centro de Estudios Demogr\u00e1ficos (CEDEM), de la Universidad de La Habana.<\/p>\n\n\n\n<p class=\"wp-block-paragraph\">\u00abPor ejemplo, al cierre de 2021 en Cuba la fecundidad adolescente disminuy\u00f3. Pero si publicamos la cifra de manera aislada podemos construir un discurso sesgado de logros, solo desde ese \u00fanico n\u00famero\u00bb, explic\u00f3 Trinquete.<\/p>\n\n\n\n<p class=\"wp-block-paragraph\">Si bien disminuye el nivel de la fecundidad adolescente, esta bajada resulta muy lenta para nuestras condiciones educativas o sanitarias. Y, sobre todo que, si bien en los \u00faltimos dos a\u00f1os la cifra efectivamente ha disminuido, el aporte de las madres de estas edades a la fecundidad general del pa\u00eds ha crecido, precis\u00f3 la periodista.<\/p>\n\n\n\n<p class=\"wp-block-paragraph\">O sea, si en 2019 los partos de madres de entre 15 y 19 a\u00f1os representaban el 16,7 % del total de nacimientos en Cuba, en 2020 esa cifra subi\u00f3 a 17 por ciento y en 2021 a 17,1; lo cual indica un \u00abescenario de preocupaci\u00f3n\u00bb, argument\u00f3 Trinquete, quien coordina la C\u00e1tedra de Periodismo y Demograf\u00eda del Instituto Internacional de Periodismo Jos\u00e9 Mart\u00ed (IIPJM).<\/p>\n\n\n\n<p class=\"wp-block-paragraph\">Para la psic\u00f3loga Livia Quintana Llanio, asociada de programas del UNFPA, cada vez es m\u00e1s evidente la necesidad de atender los determinantes y v\u00ednculos de esta problem\u00e1tica desde una mirada articulada, adem\u00e1s de concebir la prevenci\u00f3n teniendo en cuenta las opiniones y demandas de los grupos de adolescentes.<\/p>\n\n\n\n<p class=\"wp-block-paragraph\">Cuba cerr\u00f3 2021 con 49,2 nacimientos por cada mil mujeres entre 15 y 19 a\u00f1os, una estad\u00edstica que incluye los partos de ni\u00f1as menores de 15. Pero justo las seis provincias donde el curso focaliz\u00f3 sus miradas superan la media nacional: Camag\u00fcey (54,2), Las Tunas (59,3), Holgu\u00edn (58,7), Granma (68,2), Santiago de Cuba (57,7) y Guant\u00e1namo (64,5).<\/p>\n\n\n\n<p class=\"wp-block-paragraph\">Profundizar en las implicaciones espec\u00edficas que tiene el embarazo adolescente en las familias, instituciones educativas, jur\u00eddicas, de salud y la sociedad de esos territorios y qu\u00e9 relaci\u00f3n guarda con las desigualdades de g\u00e9nero y las violencias, en cada caso, qued\u00f3 como desaf\u00edo para quienes participaron de la capacitaci\u00f3n.<\/p>\n\n\n\n<p class=\"wp-block-paragraph\">Convocado por la c\u00e1tedra de Periodismo y Demograf\u00eda y la de G\u00e9nero \u00abMirta Aguirre\u00bb del IIPJM, en alianza con el CEDEM, el curso tambi\u00e9n explor\u00f3 las repercusiones individuales y sociales que se derivan del embarazo temprano y el papel de la comunicaci\u00f3n y los medios de prensa en ese escenario, con apoyo del Fondo de Poblaci\u00f3n de las Naciones Unidas (UNFPA), Oxfam, la Embajada de Francia en Cuba y el Fondo de las Naciones Unidas para la Infancia (Unicef).<\/p>\n\n\n\n<p class=\"wp-block-paragraph\">El encuentro, que cerr\u00f3 el 2 de septiembre con un diagn\u00f3stico de comunicaci\u00f3n y un taller de proyectos period\u00edsticos, tambi\u00e9n cont\u00f3 con el apoyo de la Uni\u00f3n Nacional de Juristas de Cuba (UNCJ), especialistas de universidades de las provincias participantes y de los Observatorios Demogr\u00e1ficos territoriales.<\/p>\n\n\n\n<h2 class=\"wp-block-heading\"><strong>Reposicionar la comunicaci\u00f3n<\/strong><\/h2>\n\n\n\n<p class=\"wp-block-paragraph\">Los procesos demogr\u00e1ficos, y en particular la fecundidad temprana, se sostienen en decisiones de las personas y las familias, por lo cual, son necesarios procesos articulados y consecuentes de comunicaci\u00f3n y sensibilizaci\u00f3n, insistieron conferencistas durante el curso.<\/p>\n\n\n\n<p class=\"wp-block-paragraph\">Una necesidad es incluir los temas en las agendas editoriales de los medios, pero tambi\u00e9n en las individuales de los periodistas, pues ello visibiliza el reto del aprendizaje propio, y no solo de la necesidad social del tratamiento de los temas, argument\u00f3 la periodista Adalys Ray, presidenta de la Uni\u00f3n de Periodistas de Cuba (UPEC) en Las Tunas y una de las conferencistas.<\/p>\n\n\n\n<p class=\"wp-block-paragraph\">A su juicio, partir de perspectivas de g\u00e9nero para el ejercicio period\u00edstico es esencial, pero se complejiza ante una cultura profesional m\u00e1s preocupada \u00abpor la portada del d\u00eda, la noticia del momento, el titular m\u00e1s inmediato y no siempre por la innovaci\u00f3n y las conceptualizaciones cr\u00edticas y humanistas m\u00e1s actuales\u00bb, precis\u00f3 Ray.<\/p>\n\n\n\n<p class=\"wp-block-paragraph\">Por su parte, Ariel Terrero, director del IIPJM y tambi\u00e9n profesor, inst\u00f3 a no prejuzgar una realidad antes de investigarla, pues ello puede llevar a errores que restan credibilidad.<\/p>\n\n\n\n<p class=\"wp-block-paragraph\">\u00abLos datos estad\u00edsticos no son para confirmar lo que uno piensa, sino para mostrar patrones de la realidad, que luego debemos investigar y consultar con fuentes especializadas\u00bb, precis\u00f3 Terrero.<\/p>\n\n\n\n<p class=\"wp-block-paragraph\">Para la psic\u00f3loga Aida Torralbas, de la Universidad de Holgu\u00edn, se necesitan m\u00e1s investigaciones de corte cualitativo, narrativas, que relacionen fen\u00f3menos como el embarazo adolescente con problem\u00e1ticas como la violencia de g\u00e9nero y otros elementos directamente relacionados con su comportamiento.<\/p>\n\n\n\n<p class=\"wp-block-paragraph\">\u00abEn los medios, en particular, se necesitan abordajes que sacudan, que conmuevan, y no reiterar siempre los mismos discursos, de las mismas maneras\u00bb, recomend\u00f3 Torralbas.<\/p>\n\n\n\n<p class=\"wp-block-paragraph\">Durante la evaluaci\u00f3n participativa del curso, la baja percepci\u00f3n del riesgo del embarazo adolescente a nivel social en la mayor\u00eda de los territorios foco de an\u00e1lisis, derivada de herencias y patrones culturales muy patriarcales, fue identificada como una amenaza que impone desaf\u00edos m\u00faltiples a los medios.<\/p>\n\n\n\n<p class=\"wp-block-paragraph\">Periodistas y especialistas llamaron a seguir promoviendo la capacitaci\u00f3n de g\u00e9nero y el acceso a fuentes estad\u00edsticas, esenciales para poder realizar abordajes sistem\u00e1ticos y de calidad sobre estos asuntos.<\/p>\n\n\n\n<p class=\"wp-block-paragraph\">\u00abEl curso ha propiciado el intercambio sobre un fen\u00f3meno convertido en problema social y la construcci\u00f3n colectiva de rutas para el tratamiento de estos temas desde los medios de comunicaci\u00f3n\u00bb, opin\u00f3 Iris Hern\u00e1ndez Rodr\u00edguez, periodista de Las Tunas.<\/p>\n\n\n\n<p class=\"wp-block-paragraph\">SEM\/MG<\/p>\n","protected":false},"excerpt":{"rendered":"<p> La presencia de discursos homog\u00e9neos sobre los fen\u00f3menos demogr\u00e1ficos, que no particularizan en las diferencias por regi\u00f3n, g\u00e9nero, zona de residencia o edad, entre otras<\/p>\n","protected":false},"author":3,"featured_media":55550,"comment_status":"open","ping_status":"open","sticky":false,"template":"","format":"standard","meta":{"_monsterinsights_skip_tracking":false,"footnotes":""},"categories":[693,53],"tags":[],"class_list":["post-55549","post","type-post","status-publish","format-standard","has-post-thumbnail","category-693","category-internacional"],"_links":{"self":[{"href":"https:\/\/redsemlac.com\/semmexico\/wp-json\/wp\/v2\/posts\/55549","targetHints":{"allow":["GET"]}}],"collection":[{"href":"https:\/\/redsemlac.com\/semmexico\/wp-json\/wp\/v2\/posts"}],"about":[{"href":"https:\/\/redsemlac.com\/semmexico\/wp-json\/wp\/v2\/types\/post"}],"author":[{"embeddable":true,"href":"https:\/\/redsemlac.com\/semmexico\/wp-json\/wp\/v2\/users\/3"}],"replies":[{"embeddable":true,"href":"https:\/\/redsemlac.com\/semmexico\/wp-json\/wp\/v2\/comments?post=55549"}],"version-history":[{"count":0,"href":"https:\/\/redsemlac.com\/semmexico\/wp-json\/wp\/v2\/posts\/55549\/revisions"}],"wp:featuredmedia":[{"embeddable":true,"href":"https:\/\/redsemlac.com\/semmexico\/wp-json\/wp\/v2\/media\/55550"}],"wp:attachment":[{"href":"https:\/\/redsemlac.com\/semmexico\/wp-json\/wp\/v2\/media?parent=55549"}],"wp:term":[{"taxonomy":"category","embeddable":true,"href":"https:\/\/redsemlac.com\/semmexico\/wp-json\/wp\/v2\/categories?post=55549"},{"taxonomy":"post_tag","embeddable":true,"href":"https:\/\/redsemlac.com\/semmexico\/wp-json\/wp\/v2\/tags?post=55549"}],"curies":[{"name":"wp","href":"https:\/\/api.w.org\/{rel}","templated":true}]}}