{"id":55542,"date":"2022-09-04T10:10:39","date_gmt":"2022-09-04T16:10:39","guid":{"rendered":"https:\/\/redsemlac.com\/semmexico\/?p=55542"},"modified":"2023-07-21T19:13:20","modified_gmt":"2023-07-22T00:13:20","slug":"botella-al-mar-cristina","status":"publish","type":"post","link":"https:\/\/redsemlac.com\/semmexico\/botella-al-mar-cristina\/","title":{"rendered":"Botella al Mar| Cristina"},"content":{"rendered":"\n<p class=\"wp-block-paragraph\">Martha Canseco Gonz\u00e1lez.<\/p>\n\n\n\n<p class=\"wp-block-paragraph\">SemM\u00e9xico, Pachuca, Hidalgo, 4 de septiembre, 2022.- Magnicidio: Es el asesinato de una persona con un cargo importante, usualmente una figura pol\u00edtica o religiosa. El magnicidio suele tener una motivaci\u00f3n ideol\u00f3gica o pol\u00edtica (de m\u00ed cosecha agrego, econ\u00f3mica), y con la intenci\u00f3n de provocar una crisis pol\u00edtica o eliminar a un adversario que se considera un obst\u00e1culo para llevar a cabo planes particulares. (Wikipedia)<\/p>\n\n\n\n<p class=\"wp-block-paragraph\">En este sistema patriarcal en el que vivimos, pues pocas mujeres llegan a desempe\u00f1ar cargos importantes, en consecuencia, son, relativamente escasos, los ejemplos de magnicidio cometidos contra mujeres. Claro hay que analizar qu\u00e9 porcentaje corresponde con respecto a los asesinatos de personajes masculinos.<\/p>\n\n\n\n<p class=\"wp-block-paragraph\">Recuerdo, por ejemplo, el de Indira Gandi, primera ministra de la India, asesinada, aparentemente por motivos religiosos, aunque con un componente econ\u00f3mico de trasfondo. \u201cSiempre sigue la ruta del dinero y llegar\u00e1s a la verdad\u201d, me dec\u00eda m\u00ed maestra Isabel Moya.<\/p>\n\n\n\n<p class=\"wp-block-paragraph\">Quiero, en esta columna, hacer un comparativo entre dos <strong><em>intentos<\/em><\/strong> de magnicidio cometidos contra mujeres.<\/p>\n\n\n\n<p class=\"wp-block-paragraph\">Imelda Marcos, esposa del dictador filipino Ferdinand Marcos, ocurrido el 7 de diciembre de 1972 y el de la semana pasada contra la vicepresidenta de Argentina Cristina Fern\u00e1ndez.<\/p>\n\n\n\n<p class=\"wp-block-paragraph\">En el caso de Imelda y sus tres mil pares de zapatos, ella misma representante de los excesos de una dictadura, con las caracter\u00edsticas de toda dictadura: antidemocr\u00e1tica, violenta, discriminatoria, inequitativa, (70 mil personas encarceladas, 3 mil 200 asesinadas, 35 mil torturadas y miles en el exilio), fue v\u00edctima de esa intentona para acabar con esa tiran\u00eda.<\/p>\n\n\n\n<p class=\"wp-block-paragraph\">La aspiraci\u00f3n del pueblo filipino era, \u00a1vivir con dignidad!<\/p>\n\n\n\n<p class=\"wp-block-paragraph\">F\u00edjense lo que ocurre 50 a\u00f1os despu\u00e9s, \u00a1a d\u00f3nde nos ha llevado este sistema patriarcal neoliberal!<\/p>\n\n\n\n<p class=\"wp-block-paragraph\">En Argentina, la mano que meci\u00f3 la cuna de esta intenci\u00f3n de desaparecer a Cristina Fern\u00e1ndez, est\u00e1 en los beneficiarios de la dictadura militar (1976-1983), que intentan reestablecerla.<\/p>\n\n\n\n<p class=\"wp-block-paragraph\">Y lo \u00fanico que quiere el pueblo argentino, \u00a1es seguir viviendo con dignidad!<\/p>\n\n\n\n<p class=\"wp-block-paragraph\">Como ver\u00e1n, son dos modelos econ\u00f3micos totalmente diferentes. Los unos que quieren seguir con sus privilegios de siempre y los otros empe\u00f1ados en una vida vivible para todas y todos, no solamente para algunos.<\/p>\n\n\n\n<p class=\"wp-block-paragraph\">Fue un verdadero milagro que Cristina Fern\u00e1ndez se salvara de ser asesinada, estuvo muy cerca, sin embargo, los embates contra ella continuar\u00e1n, sobre todo de parte de algunos jueces, (achichintles del empresariado) que no han podido demostrarle nada de lo que la acusan, porque son puras falsedades, retorcimiento de las leyes para un prop\u00f3sito abyecto, acabar con la democracia.<\/p>\n\n\n\n<p class=\"wp-block-paragraph\">De los logros de Cristina durante sus dos per\u00edodos de gobierno, quiero resaltar, la ley de medios de comunicaci\u00f3n de Argentina, sin duda la m\u00e1s avanzada del continente americano. Y no es casualidad que se hubiera empe\u00f1ado en tratar de hacer un contrapeso en ese \u00e1mbito. La mayor\u00eda de los medios de comunicaci\u00f3n en ese pa\u00eds sudamericano, est\u00e1n en manos privadas, es decir de parte de las y los privilegiados.<\/p>\n\n\n\n<p class=\"wp-block-paragraph\">Qui\u00e9n posee los medios, posee la ideolog\u00eda de la masa y les impone qu\u00e9 pensar, qu\u00e9 sentir, c\u00f3mo actuar, qu\u00e9 comprar, a qui\u00e9n odiar.<\/p>\n\n\n\n<p class=\"wp-block-paragraph\">La sa\u00f1a contra ella en esos medios, desde que era presidenta y ahora como vicepresidenta, raya en lo criminal, como ha quedado demostrado.<\/p>\n\n\n\n<p class=\"wp-block-paragraph\">\u00a1Larga vida para Cristina que todav\u00eda tiene mucho que ofrecer a la mayor\u00eda de las y los argentinos! \u00a1Que la democracia y la paz prevalezcan en Argentina!<\/p>\n\n\n\n<p class=\"wp-block-paragraph\">botellalmar2017@gmail.com<\/p>\n","protected":false},"excerpt":{"rendered":"<p>En este sistema patriarcal en el que vivimos, pues pocas mujeres llegan a desempe\u00f1ar cargos importantes, en consecuencia, son, relativamente escasos, los ejemplos de magnicidio cometidos contra mujeres.<\/p>\n","protected":false},"author":3,"featured_media":38582,"comment_status":"open","ping_status":"open","sticky":false,"template":"","format":"standard","meta":{"_monsterinsights_skip_tracking":false,"footnotes":""},"categories":[693,98,84,35],"tags":[],"class_list":["post-55542","post","type-post","status-publish","format-standard","has-post-thumbnail","category-693","category-botella-al-mar","category-martha-canseco","category-opinion"],"_links":{"self":[{"href":"https:\/\/redsemlac.com\/semmexico\/wp-json\/wp\/v2\/posts\/55542","targetHints":{"allow":["GET"]}}],"collection":[{"href":"https:\/\/redsemlac.com\/semmexico\/wp-json\/wp\/v2\/posts"}],"about":[{"href":"https:\/\/redsemlac.com\/semmexico\/wp-json\/wp\/v2\/types\/post"}],"author":[{"embeddable":true,"href":"https:\/\/redsemlac.com\/semmexico\/wp-json\/wp\/v2\/users\/3"}],"replies":[{"embeddable":true,"href":"https:\/\/redsemlac.com\/semmexico\/wp-json\/wp\/v2\/comments?post=55542"}],"version-history":[{"count":0,"href":"https:\/\/redsemlac.com\/semmexico\/wp-json\/wp\/v2\/posts\/55542\/revisions"}],"wp:featuredmedia":[{"embeddable":true,"href":"https:\/\/redsemlac.com\/semmexico\/wp-json\/wp\/v2\/media\/38582"}],"wp:attachment":[{"href":"https:\/\/redsemlac.com\/semmexico\/wp-json\/wp\/v2\/media?parent=55542"}],"wp:term":[{"taxonomy":"category","embeddable":true,"href":"https:\/\/redsemlac.com\/semmexico\/wp-json\/wp\/v2\/categories?post=55542"},{"taxonomy":"post_tag","embeddable":true,"href":"https:\/\/redsemlac.com\/semmexico\/wp-json\/wp\/v2\/tags?post=55542"}],"curies":[{"name":"wp","href":"https:\/\/api.w.org\/{rel}","templated":true}]}}