{"id":55537,"date":"2022-09-04T09:30:08","date_gmt":"2022-09-04T15:30:08","guid":{"rendered":"https:\/\/redsemlac.com\/semmexico\/?p=55537"},"modified":"2023-07-21T19:13:21","modified_gmt":"2023-07-22T00:13:21","slug":"presentan-en-jalisco-reglas-sin-reglas-un-movimiento-por-los-derechos-menstruales-en-latinoamerica-y-el-caribe","status":"publish","type":"post","link":"https:\/\/redsemlac.com\/semmexico\/presentan-en-jalisco-reglas-sin-reglas-un-movimiento-por-los-derechos-menstruales-en-latinoamerica-y-el-caribe\/","title":{"rendered":"<strong>Presentan en Jalisco \u201cReglas sin Reglas\u201d, un Movimiento por los derechos menstruales en Latinoam\u00e9rica y el Caribe<\/strong>"},"content":{"rendered":"\n<p class=\"wp-block-paragraph\"><strong><em>El objetivo de este Movimiento es articular di\u00e1logos y esfuerzos de toda clase para garantizar los derechos menstruales en Latinoam\u00e9rica y el Caribe<\/em><\/strong><\/p>\n\n\n\n<p class=\"wp-block-paragraph\"><strong><em>Periodistas, comunicadoras y comunicadores de Jalisco invitados a la mesa t\u00e9cnica nacional sobre el lenguaje en torno a la menstruaci\u00f3n y los derechos menstruales<\/em><\/strong><\/p>\n\n\n\n<p class=\"wp-block-paragraph\">Libertad L\u00f3pez<\/p>\n\n\n\n<p class=\"wp-block-paragraph\">SemM\u00e9xico, Guadalajara, Jalisco, 4 de agosto, 2022.&#8211; Desde el Congreso Local de Jalisco la Senadora de la Rep\u00fablica e impulsora de la agenda sobre menstruaci\u00f3n en M\u00e9xico, Ver\u00f3nica Delgadillo; Isis Tijaro, antrop\u00f3loga colombiana y experta en asuntos sobre menstruaci\u00f3n; Anah\u00ed Rodr\u00edguez, menstruactivista de la Colectiva Menstruaci\u00f3n Digna M\u00e9xico; y, activistas y educadoras menstruales presentaron se present\u00f3 en esta entidad&nbsp; el Movimiento Reglas sin Reglas, por los derechos menstruales en Latinoam\u00e9rica y el Caribe.<\/p>\n\n\n\n<p class=\"wp-block-paragraph\">En el recinto legislativo se dieron cita aliadas y aliados en favor de la agenda de derechos menstruales en Jalisco. La diputada local y presidenta de la Comisi\u00f3n de Equidad de G\u00e9nero, Mar\u00eda Dolores L\u00f3pez Jara dio la bienvenida y expres\u00f3 que \u201clas puertas siempre est\u00e1n abiertas cuando se trata de agendas que van a fortalecer no solamente a las mujeres sino sensibilizar a hombres y mujeres; en particular la agenda por los derechos menstruales es una agenda de inclusi\u00f3n, de acciones y de pol\u00edticas p\u00fablicas para todas y para todos\u201d.<\/p>\n\n\n\n<p class=\"wp-block-paragraph\">Por su parte, Ver\u00f3nica Delgadillo expres\u00f3 que \u201chablar de menstruaci\u00f3n abiertamente no ha sido posible porque hay un tab\u00fa que ha limitado la discusi\u00f3n p\u00fablica sobre el tema, este tab\u00fa ha generado la construcci\u00f3n de estigmas negativos al respecto\u201d desde estas coordenadas, la Senadora se\u00f1al\u00f3 la importancia que tiene el Movimiento Reglas sin Reglas pues busca convertirse en un movimiento que \u201carticule todos los esfuerzos desde colectivas, activistas, acad\u00e9micas, especialistas, legisladoras para que juntas y juntos podamos tener un di\u00e1logo abierto, libre de estigma y que permita construir una agenda por los derechos menstruales\u201d.<\/p>\n\n\n\n<p class=\"wp-block-paragraph\">Antes de concluir su intervenci\u00f3n Ver\u00f3nica Delgadillo puntualiz\u00f3 cinco problemas con los que se han encontrado en la agenda de la menstruaci\u00f3n: 1) El traslado de proyectos de ley desde otras regiones cuyas realidades son distintas a las de los territorios Latinoamericanos; 2) La discusi\u00f3n en torno a la menstruaci\u00f3n se ha centrado en ciertos puntos, olvidando su relaci\u00f3n con otros derechos fundamentales salud, educaci\u00f3n, acceso a infraestructura, entre otros; 3) El empleo de t\u00e9rminos y un lenguaje que re-estigmatiza la menstruaci\u00f3n tales como la higiene menstrual, 4) La duplicidad de esfuerzos, sin considerar experiencias, conocimiento, aprendizajes y capacidades de distintas actoras y actores que simult\u00e1neamente est\u00e1n trabajando en la agenda; y 5) la forma en la que se est\u00e1 comunicando sobre esta agenda en medios de comunicaci\u00f3n y redes sociales.<\/p>\n\n\n\n<figure class=\"wp-block-image size-large\"><a href=\"https:\/\/redsemlac.com\/semmexico\/wp-content\/uploads\/2022\/09\/congreso-jalisco-02.jpg\"><img decoding=\"async\" src=\"https:\/\/redsemlac.com\/semmexico\/wp-content\/uploads\/2022\/09\/congreso-jalisco-02-682x1024.jpg\" alt=\"\" class=\"wp-image-55539\"\/><\/a><\/figure>\n\n\n\n<p class=\"wp-block-paragraph\">En este sentido, Anah\u00ed Rodr\u00edguez realiz\u00f3 un llamado a \u201cconstruir un acervo colectivo donde podamos dar a conocer qu\u00e9 se est\u00e1 haciendo tanto en M\u00e9xico como en Am\u00e9rica Latina para entonces poder hablar tambi\u00e9n de un Movimiento Latinoamericano y del Caribe; M\u00e9xico tiene much\u00edsimo avance en materia de menstruaci\u00f3n. Hacemos el llamado para construir desde los feminismos una agenda por los derechos menstruales que al final se ver\u00e1 reflejada en mejores condiciones de vida para las personas con vivencias menstruales\u201d.<\/p>\n\n\n\n<p class=\"wp-block-paragraph\">Por su parte, Isis Tijaro, puntualiz\u00f3 durante su intervenci\u00f3n que \u201cReglas sin Reglas\u201d es un movimiento que consideramos es urgente para Latinoam\u00e9rica y el Caribe, la agenda por los derechos menstruales est\u00e1 creciendo. Es urgente construir una Ley Integral de Derechos Menstruales\u201d. Como primera acci\u00f3n del Movimiento Reglas sin Reglas, la antrop\u00f3loga colombiana convoc\u00f3 a periodistas, comunicadores y comunicadoras a una mesa t\u00e9cnica que se realizar\u00e1 el 21 de septiembre con el objetivo de hablar de la menstruaci\u00f3n desde un lenguaje com\u00fan libre de estigmas, puntualiz\u00f3 \u201cqueremos c\u00f3mplices y aliados que nos ayuden a transmitir este mensaje en todo Latinoam\u00e9rica y el Caribe\u201d.<\/p>\n\n\n\n<p class=\"wp-block-paragraph\">Las activistas y educadoras menstruales presentes en la rueda de prensa expresaron que esta convocatoria y movimiento es fundamental para tejer la red que permita dar un impulso a la agenda por los derechos menstruales. Tambi\u00e9n mencionaron que es importante pensar en c\u00f3mo hacemos una Latinoam\u00e9rica m\u00e1s justa para todas las personas que menstr\u00faan.&nbsp;<\/p>\n\n\n\n<figure class=\"wp-block-image size-large\"><a href=\"https:\/\/redsemlac.com\/semmexico\/wp-content\/uploads\/2022\/09\/congreso-jalisco-03.jpg\"><img decoding=\"async\" src=\"https:\/\/redsemlac.com\/semmexico\/wp-content\/uploads\/2022\/09\/congreso-jalisco-03-1024x682.jpg\" alt=\"\" class=\"wp-image-55538\"\/><\/a><\/figure>\n\n\n\n<p class=\"wp-block-paragraph\">En su \u00faltima intervenci\u00f3n, Ver\u00f3nica Delgadillo agradeci\u00f3 a las participantes e hizo un llamado a las legisladoras y legisladores del Congreso de Jalisco a que conocieran la agenda y se sumen como aliados \u201ceste camino es de todas y de todos\u201d puntualiz\u00f3.&nbsp;<\/p>\n\n\n\n<p class=\"wp-block-paragraph\">&#8212;<\/p>\n","protected":false},"excerpt":{"rendered":"<p>El objetivo de este Movimiento es articular di\u00e1logos y esfuerzos de toda clase para garantizar los derechos menstruales en Latinoam\u00e9rica y el Caribe<\/p>\n","protected":false},"author":3,"featured_media":55540,"comment_status":"open","ping_status":"open","sticky":false,"template":"","format":"standard","meta":{"_monsterinsights_skip_tracking":false,"footnotes":""},"categories":[693,50],"tags":[],"class_list":["post-55537","post","type-post","status-publish","format-standard","has-post-thumbnail","category-693","category-congreso"],"_links":{"self":[{"href":"https:\/\/redsemlac.com\/semmexico\/wp-json\/wp\/v2\/posts\/55537","targetHints":{"allow":["GET"]}}],"collection":[{"href":"https:\/\/redsemlac.com\/semmexico\/wp-json\/wp\/v2\/posts"}],"about":[{"href":"https:\/\/redsemlac.com\/semmexico\/wp-json\/wp\/v2\/types\/post"}],"author":[{"embeddable":true,"href":"https:\/\/redsemlac.com\/semmexico\/wp-json\/wp\/v2\/users\/3"}],"replies":[{"embeddable":true,"href":"https:\/\/redsemlac.com\/semmexico\/wp-json\/wp\/v2\/comments?post=55537"}],"version-history":[{"count":0,"href":"https:\/\/redsemlac.com\/semmexico\/wp-json\/wp\/v2\/posts\/55537\/revisions"}],"wp:featuredmedia":[{"embeddable":true,"href":"https:\/\/redsemlac.com\/semmexico\/wp-json\/wp\/v2\/media\/55540"}],"wp:attachment":[{"href":"https:\/\/redsemlac.com\/semmexico\/wp-json\/wp\/v2\/media?parent=55537"}],"wp:term":[{"taxonomy":"category","embeddable":true,"href":"https:\/\/redsemlac.com\/semmexico\/wp-json\/wp\/v2\/categories?post=55537"},{"taxonomy":"post_tag","embeddable":true,"href":"https:\/\/redsemlac.com\/semmexico\/wp-json\/wp\/v2\/tags?post=55537"}],"curies":[{"name":"wp","href":"https:\/\/api.w.org\/{rel}","templated":true}]}}