{"id":55534,"date":"2022-09-04T09:23:27","date_gmt":"2022-09-04T15:23:27","guid":{"rendered":"https:\/\/redsemlac.com\/semmexico\/?p=55534"},"modified":"2023-07-21T19:13:21","modified_gmt":"2023-07-22T00:13:21","slug":"en-chile-mas-alla-del-plebiscito-se-quedan-como-ganancias-la-paridad-y-los-derechos-de-las-mujeres-en-chile","status":"publish","type":"post","link":"https:\/\/redsemlac.com\/semmexico\/en-chile-mas-alla-del-plebiscito-se-quedan-como-ganancias-la-paridad-y-los-derechos-de-las-mujeres-en-chile\/","title":{"rendered":"<strong>En Chile m\u00e1s all\u00e1 del plebiscito se quedan como ganancias la paridad y los derechos de las mujeres en Chile<\/strong>"},"content":{"rendered":"\n<p class=\"wp-block-paragraph\"><strong>Este domingo se aprueba o rechaza la nueva Constituci\u00f3n Chilena con sello feminista<\/strong><\/p>\n\n\n\n<p class=\"wp-block-paragraph\">Elda Montiel<\/p>\n\n\n\n<p class=\"wp-block-paragraph\">SemM\u00e9xico, Ciudad de M\u00e9xico, 4 de septiembre, 2022.- M\u00e1s all\u00e1 de los resultados del plebiscito de la nueva Constituci\u00f3n este 4 de septiembre est\u00e1n las ganancias pol\u00edticas y culturales de la paridad que llego para quedarse; los derechos de las mujeres y las disidencias sexo \u2013 gen\u00e9ricas, al igual que los derechos de los pueblos ind\u00edgenas, destaca la organizaci\u00f3n Observatorio de G\u00e9nero y Equidad.<\/p>\n\n\n\n<p class=\"wp-block-paragraph\">Dejaron de ser malas palabras el \u201cEstado social y democr\u00e1tico de derechos\u201d, se incorpor\u00f3 el t\u00e9rmino \u201clos cuidados\u201d, la \u201cperspectiva de g\u00e9nero\u201d y el lenguaje inclusivo, pero sobre todo la legitimidad de reivindicar la centralidad de la vida en el nuevo pacto social del derecho al buen vivir.<\/p>\n\n\n\n<p class=\"wp-block-paragraph\">La gran consigna de quienes est\u00e1n por aprobar el texto constitucional ha sido \u201cel voto informado\u201d con la promoci\u00f3n de los 388 art\u00edculos, sus 57 normas transitorias.<\/p>\n\n\n\n<p class=\"wp-block-paragraph\">Se reconoce el sello feminista de la propuesta, no solo en los principios y derechos fundamentales que profundiza la calidad de la democracia al consagrar la paridad, la plurinacionalidad, la descentralizaci\u00f3n efectiva, la relaci\u00f3n con la naturaleza basada en la plena vigencia de los derechos humanos.<\/p>\n\n\n\n<p class=\"wp-block-paragraph\">Los medios de comunicaci\u00f3n han multiplicado los espacios y programas de debate sin asegurar la participaci\u00f3n equilibrada de representantes de ambas opciones de quienes est\u00e1n por el apruebo y quienes no est\u00e1n por aprobarlo, sin poner freno a la proliferaci\u00f3n de informaciones falsas con un sesgo visible en la prensa tradicional.<\/p>\n\n\n\n<p class=\"wp-block-paragraph\">La desigualdad de recursos entre ambas campa\u00f1as es vergonzosa y parece, m\u00e1s bien, la lucha entre David -por el apruebo- y Goliat -por el rechazo-.<\/p>\n\n\n\n<p class=\"wp-block-paragraph\"><strong>Cambia la vida para las mujeres<\/strong><\/p>\n\n\n\n<p class=\"wp-block-paragraph\">Observatorio de G\u00e9nero y Equidad realiz\u00f3 los \u201cForos Como Cambia la Vida de las Mujeres con la nueva Constituci\u00f3n\u201d en relaci\u00f3n con la violencia y la justicia de g\u00e9nero y la salud y los derechos sexuales y reproductivos. Se dio voz a dos directoras de instituciones feministas Corporaci\u00f3n Humana y Nodo XXI, as\u00ed como ex convencionalista, luchadoras sociales y organizaciones feministas que exponen las esperanzas y proyecciones de la Constituci\u00f3n propuesta de las mujeres.&nbsp;&nbsp;&nbsp;<\/p>\n\n\n\n<p class=\"wp-block-paragraph\">Ser\u00e1 una elecci\u00f3n in\u00e9dita, con voto obligatorio tras una d\u00e9cada de voto voluntario con mas de 15 millones de personas habilitadas para votar. Tan solo en la segunda vuelta electoral presidencial, en diciembre del 2021 votaron 8 millones 314 mil 173 personas, el 55.3 por ciento del padr\u00f3n electoral.<\/p>\n\n\n\n<p class=\"wp-block-paragraph\">La gran consigna de quienes est\u00e1n por aprobar el texto constitucional ha sido \u201cel voto informado\u201d con la promoci\u00f3n de los 388 art\u00edculos, sus 57 normas transitorias. El despliegue en eventos virtuales y presenciales promovidos por una pluralidad de actores pol\u00edticos y sociales. Se ha generado un abanico de \u201caprobadoras y aprobadores\u201d y de propuestas de mejoramiento y clarificaci\u00f3n que han confluido en resaltar el valor pol\u00edtico de esta respuesta a las grandes demandas que hicieron estalle en Chile en 2019.<\/p>\n\n\n\n<p class=\"wp-block-paragraph\">Quienes no est\u00e1n por aprobarlo, afincados en la derecha se parapeto en algunos lideres y n\u00facleos ex concertacionistas, descalifican el trabajo de la Convenci\u00f3n, cuestionan el resultado y describen que su aprobaci\u00f3n e implementaci\u00f3n traer\u00eda graves consecuencias econ\u00f3micas, pol\u00edticas y sociales.<\/p>\n\n\n\n<p class=\"wp-block-paragraph\">El gobierno se comprometi\u00f3 a dar a conocer el texto aprobado por la Convenci\u00f3n, financio la publicaci\u00f3n y distribuci\u00f3n de cientos de miles de ejemplares, difundi\u00f3 los art\u00edculos en estaciones del Metro de Santiago y organizo la entrega f\u00edsica en distintos lugares del pa\u00eds.&nbsp; &nbsp;<\/p>\n\n\n\n<p class=\"wp-block-paragraph\">Desde las organizaciones feministas se promovi\u00f3 el \u201cvoto informado\u201d que supone examinar a detalle el contenido de la propuesta, tanto de art\u00edculos individuales o por cap\u00edtulos, como el texto en su integralidad. Destac\u00f3 la amplia participaci\u00f3n de mujeres en su elaboraci\u00f3n, resultado de una paridad efectiva que logro instalar los temas de la agenda de forma transversal que acogi\u00f3 no solo iniciativas populares de norma originadas en el movimiento feminista, sino el acompa\u00f1amiento y asesor\u00eda permanente.<\/p>\n\n\n\n<p class=\"wp-block-paragraph\">Cabe recordar que, en <a>Chile en octubre de 2020, un 78 por ciento de los ciudadanos se manifest\u00f3 a favor de reemplazar la Carta Magna de 1980, que se estableci\u00f3 durante la dictadura de Augusto Pinochet.&nbsp; Luego, en mayo de 2021, se realiz\u00f3 la elecci\u00f3n de los convencionales<strong>. <\/strong>La Convenci\u00f3n quedo integrada de forma paritaria: 77 mujeres y 77 hombres.&nbsp; A partir del 11 de marzo de este a\u00f1o, asumi\u00f3 el cargo el actual presidente Gabriel Boric Font cuyo programa contempla un profundo camino de reformas.<\/a><\/p>\n\n\n\n<p class=\"wp-block-paragraph\">De ser aprobada ser\u00e1 la primera Carta Magna redactada en forma paritaria y busca responder a las demandas de las revueltas feministas del 2019 cuando las mujeres de Chile salieron a las calles a exigir igualdad de oportunidades, el derecho al aborto y fin de la cultura patriarcal.<\/p>\n","protected":false},"excerpt":{"rendered":"<p>Este domingo se aprueba o rechaza la nueva Constituci\u00f3n Chilena con sello feminista<\/p>\n","protected":false},"author":3,"featured_media":55535,"comment_status":"open","ping_status":"open","sticky":false,"template":"","format":"standard","meta":{"_monsterinsights_skip_tracking":false,"footnotes":""},"categories":[693,53],"tags":[],"class_list":["post-55534","post","type-post","status-publish","format-standard","has-post-thumbnail","category-693","category-internacional"],"_links":{"self":[{"href":"https:\/\/redsemlac.com\/semmexico\/wp-json\/wp\/v2\/posts\/55534","targetHints":{"allow":["GET"]}}],"collection":[{"href":"https:\/\/redsemlac.com\/semmexico\/wp-json\/wp\/v2\/posts"}],"about":[{"href":"https:\/\/redsemlac.com\/semmexico\/wp-json\/wp\/v2\/types\/post"}],"author":[{"embeddable":true,"href":"https:\/\/redsemlac.com\/semmexico\/wp-json\/wp\/v2\/users\/3"}],"replies":[{"embeddable":true,"href":"https:\/\/redsemlac.com\/semmexico\/wp-json\/wp\/v2\/comments?post=55534"}],"version-history":[{"count":0,"href":"https:\/\/redsemlac.com\/semmexico\/wp-json\/wp\/v2\/posts\/55534\/revisions"}],"wp:featuredmedia":[{"embeddable":true,"href":"https:\/\/redsemlac.com\/semmexico\/wp-json\/wp\/v2\/media\/55535"}],"wp:attachment":[{"href":"https:\/\/redsemlac.com\/semmexico\/wp-json\/wp\/v2\/media?parent=55534"}],"wp:term":[{"taxonomy":"category","embeddable":true,"href":"https:\/\/redsemlac.com\/semmexico\/wp-json\/wp\/v2\/categories?post=55534"},{"taxonomy":"post_tag","embeddable":true,"href":"https:\/\/redsemlac.com\/semmexico\/wp-json\/wp\/v2\/tags?post=55534"}],"curies":[{"name":"wp","href":"https:\/\/api.w.org\/{rel}","templated":true}]}}