{"id":55525,"date":"2022-09-03T12:30:48","date_gmt":"2022-09-03T18:30:48","guid":{"rendered":"https:\/\/redsemlac.com\/semmexico\/?p=55525"},"modified":"2023-07-21T19:13:21","modified_gmt":"2023-07-22T00:13:21","slug":"manual-de-periodismo-popular-y-feminista","status":"publish","type":"post","link":"https:\/\/redsemlac.com\/semmexico\/manual-de-periodismo-popular-y-feminista\/","title":{"rendered":"Manual de periodismo popular y feminista"},"content":{"rendered":"\n<p class=\"wp-block-paragraph\">Este periodismo tiene definiciones pol\u00edticas y parte de la construcci\u00f3n colectiva que nos leg\u00f3 el feminismo que no calla porque el silencio no es nuestro idioma.<\/p>\n\n\n\n<p class=\"wp-block-paragraph\">Redacci\u00f3n<\/p>\n\n\n\n<p class=\"wp-block-paragraph\">SemM\u00e9xico, Ciudad de M\u00e9xico, 3 de septiembre, 2022.- El Colectivo Editorial Marcha declara que \u00abHacemos periodismo \u2013desde abajo y del lado del coraz\u00f3n\u2013 sin detentar privilegios. Y lo hacemos como resultado de definiciones pol\u00edticas populares y de una construcci\u00f3n colectiva necesaria, la que nos leg\u00f3 el feminismo que no calla porque el silencio no es nuestro idioma.<\/p>\n\n\n\n<p class=\"wp-block-paragraph\">Reivindicamos un oficio, el periodismo, y disputamos con nuestras identidades su ejercicio. Para eso es este Manual. Para dejar constancia de que nos animamos a ocupar una agenda dentro de una genealog\u00eda que por momentos parece grande pero que, por otros, nos regala la posibilidad de contar, con ojos mojados, las luchas por la liberaci\u00f3n de todas y todes.<\/p>\n\n\n\n<p class=\"wp-block-paragraph\">Porque al multiplicar nuestras experiencias es nuestra visi\u00f3n del mundo la que se ampl\u00eda. La de las luchadoras que no descansar\u00e1n hasta que todas seamos libres. Porque a la par de que relatamos nuestras historias de vida y nos visibilizamos protagonistas, es tambi\u00e9n el periodismo el que se tensiona y modifica.<\/p>\n\n\n\n<p class=\"wp-block-paragraph\">Porque al extender nuestras estrategias colectivas y poner a circular nuestras herramientas, somos m\u00e1s las que elegimos dar una disputa constante por lo simb\u00f3lico, por las palabras, contra la sujeci\u00f3n del heteropatriarcado capitalista en el periodismo.<\/p>\n\n\n\n<p class=\"wp-block-paragraph\">Porque, en definitiva, somos lo que hacemos: periodismo popular feminista.<\/p>\n\n\n\n<p class=\"wp-block-paragraph\"><em>Camila Parodi, Laura Salom\u00e9 Canteros, Nadia Fink y Julieta LP<\/em><\/p>\n\n\n\n<p class=\"wp-block-paragraph\">Descarga el manual en el siguiente enlace:&nbsp;<a href=\"https:\/\/cdn.biodiversidadla.org\/content\/download\/177486\/1298659\/file\/Manual%20de%20Periodismo%20Feminista%20y%20Popular.pdf\">Manual de Periodismo Femini\u2026(988,58 kB)<\/a><\/p>\n\n\n\n<p class=\"wp-block-paragraph\">Art\u00edculo publicado por Fundaci\u00f3n Rosa Luxemburgo \u2013 Cono Sur<\/p>\n\n\n\n<p class=\"wp-block-paragraph\"><a href=\"https:\/\/vocesfeministas.mx\/2022\/09\/02\/\"><\/a><em><\/em><\/p>\n","protected":false},"excerpt":{"rendered":"<p>El Colectivo Editorial Marcha declara que \u00abHacemos periodismo \u2013desde abajo y del lado del coraz\u00f3n\u2013 sin detentar privilegios.<\/p>\n","protected":false},"author":3,"featured_media":55526,"comment_status":"open","ping_status":"open","sticky":false,"template":"","format":"standard","meta":{"_monsterinsights_skip_tracking":false,"footnotes":""},"categories":[693,54],"tags":[],"class_list":["post-55525","post","type-post","status-publish","format-standard","has-post-thumbnail","category-693","category-mujeres"],"_links":{"self":[{"href":"https:\/\/redsemlac.com\/semmexico\/wp-json\/wp\/v2\/posts\/55525","targetHints":{"allow":["GET"]}}],"collection":[{"href":"https:\/\/redsemlac.com\/semmexico\/wp-json\/wp\/v2\/posts"}],"about":[{"href":"https:\/\/redsemlac.com\/semmexico\/wp-json\/wp\/v2\/types\/post"}],"author":[{"embeddable":true,"href":"https:\/\/redsemlac.com\/semmexico\/wp-json\/wp\/v2\/users\/3"}],"replies":[{"embeddable":true,"href":"https:\/\/redsemlac.com\/semmexico\/wp-json\/wp\/v2\/comments?post=55525"}],"version-history":[{"count":0,"href":"https:\/\/redsemlac.com\/semmexico\/wp-json\/wp\/v2\/posts\/55525\/revisions"}],"wp:featuredmedia":[{"embeddable":true,"href":"https:\/\/redsemlac.com\/semmexico\/wp-json\/wp\/v2\/media\/55526"}],"wp:attachment":[{"href":"https:\/\/redsemlac.com\/semmexico\/wp-json\/wp\/v2\/media?parent=55525"}],"wp:term":[{"taxonomy":"category","embeddable":true,"href":"https:\/\/redsemlac.com\/semmexico\/wp-json\/wp\/v2\/categories?post=55525"},{"taxonomy":"post_tag","embeddable":true,"href":"https:\/\/redsemlac.com\/semmexico\/wp-json\/wp\/v2\/tags?post=55525"}],"curies":[{"name":"wp","href":"https:\/\/api.w.org\/{rel}","templated":true}]}}