{"id":55513,"date":"2022-09-03T08:34:29","date_gmt":"2022-09-03T14:34:29","guid":{"rendered":"https:\/\/redsemlac.com\/semmexico\/?p=55513"},"modified":"2023-07-21T19:13:21","modified_gmt":"2023-07-22T00:13:21","slug":"localizan-a-menor-que-escapo-de-villa-de-las-ninas-en-chilpancingo","status":"publish","type":"post","link":"https:\/\/redsemlac.com\/semmexico\/localizan-a-menor-que-escapo-de-villa-de-las-ninas-en-chilpancingo\/","title":{"rendered":"Localizan a menor que escap\u00f3 de Villa de las Ni\u00f1as en Chilpancingo"},"content":{"rendered":"\n<p class=\"wp-block-paragraph\">Anuncian medidas para evitar nuevas huidas<\/p>\n\n\n\n<p class=\"wp-block-paragraph\">Josefina Aguilar Pastor<\/p>\n\n\n\n<p class=\"wp-block-paragraph\">Chilpancingo, Guerrero. 2 de septiembre de 2022.- Luego de varias semanas de intensa b\u00fasqueda por parte de las autoridades correspondientes, el Sistema Municipal del Desarrollo Integral de la Familia (DIF), localiz\u00f3 a la ni\u00f1a de Villa de las Ni\u00f1as en Acapulco, que escap\u00f3 hace varias semanas.<\/p>\n\n\n\n<p class=\"wp-block-paragraph\">El organismo dio a conocer que la ni\u00f1a que sali\u00f3 del albergue hace m\u00e1s de un mes, ya se encuentra bajo resguardo de Villa de las Ni\u00f1as; bajo asistencia m\u00e9dica y psicol\u00f3gica.<\/p>\n\n\n\n<p class=\"wp-block-paragraph\">A trav\u00e9s de la Procuradur\u00eda de Protecci\u00f3n a Ni\u00f1as, Ni\u00f1os y Adolescentes del DIF Acapulco, se inform\u00f3 que la ni\u00f1a fue localizada ayer primero de septiembre en la Unidad Habitacional El Coloso.<\/p>\n\n\n\n<p class=\"wp-block-paragraph\">&nbsp;Mara Iris Saguilan Bibiano, directora del albergue, inform\u00f3 que desde el primer momento en que se registr\u00f3 el escape, al comenzar agosto, no cesaron las acciones de b\u00fasqueda.<\/p>\n\n\n\n<p class=\"wp-block-paragraph\">En la b\u00fasqueda participaron distintas dependencias del ayuntamiento de Acapulco, entre ellas de Seguridad P\u00fablica y del propio DIF, con personal dedicado a la localizaci\u00f3n de la menor.<\/p>\n\n\n\n<p class=\"wp-block-paragraph\">Al mismo tiempo que han realizado trabajos de reforzamiento de la seguridad y mejora de las instalaciones, principalmente de aquellos puntos que posibilitaron los escapes.<\/p>\n\n\n\n<p class=\"wp-block-paragraph\">Saguilan Bibiano se\u00f1al\u00f3 que a la par, junto con el equipo de atenci\u00f3n psicol\u00f3gica, mantienen una mayor atenci\u00f3n a las tres menores que han escapado. Preocupa principalmente las reincidentes y se hacen previsiones para evitar nuevas huidas.<\/p>\n","protected":false},"excerpt":{"rendered":"<p>Luego de varias semanas de intensa b\u00fasqueda por parte de las autoridades correspondientes, el Sistema Municipal del Desarrollo Integral de la Familia (DIF), localiz\u00f3 a la ni\u00f1a de Villa de las Ni\u00f1as en Acapulco, que escap\u00f3 hace varias semanas.<\/p>\n","protected":false},"author":3,"featured_media":55514,"comment_status":"open","ping_status":"open","sticky":false,"template":"","format":"standard","meta":{"_monsterinsights_skip_tracking":false,"footnotes":""},"categories":[693,54],"tags":[],"class_list":["post-55513","post","type-post","status-publish","format-standard","has-post-thumbnail","category-693","category-mujeres"],"_links":{"self":[{"href":"https:\/\/redsemlac.com\/semmexico\/wp-json\/wp\/v2\/posts\/55513","targetHints":{"allow":["GET"]}}],"collection":[{"href":"https:\/\/redsemlac.com\/semmexico\/wp-json\/wp\/v2\/posts"}],"about":[{"href":"https:\/\/redsemlac.com\/semmexico\/wp-json\/wp\/v2\/types\/post"}],"author":[{"embeddable":true,"href":"https:\/\/redsemlac.com\/semmexico\/wp-json\/wp\/v2\/users\/3"}],"replies":[{"embeddable":true,"href":"https:\/\/redsemlac.com\/semmexico\/wp-json\/wp\/v2\/comments?post=55513"}],"version-history":[{"count":0,"href":"https:\/\/redsemlac.com\/semmexico\/wp-json\/wp\/v2\/posts\/55513\/revisions"}],"wp:featuredmedia":[{"embeddable":true,"href":"https:\/\/redsemlac.com\/semmexico\/wp-json\/wp\/v2\/media\/55514"}],"wp:attachment":[{"href":"https:\/\/redsemlac.com\/semmexico\/wp-json\/wp\/v2\/media?parent=55513"}],"wp:term":[{"taxonomy":"category","embeddable":true,"href":"https:\/\/redsemlac.com\/semmexico\/wp-json\/wp\/v2\/categories?post=55513"},{"taxonomy":"post_tag","embeddable":true,"href":"https:\/\/redsemlac.com\/semmexico\/wp-json\/wp\/v2\/tags?post=55513"}],"curies":[{"name":"wp","href":"https:\/\/api.w.org\/{rel}","templated":true}]}}