{"id":55495,"date":"2022-09-02T10:41:13","date_gmt":"2022-09-02T16:41:13","guid":{"rendered":"https:\/\/redsemlac.com\/semmexico\/?p=55495"},"modified":"2023-07-21T19:13:22","modified_gmt":"2023-07-22T00:13:22","slug":"por-los-derechos-humanos-de-los-desplazados-internos-de-la-onu-reunion-para-solicitar-aprobacion-a-la-ley-que-respondera-a-las-necesidades-de-las-victimas","status":"publish","type":"post","link":"https:\/\/redsemlac.com\/semmexico\/por-los-derechos-humanos-de-los-desplazados-internos-de-la-onu-reunion-para-solicitar-aprobacion-a-la-ley-que-respondera-a-las-necesidades-de-las-victimas\/","title":{"rendered":"Por los Derechos Humanos de los desplazados internos de la ONU, reuni\u00f3n para solicitar aprobaci\u00f3n a la Ley que responder\u00e1 a las necesidades de las v\u00edctimas"},"content":{"rendered":"\n<p class=\"wp-block-paragraph\"><strong>Redacci\u00f3n<\/strong><\/p>\n\n\n\n<p class=\"wp-block-paragraph\">SemM\u00e9xico, Ciudad de M\u00e9xico, 2 de septiembre del 2022.- La presidenta de la Comisi\u00f3n de Derechos Humanos del Senado, Kenia L\u00f3pez Rabad\u00e1n, senadoras y senadores de diversos grupos parlamentarios, se reunieron con la Relatora especial sobre los Derechos Humanos de los Desplazados Internos (REDHID) de la ONU, Cecilia Jim\u00e9nez-Damary, a solicitar se impulse la aprobaci\u00f3n de la minuta que contiene la Ley General para Prevenir, Atender y Reparar Integralmente el Desplazamiento Forzado Interno.<\/p>\n\n\n\n<p class=\"wp-block-paragraph\">L\u00f3pez Rabad\u00e1n indic\u00f3 que estima que entre 2009 y 2020 hubo 357 mil desplazados por conflictos y violencia, y s\u00f3lo entre 2020 y 2021, se calculan 37 mil desplazados en M\u00e9xico.<\/p>\n\n\n\n<p class=\"wp-block-paragraph\">Al pronunciarse frente a la Relatora especial, las y los legisladores hicieron un compromiso para solicitar a la Mesa Directiva y a las comisiones unidas de Gobernaci\u00f3n, que preside la senadora M\u00f3nica Fern\u00e1ndez Balboa; de Derechos Humanos, Kenia L\u00f3pez Rabad\u00e1n; y de Estudios Legislativos Segunda, Ana Lilia Rivera Rivera, que se apruebe la minuta de Ley General para Prevenir, Atender y Reparar Integralmente el Desplazamiento Forzado Interno, lo antes posible.<\/p>\n\n\n\n<figure class=\"wp-block-image size-large\"><a href=\"https:\/\/redsemlac.com\/semmexico\/wp-content\/uploads\/2022\/09\/senado-2.jpg\"><img decoding=\"async\" src=\"https:\/\/redsemlac.com\/semmexico\/wp-content\/uploads\/2022\/09\/senado-2-1024x810.jpg\" alt=\"\" class=\"wp-image-55496\"\/><\/a><\/figure>\n\n\n\n<p class=\"wp-block-paragraph\">L\u00f3pez Rabad\u00e1n tambi\u00e9n destac\u00f3 la importancia de sostener este tipo de reuniones para asegurar mejores condiciones para las personas que enfrentan esta situaci\u00f3n.<\/p>\n\n\n\n<p class=\"wp-block-paragraph\">La senadora panista argument\u00f3 la importancia que lleva consigo la aprobaci\u00f3n de esta nueva ley, m\u00e1s all\u00e1 de los recursos presupuestarios que se necesiten.<\/p>\n\n\n\n<p class=\"wp-block-paragraph\">En su parte, el senador Emilio \u00c1lvarez Icaza, solicit\u00f3 que la Relatora especial emita al Senado una recomendaci\u00f3n para que se agilice el proceso legislativo y se pueda generar una pol\u00edtica p\u00fablica que d\u00e9 respuesta a las necesidades de las v\u00edctimas de desplazamiento forzado interno en nuestro pa\u00eds.<\/p>\n\n\n\n<p class=\"wp-block-paragraph\">Las y los legisladores coincidieron que es necesario priorizar el tema ya que no se trata de un asunto pol\u00edtico ni de partidos, sino de vidas humanas.<\/p>\n\n\n\n<p class=\"wp-block-paragraph\">A la reuni\u00f3n tambi\u00e9n asistieron las senadoras y senadores del PAN, Gina Cruz Blackledge, Indira de Jes\u00fas Rosales San Rom\u00e1n y Jos\u00e9 Alfredo Botello Montes; por Morena, Nestora Salgado Garc\u00eda; por el Partido Verde, Graciela Gait\u00e1n D\u00edaz.<\/p>\n\n\n\n<p class=\"wp-block-paragraph\">SEM\/MG<\/p>\n","protected":false},"excerpt":{"rendered":"<p>Kenia L\u00f3pez Rabad\u00e1n, senadoras y senadores de diversos grupos parlamentarios, se reunieron con la Relatora especial sobre los Derechos Humanos de los Desplazados Internos (REDHID) de la ONU<\/p>\n","protected":false},"author":3,"featured_media":55497,"comment_status":"open","ping_status":"open","sticky":false,"template":"","format":"standard","meta":{"_monsterinsights_skip_tracking":false,"footnotes":""},"categories":[693,50],"tags":[],"class_list":["post-55495","post","type-post","status-publish","format-standard","has-post-thumbnail","category-693","category-congreso"],"_links":{"self":[{"href":"https:\/\/redsemlac.com\/semmexico\/wp-json\/wp\/v2\/posts\/55495","targetHints":{"allow":["GET"]}}],"collection":[{"href":"https:\/\/redsemlac.com\/semmexico\/wp-json\/wp\/v2\/posts"}],"about":[{"href":"https:\/\/redsemlac.com\/semmexico\/wp-json\/wp\/v2\/types\/post"}],"author":[{"embeddable":true,"href":"https:\/\/redsemlac.com\/semmexico\/wp-json\/wp\/v2\/users\/3"}],"replies":[{"embeddable":true,"href":"https:\/\/redsemlac.com\/semmexico\/wp-json\/wp\/v2\/comments?post=55495"}],"version-history":[{"count":0,"href":"https:\/\/redsemlac.com\/semmexico\/wp-json\/wp\/v2\/posts\/55495\/revisions"}],"wp:featuredmedia":[{"embeddable":true,"href":"https:\/\/redsemlac.com\/semmexico\/wp-json\/wp\/v2\/media\/55497"}],"wp:attachment":[{"href":"https:\/\/redsemlac.com\/semmexico\/wp-json\/wp\/v2\/media?parent=55495"}],"wp:term":[{"taxonomy":"category","embeddable":true,"href":"https:\/\/redsemlac.com\/semmexico\/wp-json\/wp\/v2\/categories?post=55495"},{"taxonomy":"post_tag","embeddable":true,"href":"https:\/\/redsemlac.com\/semmexico\/wp-json\/wp\/v2\/tags?post=55495"}],"curies":[{"name":"wp","href":"https:\/\/api.w.org\/{rel}","templated":true}]}}