{"id":5549,"date":"2017-09-12T01:50:31","date_gmt":"2017-09-12T01:50:31","guid":{"rendered":"https:\/\/redsemlac.com\/semmexico\/?p=5549"},"modified":"2023-07-21T14:25:15","modified_gmt":"2023-07-21T19:25:15","slug":"realizaran-foro-para-celebrar-la-declaracion-de-las-naciones-unidas-sobre-los-derechos-de-los-pueblos-indigenas","status":"publish","type":"post","link":"https:\/\/redsemlac.com\/semmexico\/realizaran-foro-para-celebrar-la-declaracion-de-las-naciones-unidas-sobre-los-derechos-de-los-pueblos-indigenas\/","title":{"rendered":"Realizar\u00e1n foro para celebrar la Declaraci\u00f3n de las Naciones Unidas sobre los Derechos de los Pueblos Ind\u00edgenas"},"content":{"rendered":"\n<p class=\"wp-block-paragraph\"><a href=\"https:\/\/www.semmexico.com\/gallery-post.php?id=2908#\">Redacci\u00f3n<\/a><\/p>\n\n\n\n<p class=\"wp-block-paragraph\">SemM\u00e9xico, Cd. de M\u00e9xico, 12 septiembre 2017.- La Comisi\u00f3n de Asuntos Ind\u00edgenas de la C\u00e1mara de Diputados buscar\u00e1 incrementar los recursos del Presupuesto de Egresos de la Federaci\u00f3n (PEF) 2018, destinados a las comunidades ind\u00edgenas, a 88 mil 104 millones de pesos (mdp), dio a conocer su presidente, diputado C\u00e1ndido Coheto Mart\u00ednez.<br><br>El legislador del PRI detall\u00f3 que debido a la reducci\u00f3n de 12.3 por ciento sufrido este a\u00f1o en el presupuesto, propondr\u00e1n \u201caumentar lo destinado a caminos, producci\u00f3n y educaci\u00f3n, entre otros rubros, que beneficien las condiciones actuales de los pueblos originarios\u201d.<br><br>Adem\u00e1s, enfatiz\u00f3 que es indispensable crear pol\u00edticas p\u00fablicas apropiadas que permitan el avance en las condiciones de vida de los pueblos ind\u00edgenas a partir de acciones autogestivas, con la intenci\u00f3n de reforzar la aplicaci\u00f3n de programas sociales que no han logrado erradicar sus carencias.<br><br>El legislador por Oaxaca indic\u00f3 que se requiere estudiar el impacto de las pol\u00edticas de desarrollo social generadas por el Estado enfocadas a combatir la condici\u00f3n de miseria en la que viven las personas ind\u00edgenas.<br><br>Por ello, dio a conocer que la Comisi\u00f3n de Asuntos Ind\u00edgenas que preside llevar\u00e1 a cabo el Foro Nacional \u201cEl Desarrollo Sostenible, Sustentable y con Identidad de los Pueblos Ind\u00edgenas\u201d, cuyo objetivo es proponer acciones que permitan propiciar un crecimiento pleno de estas comunidades, as\u00ed como garantizar su pleno goce de derechos reconocidos por la ONU y por otros instrumentos internacionales.<br><br>El evento, inform\u00f3, se realizar\u00e1 este 13 de septiembre en el Palacio Legislativo de San L\u00e1zaro, en el marco de la Conmemoraci\u00f3n del D\u00e9cimo Aniversario de la Declaraci\u00f3n de las Naciones Unidas sobre los Derechos de los Pueblos Ind\u00edgenas, aprobada por la Asamblea General de la Organizaci\u00f3n de las Naciones Unidas (ONU) en 2007, documento que expresa las garant\u00edas econ\u00f3micas, sociales, culturales y pol\u00edticas a las que deben acceder los pueblos originarios.<br><br>SEM\/am\/lr<br><br><\/p>\n","protected":false},"excerpt":{"rendered":"<p>Redacci\u00f3n SemM\u00e9xico, Cd. de M\u00e9xico, 12 septiembre 2017.- La Comisi\u00f3n de Asuntos Ind\u00edgenas de la C\u00e1mara de Diputados buscar\u00e1 incrementar los recursos del Presupuesto de Egresos de la Federaci\u00f3n (PEF) 2018, destinados a las comunidades ind\u00edgenas, a 88 mil 104 millones de pesos (mdp), dio a conocer su presidente, diputado C\u00e1ndido Coheto Mart\u00ednez. El legislador [&hellip;]<\/p>\n","protected":false},"author":3,"featured_media":5550,"comment_status":"open","ping_status":"open","sticky":false,"template":"","format":"standard","meta":{"_monsterinsights_skip_tracking":false,"footnotes":""},"categories":[687,50],"tags":[],"class_list":["post-5549","post","type-post","status-publish","format-standard","has-post-thumbnail","category-687","category-congreso"],"_links":{"self":[{"href":"https:\/\/redsemlac.com\/semmexico\/wp-json\/wp\/v2\/posts\/5549","targetHints":{"allow":["GET"]}}],"collection":[{"href":"https:\/\/redsemlac.com\/semmexico\/wp-json\/wp\/v2\/posts"}],"about":[{"href":"https:\/\/redsemlac.com\/semmexico\/wp-json\/wp\/v2\/types\/post"}],"author":[{"embeddable":true,"href":"https:\/\/redsemlac.com\/semmexico\/wp-json\/wp\/v2\/users\/3"}],"replies":[{"embeddable":true,"href":"https:\/\/redsemlac.com\/semmexico\/wp-json\/wp\/v2\/comments?post=5549"}],"version-history":[{"count":0,"href":"https:\/\/redsemlac.com\/semmexico\/wp-json\/wp\/v2\/posts\/5549\/revisions"}],"wp:featuredmedia":[{"embeddable":true,"href":"https:\/\/redsemlac.com\/semmexico\/wp-json\/wp\/v2\/media\/5550"}],"wp:attachment":[{"href":"https:\/\/redsemlac.com\/semmexico\/wp-json\/wp\/v2\/media?parent=5549"}],"wp:term":[{"taxonomy":"category","embeddable":true,"href":"https:\/\/redsemlac.com\/semmexico\/wp-json\/wp\/v2\/categories?post=5549"},{"taxonomy":"post_tag","embeddable":true,"href":"https:\/\/redsemlac.com\/semmexico\/wp-json\/wp\/v2\/tags?post=5549"}],"curies":[{"name":"wp","href":"https:\/\/api.w.org\/{rel}","templated":true}]}}