{"id":5546,"date":"2017-09-12T01:48:27","date_gmt":"2017-09-12T01:48:27","guid":{"rendered":"https:\/\/redsemlac.com\/semmexico\/?p=5546"},"modified":"2023-07-21T14:25:15","modified_gmt":"2023-07-21T19:25:15","slug":"el-presupuesto-asignado-no-permite-la-operacion-del-mecanismo-de-proteccion-hasta-fines-de-2017","status":"publish","type":"post","link":"https:\/\/redsemlac.com\/semmexico\/el-presupuesto-asignado-no-permite-la-operacion-del-mecanismo-de-proteccion-hasta-fines-de-2017\/","title":{"rendered":"El presupuesto asignado no permite la operaci\u00f3n del Mecanismo de Protecci\u00f3n hasta fines de 2017"},"content":{"rendered":"\n<p class=\"wp-block-paragraph\"><a href=\"https:\/\/www.semmexico.com\/gallery-post.php?id=2916#\">Redacci\u00f3n<\/a><\/p>\n\n\n\n<p class=\"wp-block-paragraph\">SemM\u00e9xico, Cd. de M\u00e9xico, 12 septiembre 2017.- La diputada Brenda Vel\u00e1zquez Valdez, presidenta de la Comisi\u00f3n Especial para dar Seguimiento a las Agresiones a Periodistas y Medios de Comunicaci\u00f3n, urgi\u00f3 al gobierno federal a aumentar 100 millones de pesos el presupuesto destinado en 2018 para proteger la vida de periodistas y personas defensoras de derechos humanos.<br><br>La legisladora del grupo parlamentario del PAN afirm\u00f3 que resultan insuficientes los 200 millones de pesos (mdp) asignados para ese prop\u00f3sito en el Proyecto de Presupuesto de Egresos de la Federaci\u00f3n enviado por el Ejecutivo federal el pasado 8 de septiembre, y reiter\u00f3 que el \u201cFondo para la Protecci\u00f3n a Personas Defensoras de Derechos Humanos y Periodistas\u201d<br>requiere una mayor cantidad de recursos para ejercer el pr\u00f3ximo a\u00f1o.<br><br>Vel\u00e1zquez Valdez explic\u00f3 que para el presente ejercicio fiscal este Fondo contaba con 180 millones de pesos, con lo que se podr\u00edan sostener las 509 medidas hasta agosto de 2017, pero eran necesarios 80 millones adicionales para concluir el a\u00f1o fiscal.<br><br>Destac\u00f3 que esta partida no permiti\u00f3 la adecuada operaci\u00f3n del Mecanismo de Protecci\u00f3n y las medidas que otorga a periodistas y defensores de derechos humanos en situaci\u00f3n de riesgo, lo cual \u201cfue informado por la titular de ese Mecanismo en la reuni\u00f3n que sostuvo con la Comisi\u00f3n Especial el pasado 6 de abril\u201d.<br><br>Ante ese contexto, record\u00f3 que el pasado 20 de abril present\u00f3 un punto de acuerdo para exhortar a la Secretar\u00eda de Hacienda y Cr\u00e9dito P\u00fablico (SHCP), a fin de que se asignaran los recursos financieros necesarios para continuar la implementaci\u00f3n de las medidas de protecci\u00f3n durante 2017.<br><br>Despu\u00e9s de esta solicitud en el mes de julio, la Secretar\u00eda de Gobernaci\u00f3n anunci\u00f3 que se hab\u00edan gestionado los recursos necesarios para continuar con la operaci\u00f3n del Mecanismo de Protecci\u00f3n ante la SHCP.<br><br>La diputada Brenda Vel\u00e1zquez recalc\u00f3 que es fundamental la suficiente asignaci\u00f3n de recursos, ya que M\u00e9xico \u201catraviesa por una grave crisis de violencia en contra de la libertad de expresi\u00f3n, como lo demuestran los 14 homicidios de periodistas de diciembre de 2016 a la fecha, varios de ellos bajo la protecci\u00f3n del Mecanismo\u201d.<br><br>Al afirmar que la violencia contra periodistas es algo que \u201cel gobierno federal sigue minimizando\u201d, puntualiz\u00f3 que es obligaci\u00f3n del Estado mexicano garantizar la vida, seguridad e integridad de los periodistas y defensores de derechos humanos, as\u00ed como el libre ejercicio de la labor period\u00edstica.<br><br>SEM\/am\/lr<\/p>\n","protected":false},"excerpt":{"rendered":"<p>Redacci\u00f3n SemM\u00e9xico, Cd. de M\u00e9xico, 12 septiembre 2017.- La diputada Brenda Vel\u00e1zquez Valdez, presidenta de la Comisi\u00f3n Especial para dar Seguimiento a las Agresiones a Periodistas y Medios de Comunicaci\u00f3n, urgi\u00f3 al gobierno federal a aumentar 100 millones de pesos el presupuesto destinado en 2018 para proteger la vida de periodistas y personas defensoras de [&hellip;]<\/p>\n","protected":false},"author":3,"featured_media":5547,"comment_status":"open","ping_status":"open","sticky":false,"template":"","format":"standard","meta":{"_monsterinsights_skip_tracking":false,"footnotes":""},"categories":[687,50],"tags":[],"class_list":["post-5546","post","type-post","status-publish","format-standard","has-post-thumbnail","category-687","category-congreso"],"_links":{"self":[{"href":"https:\/\/redsemlac.com\/semmexico\/wp-json\/wp\/v2\/posts\/5546","targetHints":{"allow":["GET"]}}],"collection":[{"href":"https:\/\/redsemlac.com\/semmexico\/wp-json\/wp\/v2\/posts"}],"about":[{"href":"https:\/\/redsemlac.com\/semmexico\/wp-json\/wp\/v2\/types\/post"}],"author":[{"embeddable":true,"href":"https:\/\/redsemlac.com\/semmexico\/wp-json\/wp\/v2\/users\/3"}],"replies":[{"embeddable":true,"href":"https:\/\/redsemlac.com\/semmexico\/wp-json\/wp\/v2\/comments?post=5546"}],"version-history":[{"count":0,"href":"https:\/\/redsemlac.com\/semmexico\/wp-json\/wp\/v2\/posts\/5546\/revisions"}],"wp:featuredmedia":[{"embeddable":true,"href":"https:\/\/redsemlac.com\/semmexico\/wp-json\/wp\/v2\/media\/5547"}],"wp:attachment":[{"href":"https:\/\/redsemlac.com\/semmexico\/wp-json\/wp\/v2\/media?parent=5546"}],"wp:term":[{"taxonomy":"category","embeddable":true,"href":"https:\/\/redsemlac.com\/semmexico\/wp-json\/wp\/v2\/categories?post=5546"},{"taxonomy":"post_tag","embeddable":true,"href":"https:\/\/redsemlac.com\/semmexico\/wp-json\/wp\/v2\/tags?post=5546"}],"curies":[{"name":"wp","href":"https:\/\/api.w.org\/{rel}","templated":true}]}}